{"id":1094,"date":"2023-10-05T22:50:26","date_gmt":"2023-10-06T03:50:26","guid":{"rendered":"https:\/\/www.uv.mx\/personal\/dserna\/?p=1094"},"modified":"2026-04-16T15:48:20","modified_gmt":"2026-04-16T20:48:20","slug":"musica-quintanarroense","status":"publish","type":"post","link":"https:\/\/www.uv.mx\/personal\/dserna\/2023\/10\/05\/musica-quintanarroense\/","title":{"rendered":"M\u00fasica Quintanarroense"},"content":{"rendered":"<p><img decoding=\"async\" class=\"alignnone size-full\" src=\"https:\/\/www.geocities.ws\/iqc_dipm\/cancionero1.jpg\" width=\"25%\" height=\"\" \/> \u00a0<a href=\"https:\/\/www.uv.mx\/personal\/dserna\/files\/2026\/04\/cancionero-cantar-bajo-tu-cielo-ano1-num2-2002.pdf\" target=\"_blank\" rel=\"noopener\"><img decoding=\"async\" class=\"alignnone size-full\" src=\"https:\/\/www.geocities.ws\/iqc_dipm\/cancionero2.jpg\" width=\"25%\" height=\"\" \/><\/a>\u00a0<a href=\"https:\/\/www.uv.mx\/personal\/dserna\/files\/2026\/04\/cancionero-cantar-bajo-tu-cielo-ano2-num3-2003.pdf\" target=\"_blank\" rel=\"noopener\"><img decoding=\"async\" class=\"alignnone size-full\" src=\"https:\/\/www.geocities.ws\/iqc_dipm\/portada3.jpg\" width=\"25%\" height=\"\" \/><\/a> <a href=\"https:\/\/www.uv.mx\/personal\/dserna\/files\/2026\/04\/cancionero-cantar-bajo-tu-cielo-ano3-num4-2004.pdf\" target=\"_blank\" rel=\"noopener\"><img decoding=\"async\" class=\"alignnone size-full wp-image-1336\" src=\"https:\/\/www.uv.mx\/personal\/dserna\/files\/2026\/04\/portada4.jpg\" alt=\"\" width=\"25%\" height=\"\" srcset=\"https:\/\/www.uv.mx\/personal\/dserna\/files\/2026\/04\/portada4.jpg 527w, https:\/\/www.uv.mx\/personal\/dserna\/files\/2026\/04\/portada4-228x300.jpg 228w, https:\/\/www.uv.mx\/personal\/dserna\/files\/2026\/04\/portada4-81x107.jpg 81w\" sizes=\"(max-width: 527px) 100vw, 527px\" \/><\/a><\/p>\n<p>En este apartado podr\u00e1s consultar parte del acervo digital, rescatado del extinto <a href=\"https:\/\/www.geocities.ws\/iqc_dipm\/Principal.html\" target=\"_blank\" rel=\"noopener\">Departamento de Investigaci\u00f3n y Promoci\u00f3n Musical<\/a>, del Instituto Quintanarroense de la Cultura. Los enlaces redirigen a distintos portales y repositorios.<\/p>\n<ul>\n<li>Cancionero \u00abCantar bajo tu cielo\u00bb, A\u00f1o 1\n<ul>\n<li>N\u00famero 1, <a href=\"https:\/\/www.uv.mx\/personal\/dserna\/files\/2026\/04\/cancionero-cantar-bajo-tu-cielo-ano1-num2-2002.pdf\" target=\"_blank\" rel=\"noopener\">N\u00famero 2<\/a>, <a href=\"https:\/\/www.uv.mx\/personal\/dserna\/files\/2026\/04\/cancionero-cantar-bajo-tu-cielo-ano2-num3-2003.pdf\" target=\"_blank\" rel=\"noopener\">N\u00famero 3<\/a>, <a href=\"https:\/\/www.uv.mx\/personal\/dserna\/files\/2026\/04\/cancionero-cantar-bajo-tu-cielo-ano3-num4-2004.pdf\" target=\"_blank\" rel=\"noopener\">N\u00famero 4<\/a><\/li>\n<\/ul>\n<\/li>\n<li>Partituras y guiones mel\u00f3dicos\n<ul>\n<li>Ricardo Ceratto\n<ul>\n<li><a href=\"https:\/\/musescore.com\/user\/29076947\/scores\/12368221\" target=\"_blank\" rel=\"noopener\">Su\u00e9\u00f1ame Quintana Roo<\/a><\/li>\n<\/ul>\n<\/li>\n<li>Sa\u00fal de Le\u00f3n Ross\n<ul>\n<li><a href=\"https:\/\/musescore.com\/user\/29076947\/scores\/12424108\" target=\"_blank\" rel=\"noopener\">Por ti Canc\u00fan<\/a><\/li>\n<\/ul>\n<\/li>\n<li>Carlos G\u00f3mez Barrera\n<ul>\n<li>Leyenda de Chetumal<\/li>\n<\/ul>\n<\/li>\n<\/ul>\n<\/li>\n<\/ul>\n<p>(P\u00e1gina en construcci\u00f3n)<\/p>\n<p><strong>Dudas y sugerencias:<\/strong><br \/>\ndserna@uv.mx<\/p>\n<ul>\n<li><a href=\"https:\/\/www.uv.mx\/personal\/dserna\/2023\/10\/05\/adscripcion\/\">Adscripci\u00f3n<\/a><\/li>\n<li><a href=\"https:\/\/www.uv.mx\/personal\/dserna\/inicio\/formacion\/\">Curr\u00edculum extenso<\/a><\/li>\n<li><a href=\"https:\/\/www.uv.mx\/personal\/dserna\/inicio\/formacion\/curriculum-alterno\/\">Curr\u00edculum alterno<\/a><\/li>\n<li><a href=\"https:\/\/www.uv.mx\/personal\/dserna\/2023\/10\/05\/materias-impartidas\/\">Materias impartidas<\/a><\/li>\n<li><a href=\"https:\/\/www.uv.mx\/personal\/dserna\/inicio\/ejemplos-de-trabajos-aplicaciones-de-tecnologias-de-informacion-y-la-comunicacion-en-la-musica\/\">Ejemplos de trabajos: Aplicaciones de TIC en la M\u00fasica<\/a><\/li>\n<li><a href=\"https:\/\/www.uv.mx\/personal\/dserna\/2023\/10\/05\/publicaciones-ponencias-y-participaciones-en-congresos\/\">Publicaciones, ponencias y participaciones en congresos<\/a><\/li>\n<li><a href=\"https:\/\/www.uv.mx\/personal\/dserna\/2023\/10\/05\/trabajos-recepcionales-dirigidos\/\">Trabajos recepcionales dirigidos<\/a><\/li>\n<li><a href=\"https:\/\/www.uv.mx\/personal\/dserna\/2016\/03\/03\/galeria-de-videos\/\">Galer\u00eda de videos<\/a><\/li>\n<li><a href=\"https:\/\/www.uv.mx\/personal\/dserna\/2023\/10\/05\/musica-quintanarroense\/\">M\u00fasica Quintanarroense<\/a><\/li>\n<\/ul>\n","protected":false},"excerpt":{"rendered":"<p>\u00a0\u00a0 En este apartado podr\u00e1s consultar parte del acervo digital, rescatado del extinto Departamento de Investigaci\u00f3n y Promoci\u00f3n Musical, del Instituto Quintanarroense de la Cultura. Los enlaces redirigen a distintos portales y repositorios. Cancionero \u00abCantar bajo tu cielo\u00bb, A\u00f1o 1 N\u00famero 1, N\u00famero 2, N\u00famero 3, N\u00famero 4 Partituras y guiones mel\u00f3dicos Ricardo Ceratto Su\u00e9\u00f1ame&#8230;<\/p>\n","protected":false},"author":341,"featured_media":0,"comment_status":"closed","ping_status":"closed","sticky":false,"template":"","format":"standard","meta":{"footnotes":""},"categories":[4],"tags":[],"class_list":["post-1094","post","type-post","status-publish","format-standard","hentry","category-entradas"],"_links":{"self":[{"href":"https:\/\/www.uv.mx\/personal\/dserna\/wp-json\/wp\/v2\/posts\/1094","targetHints":{"allow":["GET"]}}],"collection":[{"href":"https:\/\/www.uv.mx\/personal\/dserna\/wp-json\/wp\/v2\/posts"}],"about":[{"href":"https:\/\/www.uv.mx\/personal\/dserna\/wp-json\/wp\/v2\/types\/post"}],"author":[{"embeddable":true,"href":"https:\/\/www.uv.mx\/personal\/dserna\/wp-json\/wp\/v2\/users\/341"}],"replies":[{"embeddable":true,"href":"https:\/\/www.uv.mx\/personal\/dserna\/wp-json\/wp\/v2\/comments?post=1094"}],"version-history":[{"count":2,"href":"https:\/\/www.uv.mx\/personal\/dserna\/wp-json\/wp\/v2\/posts\/1094\/revisions"}],"predecessor-version":[{"id":1338,"href":"https:\/\/www.uv.mx\/personal\/dserna\/wp-json\/wp\/v2\/posts\/1094\/revisions\/1338"}],"wp:attachment":[{"href":"https:\/\/www.uv.mx\/personal\/dserna\/wp-json\/wp\/v2\/media?parent=1094"}],"wp:term":[{"taxonomy":"category","embeddable":true,"href":"https:\/\/www.uv.mx\/personal\/dserna\/wp-json\/wp\/v2\/categories?post=1094"},{"taxonomy":"post_tag","embeddable":true,"href":"https:\/\/www.uv.mx\/personal\/dserna\/wp-json\/wp\/v2\/tags?post=1094"}],"curies":[{"name":"wp","href":"https:\/\/api.w.org\/{rel}","templated":true}]}}