{"id":1068,"date":"2023-10-05T22:11:53","date_gmt":"2023-10-06T03:11:53","guid":{"rendered":"https:\/\/www.uv.mx\/personal\/dserna\/?p=1068"},"modified":"2025-11-18T22:04:33","modified_gmt":"2025-11-19T04:04:33","slug":"adscripcion","status":"publish","type":"post","link":"https:\/\/www.uv.mx\/personal\/dserna\/2023\/10\/05\/adscripcion\/","title":{"rendered":"Adscripci\u00f3n"},"content":{"rendered":"<ul>\n<li><strong>Tipo de contrataci\u00f3n<\/strong>: Acad\u00e9mico<\/li>\n<li><strong>Cuerpo Acad\u00e9mico<\/strong>:\n<ul>\n<li>(2013-2018) Colaborador- Redes para el desarrollo, cultura, ciencia y tecnolog\u00eda en transdisciplinariedad (UV-CA-311)<\/li>\n<li>(2019-) Integrante y Coordinador &#8211; <a href=\"https:\/\/www.uv.mx\/teatro\/cuerpos-academicos\/ca-inter-y-transdisciplinariedad-en-las-artes-escenicas\/\" target=\"_blank\" rel=\"noopener\"><strong>Inter y Transdiciplinariedad en las artes esc\u00e9nicas<\/strong> (UV-CA-524)<\/a>.<\/li>\n<\/ul>\n<\/li>\n<li><strong>Reconocimientos:<\/strong> Perfil Deseable PRODEP 2016-2019, UPES2020, Perfil deseable PRODEP 2021-2024, Consejero Maestro de la <a href=\"https:\/\/www.uv.mx\/musica\" target=\"_blank\" rel=\"noopener\">Facultad de M\u00fasica UV<\/a> (fecha de elecci\u00f3n 24 octubre 2022), <a href=\"https:\/\/www.uv.mx\/personal\/dserna\/files\/2022\/12\/candidato-sni-dserna-2023-2026.pdf\" target=\"_blank\" rel=\"noopener\">Candidato a Investigador Nacional 2023-2026<\/a> del <a href=\"https:\/\/conacyt.mx\/sistema-nacional-de-investigadores\/\" target=\"_blank\" rel=\"noopener\">Sistema Nacional de Investigadores del CONACyT<\/a><\/li>\n<li><strong>Otras adscripciones<\/strong>: <a href=\"https:\/\/desarrolloacademico.unison.mx\/uploads\/ciees\/346_URC_57_b74_DI_LMU_URC_CIEES_15.pdf\">Evaluador<\/a> invitado en el Comit\u00e9 de Artes, Educaci\u00f3n y Humanidades \u00a0de los Comit\u00e9s Interinstitucionales para la Evaluaci\u00f3n de la Educaci\u00f3n Superior (<a href=\"http:\/\/www.ciees.edu.mx\/\">CIEES<\/a>)<a href=\"http:\/\/www.uson.mx\/noticias\/default.php?id=18878\">,<\/a> miembro de la Comunidad Artes, Humanidades y Ciencias sociales de las Comunidades Digitales para el Aprendizaje en la Educaci\u00f3n Superior (<a href=\"https:\/\/www.codaes.mx\/cursos\/66\/ver\/\">CODAES<\/a>), miembro permanente de la Red Nacional de Educaci\u00f3n e Investigaci\u00f3n Art\u00edsticas (<a href=\"https:\/\/rediartes.inba.gob.mx\/\" target=\"_blank\" rel=\"noopener\">REDIARTES<\/a>) y hasta mayo de 2021, miembro del Sub Comit\u00e9 Tecnol\u00f3gico del <a href=\"https:\/\/www.uv.mx\/prensa\/general\/uv-instalo-consejo-consultivo-para-la-consolidacion-de-la-educacion-en-linea\/\">Consejo Consultivo de la Educaci\u00f3n en L\u00ednea<\/a> de la Universidad Veracruzana.<\/li>\n<\/ul>\n<ul>\n<li style=\"list-style-type: none\">\n<ul>\n<li><a href=\"https:\/\/www.uv.mx\/personal\/dserna\/2023\/10\/05\/adscripcion\/\">Adscripci\u00f3n<\/a><\/li>\n<li><a href=\"https:\/\/www.uv.mx\/personal\/dserna\/inicio\/formacion\/\">Curr\u00edculum extenso<\/a><\/li>\n<li><a href=\"https:\/\/www.uv.mx\/personal\/dserna\/inicio\/formacion\/curriculum-alterno\/\">Curr\u00edculum alterno<\/a><\/li>\n<li><a href=\"https:\/\/www.uv.mx\/personal\/dserna\/2023\/10\/05\/materias-impartidas\/\">Materias impartidas<\/a><\/li>\n<li><a href=\"https:\/\/www.uv.mx\/personal\/dserna\/inicio\/ejemplos-de-trabajos-aplicaciones-de-tecnologias-de-informacion-y-la-comunicacion-en-la-musica\/\">Ejemplos de trabajos: Aplicaciones de TIC en la M\u00fasica<\/a><\/li>\n<li><a href=\"https:\/\/www.uv.mx\/personal\/dserna\/2023\/10\/05\/publicaciones-ponencias-y-participaciones-en-congresos\/\">Publicaciones, ponencias y participaciones en congresos<\/a><\/li>\n<li><a href=\"https:\/\/www.uv.mx\/personal\/dserna\/2023\/10\/05\/trabajos-recepcionales-dirigidos\/\">Trabajos recepcionales dirigidos<\/a><\/li>\n<li><a href=\"https:\/\/www.uv.mx\/personal\/dserna\/2016\/03\/03\/galeria-de-videos\/\">Galer\u00eda de videos<\/a><\/li>\n<li><a href=\"https:\/\/www.uv.mx\/personal\/dserna\/2023\/10\/05\/musica-quintanarroense\/\">M\u00fasica Quintanarroense<\/a><\/li>\n<\/ul>\n<\/li>\n<\/ul>\n","protected":false},"excerpt":{"rendered":"<p>Tipo de contrataci\u00f3n: Acad\u00e9mico Cuerpo Acad\u00e9mico: (2013-2018) Colaborador- Redes para el desarrollo, cultura, ciencia y tecnolog\u00eda en transdisciplinariedad (UV-CA-311) (2019-) Integrante y Coordinador &#8211; Inter y Transdiciplinariedad en las artes esc\u00e9nicas (UV-CA-524). Reconocimientos: Perfil Deseable PRODEP 2016-2019, UPES2020, Perfil deseable PRODEP 2021-2024, Consejero Maestro de la Facultad de M\u00fasica UV (fecha de elecci\u00f3n 24 octubre&#8230;<\/p>\n","protected":false},"author":341,"featured_media":0,"comment_status":"closed","ping_status":"closed","sticky":false,"template":"","format":"standard","meta":{"footnotes":""},"categories":[4],"tags":[],"class_list":["post-1068","post","type-post","status-publish","format-standard","hentry","category-entradas"],"_links":{"self":[{"href":"https:\/\/www.uv.mx\/personal\/dserna\/wp-json\/wp\/v2\/posts\/1068","targetHints":{"allow":["GET"]}}],"collection":[{"href":"https:\/\/www.uv.mx\/personal\/dserna\/wp-json\/wp\/v2\/posts"}],"about":[{"href":"https:\/\/www.uv.mx\/personal\/dserna\/wp-json\/wp\/v2\/types\/post"}],"author":[{"embeddable":true,"href":"https:\/\/www.uv.mx\/personal\/dserna\/wp-json\/wp\/v2\/users\/341"}],"replies":[{"embeddable":true,"href":"https:\/\/www.uv.mx\/personal\/dserna\/wp-json\/wp\/v2\/comments?post=1068"}],"version-history":[{"count":1,"href":"https:\/\/www.uv.mx\/personal\/dserna\/wp-json\/wp\/v2\/posts\/1068\/revisions"}],"predecessor-version":[{"id":1280,"href":"https:\/\/www.uv.mx\/personal\/dserna\/wp-json\/wp\/v2\/posts\/1068\/revisions\/1280"}],"wp:attachment":[{"href":"https:\/\/www.uv.mx\/personal\/dserna\/wp-json\/wp\/v2\/media?parent=1068"}],"wp:term":[{"taxonomy":"category","embeddable":true,"href":"https:\/\/www.uv.mx\/personal\/dserna\/wp-json\/wp\/v2\/categories?post=1068"},{"taxonomy":"post_tag","embeddable":true,"href":"https:\/\/www.uv.mx\/personal\/dserna\/wp-json\/wp\/v2\/tags?post=1068"}],"curies":[{"name":"wp","href":"https:\/\/api.w.org\/{rel}","templated":true}]}}