{"id":1060,"date":"2023-10-05T22:08:09","date_gmt":"2023-10-06T03:08:09","guid":{"rendered":"https:\/\/www.uv.mx\/personal\/dserna\/?p=1060"},"modified":"2026-08-25T13:00:12","modified_gmt":"2026-08-25T19:00:12","slug":"trabajos-recepcionales-dirigidos","status":"publish","type":"post","link":"https:\/\/www.uv.mx\/personal\/dserna\/2023\/10\/05\/trabajos-recepcionales-dirigidos\/","title":{"rendered":"Trabajos recepcionales dirigidos"},"content":{"rendered":"<p><a href=\"http:\/\/www.uv.mx\/personal\/dserna\/files\/2019\/01\/16402911_762245043926199_3374299573547120680_o.jpg\"><img decoding=\"async\" class=\"alignnone size-full wp-image-705\" src=\"http:\/\/www.uv.mx\/personal\/dserna\/files\/2019\/01\/16402911_762245043926199_3374299573547120680_o.jpg\" alt=\"\" width=\"100%\" height=\"\" srcset=\"https:\/\/www.uv.mx\/personal\/dserna\/files\/2019\/01\/16402911_762245043926199_3374299573547120680_o.jpg 2250w, https:\/\/www.uv.mx\/personal\/dserna\/files\/2019\/01\/16402911_762245043926199_3374299573547120680_o-300x120.jpg 300w, https:\/\/www.uv.mx\/personal\/dserna\/files\/2019\/01\/16402911_762245043926199_3374299573547120680_o-768x307.jpg 768w, https:\/\/www.uv.mx\/personal\/dserna\/files\/2019\/01\/16402911_762245043926199_3374299573547120680_o-1024x410.jpg 1024w\" sizes=\"(max-width: 2250px) 100vw, 2250px\" \/><\/a><\/p>\n<p><strong>Doctorado<\/strong>:<\/p>\n<ul>\n<li>08\/02\/2020. \u201cRescate de la creaci\u00f3n y criterios musicales: vida, obra, vivencias y logros de algunos m\u00fasicos e instituciones del M\u00e9xico de anta\u00f1o a finales del siglo XIX y principios del XX\u201d. Monograf\u00eda para acreditar la equivalencia de grado. Jos\u00e9 Arias Luna.<\/li>\n<\/ul>\n<p><strong>Maestr\u00eda<\/strong>:<\/p>\n<ul>\n<li>30\/01\/2025. \u201cEl guitarrista sentipensante: propuesta de me\u0301todo dida\u0301ctico basado en la educacio\u0301n soma\u0301tica\u201d. Tesis de grado. Maestr\u00eda en Pedagog\u00eda de las Artes. Hugo Enrique S\u00e1nchez L\u00f3pez<\/li>\n<li>30\/01\/2025. \u201cPropuesta did\u00e1ctica enfocada a la pr\u00e1ctica para el desarrollo de habilidades auditivas, en ni\u00f1os de 7 y 8 a\u00f1os \u00a0pertenecientes al Centro de Iniciaci\u00f3n Musical Infantil (CIMI) de la Universidad Veracruzana, regi\u00f3n Xalapa\u201d Tesis de grado. Maestr\u00eda en Pedagog\u00eda de las Artes. Rodrigo Bola\u00f1os Herrera<\/li>\n<li>25\/01\/2025. \u201c<span class=\"NormalTextRun SCXW39104991 BCX0\" data-ccp-charstyle=\"T\u00edtulo del trabajo Car\">Una pedagog\u00eda viva para un instrumento vivo. <\/span><span class=\"NormalTextRun SCXW39104991 BCX0\" data-ccp-charstyle=\"T\u00edtulo del trabajo Car\">P<\/span><span class=\"NormalTextRun SCXW39104991 BCX0\" data-ccp-charstyle=\"T\u00edtulo del trabajo Car\">ropuesta educativa para abordar <\/span><span class=\"NormalTextRun SCXW39104991 BCX0\" data-ccp-charstyle=\"T\u00edtulo del trabajo Car\">la educaci\u00f3n <\/span><span class=\"NormalTextRun SCXW39104991 BCX0\" data-ccp-charstyle=\"T\u00edtulo del trabajo Car\">vocal<\/span> <span class=\"NormalTextRun SCXW39104991 BCX0\" data-ccp-charstyle=\"T\u00edtulo del trabajo Car\">desde un enfoque pedag\u00f3gico\u201d. Tesis de grado con Menci\u00f3n Honor\u00edfica. Maestr\u00eda en Pedagog\u00eda de las Artes UV (escolarizado). Ana Bertha Cayetano Casta\u00f1eda. <a href=\"https:\/\/cdigital.uv.mx\/handle\/1944\/53345\" target=\"_blank\" rel=\"noopener\">https:\/\/cdigital.uv.mx\/handle\/1944\/53345<\/a>\u00a0<\/span><\/li>\n<li>11\/11\/2024. \u201cLa educaci\u00f3n musical como estrategia pedag\u00f3gica para el desarrollo integral en preescolar\u201d. Tesis de grado. Maestr\u00eda en Pedagog\u00eda de las Artes UV (escolarizado). Jos\u00e9 Esteban Garc\u00eda Tovar.<\/li>\n<li>16\/02\/2024.\u201cLa m\u00fasica como propuesta de bienestar al adulto mayor dentro de la Ciudad del Anciano del Estado de Durango\u201d.\u00a0 Tesis de grado. Maestr\u00eda en Pedagog\u00eda de las Artes UV (virtual). Mar\u00eda de Lourdes Luna L\u00f3pez.<\/li>\n<li>18\/10\/2021. \u201cEducaci\u00f3n musical para el s. XXI: Implementaci\u00f3n de curso de solfeo en Eminus 4 en el Centro de Iniciaci\u00f3n Musical Infantil Xalapa\u201d. Tesis de grado con menci\u00f3n honor\u00edfica. Maestr\u00eda de Pedagog\u00eda de las Artes. Fabiola Rosendo Vignola.<\/li>\n<\/ul>\n<p><strong>Licenciatura<\/strong>:<\/p>\n<ul>\n<li>24\/08\/2026. \u201cGesti\u00f3n cultural sostenible para la Licenciatura en Educaci\u00f3n Musical de la Universidad Veracruzana: competencias de planificaci\u00f3n, organizaci\u00f3n, ejecuci\u00f3n y evaluaci\u00f3n de proyectos musicales en estudiantes\u201d. Proyecto de Innovaci\u00f3n Pedag\u00f3gica. Frida Isis Gonz\u00e1lez Romero. Licenciatura en Educaci\u00f3n Musical<\/li>\n<li>30\/06\/2026. \u201c<em>Crescendo<\/em> con la m\u00fasica: Dise\u00f1o de una aplicaci\u00f3n digital como apoyo al aprendizaje del lenguaje musical en ni\u00f1os de seis a\u00f1os\u201d. Proyecto de Innovaci\u00f3n Pedag\u00f3gica. Karla Denisse Rojas Ruiz. Licenciatura en Educaci\u00f3n Musical<\/li>\n<li>30\/04\/2025. \u201cEl mariachi como experiencia educativa en la Facultad de M\u00fasica de la Universidad Veracruzana\u201d. Proyecto de Innovaci\u00f3n Pedag\u00f3gica. Gaspar Jim\u00e9nez Blanco. Licenciatura en Educaci\u00f3n Musical.<\/li>\n<li>14\/02\/2025. \u201cSituaci\u00f3n Laboral y opiniones de Educadores Musicales egresados de la Universidad Veracruzana con plan de 2008\u201d. Tesis con Menci\u00f3n Honor\u00edfica. Divany Aileen Cardel Ortiz. Licenciatura en Educaci\u00f3n Musical.<\/li>\n<li>12\/02\/2025. \u201c\u200b\u200bLa Educaci\u00f3n Musical aplicada al grupo de 4\u00ba grado de primaria en el Instituto Villa de Cort\u00e9s Xalapa durante el ciclo escolar 2018-2019\u200b\u201d. Memoria con Menci\u00f3n Honor\u00edfica. Karym V\u00e1squez Cervantes. Licenciatura en Educaci\u00f3n Musical.<\/li>\n<li>07\/02\/2025. \u201cLa guitarra en la m\u00fasica popular mexicana como herramienta de aprendizaje en la iniciaci\u00f3n musical\u201d. Proyecto de Innovaci\u00f3n Pedag\u00f3gica. Jos\u00e9 Hern\u00e1ndez Mart\u00ednez. Licenciatura en Educaci\u00f3n Musical.<\/li>\n<li>31\/01\/2025. \u201cLa pr\u00e1ctica coral como herramienta de transformaci\u00f3n social en la educaci\u00f3n musical para los ni\u00f1os de la casa de cultura del municipio de Soledad de doblado, Veracruz\u201d. Monograf\u00eda. Isaac J\u00e1come Nava. Licenciatura en Educaci\u00f3n Musical.<\/li>\n<li>31\/01\/2025. \u201cEducaci\u00f3n musical a ni\u00f1os de tercer grado de prescolar de la escuela Juan de la Barrera de la colonia Antorchista en la ciudad de C\u00f3rdoba, Ver.\u201d. Memoria. Pablo Benito Aquino. Licenciatura en Educaci\u00f3n Musical.<\/li>\n<li>30\/01\/2025. \u201cTaller de iniciaci\u00f3n musical a trav\u00e9s del hip\u2010 hop en una escuela secundaria de Tatatila, Veracruz en 2024\u201d. Memoria. Julia Negrete Espinosa. Licenciatura en Educaci\u00f3n Musical.<\/li>\n<li>28\/01\/2025. \u201cEstrategias de ense\u00f1anza para mejorar el proceso de ensayo de la Big Band del Centro de Estudios de JazzUV\u201d. Tesina. Itzel Guadalupe Dom\u00ednguez Torres. Licenciatura en Educaci\u00f3n Musical.<\/li>\n<li>03\/09\/2024. \u201cEl impacto de la agrupaci\u00f3n musical Xalli Big Band como parte de la formaci\u00f3n del educador musical\u201d. Memoria. Michel Tadeo L\u00f3pez. Licenciatura en Educaci\u00f3n Musical.<\/li>\n<li>03\/09\/2024. \u201cM\u00e9todo de ense\u00f1anza de la jarana jarocha \u200ben la ciudad de Xalapa, Veracruz\u201d\u200b. Proyecto de innovaci\u00f3n pedag\u00f3gica. Jorge Adri\u00e1n Aburto Rubio. Licenciatura en Educaci\u00f3n Musical. <a href=\"https:\/\/rilic.uv.mx\/items\/d97d64a9-1c32-4358-a264-92fe43175769\" target=\"_blank\" rel=\"noopener\">https:\/\/rilic.uv.mx\/items\/d97d64a9-1c32-4358-a264-92fe43175769<\/a><\/li>\n<li>03\/09\/2024. \u201c<a href=\"https:\/\/uvmx-my.sharepoint.com\/:w:\/r\/personal\/zs19012905_estudiantes_uv_mx\/Documents\/Trabajo%20recepcional%20-%20G%C3%B3mez%20Castellanos%20Edgar.docx?d=w5ecfb2eed26440a39e1b21071ee21201&amp;e=4%3a0d158c9404704d719a1e1e6d704e7136&amp;at=9\" target=\"_blank\" rel=\"noopener\">Pilotaje del Proyecto \u00abTaller de composici\u00f3n de canciones con dispositivos m\u00f3viles\u00bb aplicado en dos telesecundarias del municipio de Ixhuac\u00e1n de los Reyes, Veracruz en el per\u00edodo de octubre de 2023 a marzo de 2024<\/a>\u200b\u201d. Proyecto de Intervenci\u00f3n Pedag\u00f3gica. Edgar G\u00f3mez Castellanos. Licenciatura en Educaci\u00f3n Musical.<\/li>\n<li>03\/09\/2024. \u201cIdentificaci\u00f3n y Prevenci\u00f3n de las principales lesiones del sistema fonador en ejecutantes de la voz\u201d. Tesina. Guillermo Carre\u00f3n Herrera. Licenciatura en Educaci\u00f3n Musical.<\/li>\n<li>03\/09\/2024. \u201cLa experiencia de la educaci\u00f3n musical en el jard\u00edn de ni\u00f1os \u00abAnt\u00f3n Semionovich Makarenko\u00bb de la ciudad de Xalapa, Veracruz de 2022 a 2023\u200b\u201d. Memoria. Jonat\u00e1n Carre\u00f3n Almanza. Licenciatura en Educaci\u00f3n Musical.<\/li>\n<li>30\/08\/2024. \u201c\u200b\u200b\u200b\u200b<a href=\"https:\/\/uvmx-my.sharepoint.com\/:w:\/g\/personal\/zs19012907_estudiantes_uv_mx\/Ed3MPiW7-XtMvDKhImxqMj8BSf80kTiQ0Zllr4wGY_qJYA\" target=\"_blank\" rel=\"noopener\">Gu\u00eda de nivel inicial para la ense\u00f1anza-aprendizaje del viol\u00edn en adultos j\u00f3venes y maduros\u200b<\/a>\u201d. Proyecto de Intervenci\u00f3n Pedag\u00f3gica con Menci\u00f3n Especial. \u200b\u200bCristina del Carmen Ballina Cort\u00e9s\u200b. Licenciatura en Educaci\u00f3n Musical.<\/li>\n<li>01\/03\/2024. \u201c\u200b\u200bAn\u00e1lisis de opini\u00f3n sobre el impacto de la difusi\u00f3n musical en dos universidades latinoamericanas: caso de la Universidad Veracruzana (M\u00e9xico) y la Universidad de Caldas (Colombia) en 2023\u201d\u200b (codirecci\u00f3n con el Dr. \u200b\u200b<a href=\"https:\/\/transmedia.ucaldas.edu.co\/our_team\/hector-yovanny-betancur-santa\/\" target=\"_blank\" rel=\"noopener\">H\u00e9ctor Yovanny Betancur Santa\u200b<\/a>). Tesina con Menci\u00f3n Honor\u00edfica. \u00c1ngela Landa Hern\u00e1ndez. Licenciatura en Educaci\u00f3n Musical. <a href=\"https:\/\/rilic.uv.mx\/handle\/1944\/61366\" target=\"_blank\" rel=\"noopener\">https:\/\/rilic.uv.mx\/handle\/1944\/61366<\/a><\/li>\n<li>15\/12\/2023. \u201c<a href=\"https:\/\/uvmx-my.sharepoint.com\/:b:\/g\/personal\/dserna_uv_mx\/EXolcEa3lxtNjSul1llEvQoBzedEFr9f9NoIx-wYPZD1Aw?e=WiVXuu\" target=\"_blank\" rel=\"noopener\">\u00bfYa escuchaste esta m\u00fasica? \u00bf<em>T\u00eby\u00e4\u00b4\u00e4t suun\u00eb xmatoon\u00ef<\/em>?\u201d. Memoria de un proyecto de radio comunitaria en Santa Mar\u00eda Tlahuiltoltepec mixe, Oaxaca<\/a>. Misael Jim\u00e9nez D\u00edaz. Titulaci\u00f3n con Menci\u00f3n Honor\u00edfica (recital y trabajo escrito). Licenciatura en M\u00fasica.<\/li>\n<li>07\/10\/2023. \u201cExperiencia sobre la conformaci\u00f3n de una banda de alientos en Calcahualco, Veracruz en el a\u00f1o 2010\u201d. Memoria. Licenciatura en Educaci\u00f3n Musical. Nanya P\u00e9rez Mart\u00ednez. Licenciatura en Educaci\u00f3n Musical.<\/li>\n<li>05\/09\/2023. \u201cIniciaci\u00f3n musical infantil a la m\u00fasica popular mexicana\u201d. Proyecto de Innovaci\u00f3n Pedag\u00f3gica. Licenciatura. Daniel Reyes Nolasco. Licenciatura en Educaci\u00f3n Musical.<\/li>\n<li>05\/09\/2023. \u201c\u200b\u200bLa diston\u00eda orofocal y los trastornos motrices en los instrumentistas de viento metal\u201d. Monograf\u00eda. Licenciatura. Jorge Isaac Floriano D\u00edaz. Licenciatura en Educaci\u00f3n Musical\u200b <a href=\"https:\/\/rilic.uv.mx\/handle\/1944\/60647\" target=\"_blank\" rel=\"noopener\">https:\/\/rilic.uv.mx\/handle\/1944\/60647<\/a><\/li>\n<li>18\/08\/2023. \u201cLa experiencia de educaci\u00f3n musical en el Jard\u00edn de Ni\u00f1os \u00abJos\u00e9 Luis Ru\u00edz\u00bb, vinculada a con la tradici\u00f3n cultural del \u00abRitual de la matanza\u00bb del municipio de Tehuac\u00e1n, Puebla\u201d. Memoria. Licenciatura. Jes\u00fas Merino Garc\u00eda. Licenciatura en Educaci\u00f3n Musical.<\/li>\n<li>19\/06\/2023. \u201cAprendiendo a leer y escribir con m\u00fasica\u201d. Proyecto de innovaci\u00f3n pedag\u00f3gica con menci\u00f3n honor\u00edfica. Licenciatura. Andrea Isabel Grajales Yepez. Trabajo recepcional ganador del Premio \u00abArte, Ciencia, Luz\u00bb 2024. Licenciatura en Educaci\u00f3n Musical <a href=\"https:\/\/cdigital.uv.mx\/handle\/1944\/53260\" target=\"_blank\" rel=\"noopener\">https:\/\/cdigital.uv.mx\/handle\/1944\/53260<\/a><\/li>\n<li>16\/11\/2022. \u201c<a href=\"https:\/\/1drv.ms\/w\/s!Ag5jxATKlKpDmUE_WQ6Pq_bKz00_?e=R7S8eX\" target=\"_blank\" rel=\"noopener\">Virtualizaci\u00f3n de la Educaci\u00f3n Musical en el Benem\u00e9rito Instituto Normal del Estado de Puebla, Preescolar, de 2020 a 2021<\/a>\u201d. Memoria. Licenciatura. \u00c1ngel Ra\u00fal Reyes Arredondo. Licenciatura en Educaci\u00f3n Musical.<\/li>\n<li>05\/07\/2022. \u201cHacia una educaci\u00f3n musical con g\u00e9neros urbanos. Proyecto de innovaci\u00f3n pedag\u00f3gica\u201d. Licenciatura. Alan Fernando Garc\u00eda Tuxpan. Licenciatura en Educaci\u00f3n Musical.<\/li>\n<li>22\/06\/2022. \u201cGu\u00eda para la ense\u00f1anza-aprendizaje del arpa jarocha\u201d. Proyecto de Innovaci\u00f3n Pedag\u00f3gica con Menci\u00f3n Especial. Licenciatura. Alicia Navarrete Landa. Licenciatura en Educaci\u00f3n Musical <a href=\"https:\/\/cdigital.uv.mx\/handle\/1944\/53028\" target=\"_blank\" rel=\"noopener\">https:\/\/cdigital.uv.mx\/handle\/1944\/53028<\/a>. Trabajo recepcional ganador del <a href=\"https:\/\/www.uv.mx\/prensa\/general\/guia-de-ensenanza-de-arpa-jarocha-obtuvo-premio-arte-ciencia-luz\/?utm_source=phplist4302&amp;utm_medium=email&amp;utm_content=HTML&amp;utm_campaign=Bolet%C3%ADn+digital+UV+2%2C300%3B+15+de+diciembre+de+2023\" target=\"_blank\" rel=\"noopener\">Premio \u00abArte, Ciencia, Luz\u00bb 2023<\/a>.<\/li>\n<li>31\/03\/2022. \u201c<a href=\"https:\/\/uvmx-my.sharepoint.com\/:b:\/g\/personal\/dserna_uv_mx\/EUzKnKPpjFdIjj1wbFbmEZQB7OV8GysQWj7hxymvVloaFA?e=vkWae8\" target=\"_blank\" rel=\"noopener\">Revista musical digital\u201d<\/a>. Memoria con menci\u00f3n especial. Licenciatura. Roberto Carlos S\u00e1nchez Gonz\u00e1lez. Licenciatura en Educaci\u00f3n Musical.<\/li>\n<li>02\/03\/2022. \u201c<a href=\"https:\/\/uvmx-my.sharepoint.com\/:b:\/g\/personal\/dserna_uv_mx\/EVF4-WLA2kZEoGD4eqmzycQBYCwGKbWpTuOvUfJBOxC4JQ?e=idYuG8\" target=\"_blank\" rel=\"noopener\">Sonecitos: Una propuesta metodol\u00f3gica musical para el grupo de primer a\u00f1o de la Telesecundaria \u00abJaime Torres Bodet\u00bb\u201d<\/a>. Proyecto de Innovaci\u00f3n Pedag\u00f3gica. Diego L\u00f3pez Mendoza. Licenciatura en Educaci\u00f3n Musical.<\/li>\n<li>06\/09\/2021. \u201cM\u00e9todo de ense\u00f1anza para guitarra y voz inspirado en la m\u00fasica tradicional oaxaque\u00f1a\u201d.\u00a0 Proyecto de Innovaci\u00f3n Pedag\u00f3gica. Licenciatura. Esa\u00fa Cruz Chagolla. Licenciatura en Educaci\u00f3n Musical.<\/li>\n<li>31\/08\/2021. \u201c<a href=\"https:\/\/uvmx-my.sharepoint.com\/:b:\/g\/personal\/dserna_uv_mx\/EesVf-DO5QJBidpL0PzkiowBDtpzQtyPo7yfwEkXEmkxBA?e=awbp9q\" target=\"_blank\" rel=\"noopener\">Propuesta metodol\u00f3gica para la ense\u00f1anza de la guitarra cl\u00e1sica en la Casa de la Cultura Juan Mat\u00edas A.C. de Santa Cruz Xoxocotl\u00e1n, Oaxaca\u201d<\/a>. Propuesta de innovaci\u00f3n pedag\u00f3gica. Filiberto Manuel V\u00e1squez Reyes. Licenciatura en Educaci\u00f3n Musical.<\/li>\n<li>08\/04\/2021. \u201c<a href=\"https:\/\/rilic.uv.mx\/handle\/1944\/60227\" target=\"_blank\" rel=\"noopener\">Acercamiento de la educaci\u00f3n musical en la comunidad Frijol Colorado en el periodo enero 2012 a diciembre 2012<\/a>\u201d. Memoria. Graciela Cede\u00f1o Viveros. Licenciatura en Educaci\u00f3n Musical.<\/li>\n<li>16\/10\/2020. \u201cEstrategias psicopedago\u0301gicas inclusivas aplicadas a la educacio\u0301n musical en nivel primaria\u201d. Co-direcci\u00f3n con la Dra. Aurora Hern\u00e1ndez Vendrell. Proyecto de innovaci\u00f3n pedag\u00f3gica. Marco Polo Herna\u0301ndez Landa. Licenciatura en Educaci\u00f3n Musical.<\/li>\n<li>16\/10\/2020. \u201cEl rock en la dida\u0301ctica de la guitarra. Descripcio\u0301n y documentacio\u0301n de una experiencia educativa\u201d. Memoria. Ismael Pastor Rami\u0301rez Rodri\u0301guez. Licenciatura en Educaci\u00f3n Musical.<\/li>\n<li>17\/02\/2020. \u201cGu\u00eda de iniciaci\u00f3n musical para cuidadores de infantes de 0 a 3 meses de edad en un programa de estimulaci\u00f3n temprana\u201d. Proyecto de Innovaci\u00f3n Pedag\u00f3gica. Jes\u00fas Adri\u00e1n Garc\u00eda Su\u00e1rez. Licenciatura en Educaci\u00f3n Musical.<\/li>\n<li>13\/12\/2019. \u201cInclusi\u00f3n de un alumno con s\u00edndrome de Asperger en la clase de \u00abCantos y juegos\u00bb de preescolar\u201d. Memoria. Jim\u00e9nez Doblas Pablo C\u00e9sar. Licenciatura en Educaci\u00f3n Musical.<\/li>\n<li>20\/11\/2019. \u201cDise\u00f1o <em>b-Learning<\/em> de la experiencia educativa \u00abGuitarra el\u00e9ctrica\u00bb para el AFEL-UV, usando el modelo de dise\u00f1o instruccional ADDIE\u201d. Proyecto de innovaci\u00f3n pedag\u00f3gica. Hazael L\u00f3pez G\u00f3mez. Licenciatura en Educaci\u00f3n Musical.<\/li>\n<li>26\/08\/2019. \u201c<em>Ja xaamk\u00ebjxp Ja Xyuxp\u00eb Wyojp\u00eb<\/em>: La banda de viento de Santa Mar\u00eda Tlahuitoltepec, Mixe, Oaxaca. El proceso de consolidaci\u00f3n de una tradici\u00f3n musical\u201d. Mario<br \/>\nRub\u00e9n Cardoso V\u00e1squez. Licenciatura en Educaci\u00f3n musical.<\/li>\n<li>23\/08\/2019. \u201cCreaci\u00f3n y direcci\u00f3n del Coro de la Iglesia Nacional Presbiteriana de M\u00e9xico A.R. Bethel \u00abA Dios la Gloria\u00bb de la ciudad de Xalapa-Enr\u00edquez, durante el periodo Agosto 2014 \u2013 Diciembre 2015\u201d. Memoria. Zimri Manuel Peralta De la Cruz. Licenciatura en Educaci\u00f3n Musical.<\/li>\n<li>23\/08\/2019. \u201cEl proceso adquisitivo del lenguaje en ni\u00f1os a trav\u00e9s de la iniciaci\u00f3n musical. Proyecto de Intervenci\u00f3n Pedag\u00f3gica\u201d. Hilda Guadalupe Herrera Oca\u00f1a. Licenciatura en Educaci\u00f3n Musical.<\/li>\n<li>14\/06\/2019. \u201c<a href=\"https:\/\/prezi.com\/p\/vswebwswttkv\/sustentacionexamen\/\">La l\u00edrica jarocha como potenciador de la conciencia fonol\u00f3gica en ni\u00f1os pre-lectores\u201d<\/a>. Proyecto de intervenci\u00f3n pedag\u00f3gica. Licenciatura. David Rubio Galv\u00e1n. Licenciatura en Educaci\u00f3n Musical\u00a0 <a href=\"https:\/\/rilic.uv.mx\/handle\/1944\/60063\" target=\"_blank\" rel=\"noopener\">https:\/\/rilic.uv.mx\/handle\/1944\/60063<\/a><\/li>\n<li>06\/03\/2019. \u201cPosibilidades did\u00e1cticas de los sones jarochos en la educaci\u00f3n musical mediante el an\u00e1lisis de esquemas r\u00edtmico &#8211; mel\u00f3dicos\u201d. Tesis. Uriel Alejandro Ram\u00edrez Flores. Licenciatura en Educaci\u00f3n Musical.<\/li>\n<li>21\/02\/2019. \u201cMaterial did\u00e1ctico musical para profesores de preescolar como herramienta para la ense\u00f1anza inicial de la lengua maya\u00bb. Proyecto de Innovaci\u00f3n Pedag\u00f3gica. Zabdi Aminadab Gonz\u00e1lez Eu\u00e1n. Licenciatura en Educaci\u00f3n Musical.<\/li>\n<li>21\/02\/2019. \u201c\u00abUn verano musical\u00bb: Curso de iniciaci\u00f3n musical. Una visi\u00f3n alternativa y social en la comunidad de Tierra Blanca, Veracruz\u201d. Memoria. Mar\u00eda del Roc\u00edo Aguirre Lima. Licenciatura en Educaci\u00f3n Musical.<\/li>\n<li>20\/02\/2019. \u201cPropuesta de taller introductorio de m\u00fasica para profesores de espa\u00f1ol como lengua extranjera en la educaci\u00f3n infantil\u201d. Proyecto de innovaci\u00f3n pedag\u00f3gica. Andr\u00e9s Gayt\u00e1n Mart\u00ednez. Licenciatura en Educaci\u00f3n Musical.<\/li>\n<li>06\/04\/2018. \u201cApreciaci\u00f3n musical en ni\u00f1os de 8 a 13 a\u00f1os en Casa Blanca, Puente Nacional, Veracruz de abril a junio de 2016\u201d. Memoria. Yolanda Olivia M\u00e1rquez Bobadilla. Licenciatura en Educaci\u00f3n Musical.<\/li>\n<li>27\/01\/2017. \u201cPropuesta de creacio\u0301n de objetos de aprendizaje para nin\u0303os de 7 a 12 an\u0303os en la ensen\u0303anza inicial de la flauta transversa\u201d. Proyecto de Innovaci\u00f3n Pedag\u00f3gica. Mari\u0301a Guadalupe Herna\u0301ndez Cisneros. Licenciatura en Educaci\u00f3n Musical.<\/li>\n<li>11\/01\/2017. \u201cEnsamble Vocal Veracruzano: Memoria de un concierto did\u00e1ctico\u201d. Memoria. Luz Edith M\u00e1rquez G\u00e1miz. Licenciatura en Educaci\u00f3n Musical.<\/li>\n<li>18\/10\/2016. \u201cIniciaci\u00f3n musical a trav\u00e9s de cotidi\u00e1fonos\u201d. Memoria. Ana Karen Torres Abad\u00eda. Licenciatura en Educaci\u00f3n Musical.<\/li>\n<li>11\/06\/2016. \u201cLa M\u00fasica Orquestal Mexicana: Evaluaci\u00f3n educativa musical para la difusi\u00f3n en las Instituciones de M\u00fasica de Xalapa, Veracruz\u201d. Tesis. Reynaldo Daniel Mart\u00ednez Res\u00e9ndez. Licenciatura en Educaci\u00f3n Musical.<\/li>\n<li>21\/09\/2015. \u201cProyecto de Innovaci\u00f3n. Dise\u00f1o de unidades de aprendizaje para la introducci\u00f3n al estudio de la armon\u00eda occidental\u201d. Universidad Veracruzana. Heberto Fern\u00e1ndez Mart\u00ednez. Licenciatura en Educaci\u00f3n Musical.<\/li>\n<li>20\/09\/2014. \u201cEstudio de Caso. Aplicaci\u00f3n de la Metodolog\u00eda Dalcroze para interpretaci\u00f3n musical en la Escuela Secundaria T\u00e9cnica N\u00b0 105.Universidad Veracruzana\u201d. Estudio de caso. Jos\u00e9 Valent\u00edn Acosta Diez e Irene del Carmen Cabezas Fern\u00e1ndez (Trabajo recepcional con Menci\u00f3n Honor\u00edfica). Licenciatura en Educaci\u00f3n Musical.<\/li>\n<li>22\/09\/2014. \u201cPerfil de egreso de la Licenciatura en Educaci\u00f3n Musical de la Universidad Veracruzana y relaci\u00f3n con la asignatura de Educaci\u00f3n Art\u00edstica en Programa de Estudios 2011 de la SEP\u201d. Monograf\u00eda. Andrea Bustos Sifuentes. Licenciatura en Educaci\u00f3n Musical.<\/li>\n<li>06\/09\/2014. \u201cIntervenci\u00f3n musical educativa en ni\u00f1os con S\u00edndrome de Down del Instituto Down de Xalapa AC, de agosto de 2013 a febrero de 2014\u201d. Proyecto de Intervenci\u00f3n Educativa. Ana Isabel Mier Calder\u00f3n. Licenciatura en Educaci\u00f3n Musical.<\/li>\n<li>19\/06\/2014. \u201cConcierto Did\u00e1ctico de Son Jarocho: Memoria, Universidad Veracruzana\/Facultad de M\u00fasica\u201d. Trabajo Art\u00edstico Educativo (con Memoria). Enrique Manuel Segarra Carri\u00f3n. Licenciatura en Educaci\u00f3n Musical.<\/li>\n<li>24\/06\/2014. \u201cLa musicograf\u00eda Braille y la Educaci\u00f3n Musical del invidente a partir del caso Fernando Apan\u201d. Estudio de caso. Gabriela Grisel Delgado Su\u00e1rez. Licenciatura en Educaci\u00f3n Musical.<\/li>\n<li>20\/09\/2013. \u201cPropuesta de Material Did\u00e1ctico Musical para ni\u00f1os de preescolar, primero y segundo grado de primaria: descripci\u00f3n, aplicaci\u00f3n y resultados\u201d. Proyecto de Innovaci\u00f3n Pedag\u00f3gica. Mar\u00eda Eunice Canch\u00e9 Cem\u00e9 y Sherly Pamela Vargas Garc\u00eda. Licenciatura en Educaci\u00f3n Musical.<\/li>\n<li><span style=\"line-height: 17.3999996185303px\">02\/06\/2013. \u201cLos materiales editados por la SEP en la d\u00e9cada de los 90&#8217;s para el apoyo de la materia de Educaci\u00f3n Musical y su uso en el programa de educaci\u00f3n primaria 2011\u201d . Jimena S\u00e1nchez Gastelu. Licenciatura en Educaci\u00f3n Musical.<\/span><\/li>\n<li>02\/06\/2013. \u201cPrincipios Willems aplicables al programa de educaci\u00f3n inicial de la SEP y a conceptos te\u00f3ricos del desarrollo del ni\u00f1o en la primera infancia\u201d. Ana Magdalena Ruiz Galindo. Licenciatura en Educaci\u00f3n Musical.<\/li>\n<li>02\/06\/2013. \u201cFormaci\u00f3n de Taller Coral de la Escuela de Estudiantes Extranjeros de la Universidad Veracruzana, Universidad Veracruzana\u201d. Memoria. Elizabeth Santiago Ferrer. Licenciatura en Educaci\u00f3n Musical.<\/li>\n<li>22\/06\/2012. \u201cLa Educaci\u00f3n no formal como medio de involucrar a los j\u00f3venes en el Son Jarocho en la Escuela Secundaria T\u00e9cnica Industrial No. 26 ubicada en el Puerto de Veracruz\u201d. Memoria. Betsab\u00e9 Molina Solverano. Licenciatura en Educaci\u00f3n Musical.<\/li>\n<li>14\/03\/2012. \u201cProceso de formaci\u00f3n del coro de ni\u00f1os de la comunidad Frijol Colorado del Municipio de Perote, Veracruz\u201d. Memoria. V\u00edctor Manuel Toledo Enr\u00edquez. Licenciatura en Educaci\u00f3n Musical.<\/li>\n<\/ul>\n<p style=\"text-align: center\"><a href=\"https:\/\/lh3.googleusercontent.com\/pw\/AP1GczPBwz7QhiV9qPnvsqTLx4hvggZiUwuq9dpx8IoleqLBWCfEJdcbcvtPtKIsL0--AoZiOv7rX5r36N6nNGrVnq6DFGN9XTC0QC2mpnCIWsrP-OZdJv8v=w2400?source=screenshot.guru\"> <img decoding=\"async\" class=\"\" src=\"https:\/\/lh3.googleusercontent.com\/pw\/AP1GczPBwz7QhiV9qPnvsqTLx4hvggZiUwuq9dpx8IoleqLBWCfEJdcbcvtPtKIsL0--AoZiOv7rX5r36N6nNGrVnq6DFGN9XTC0QC2mpnCIWsrP-OZdJv8v=w600-h315-p-k\" width=\"50%\" height=\"\" \/> <\/a><\/p>\n<p>&nbsp;<\/p>\n<ul>\n<li><a href=\"https:\/\/www.uv.mx\/personal\/dserna\/2023\/10\/05\/adscripcion\/\">Adscripci\u00f3n<\/a><\/li>\n<li><a href=\"https:\/\/www.uv.mx\/personal\/dserna\/inicio\/formacion\/\">Curr\u00edculum extenso<\/a><\/li>\n<li><a href=\"https:\/\/www.uv.mx\/personal\/dserna\/inicio\/formacion\/curriculum-alterno\/\">Curr\u00edculum alterno<\/a><\/li>\n<li><a href=\"https:\/\/www.uv.mx\/personal\/dserna\/2023\/10\/05\/materias-impartidas\/\">Materias impartidas<\/a><\/li>\n<li><a href=\"https:\/\/www.uv.mx\/personal\/dserna\/inicio\/ejemplos-de-trabajos-aplicaciones-de-tecnologias-de-informacion-y-la-comunicacion-en-la-musica\/\">Ejemplos de trabajos: Aplicaciones de TIC en la M\u00fasica<\/a><\/li>\n<li><a href=\"https:\/\/www.uv.mx\/personal\/dserna\/2023\/10\/05\/publicaciones-ponencias-y-participaciones-en-congresos\/\">Publicaciones, ponencias y participaciones en congresos<\/a><\/li>\n<li><a href=\"https:\/\/www.uv.mx\/personal\/dserna\/2023\/10\/05\/trabajos-recepcionales-dirigidos\/\">Trabajos recepcionales dirigidos<\/a><\/li>\n<li><a href=\"https:\/\/www.uv.mx\/personal\/dserna\/2016\/03\/03\/galeria-de-videos\/\">Galer\u00eda de videos<\/a><\/li>\n<li><a href=\"https:\/\/www.uv.mx\/personal\/dserna\/2023\/10\/05\/musica-quintanarroense\/\">M\u00fasica Quintanarroense<\/a><\/li>\n<\/ul>\n","protected":false},"excerpt":{"rendered":"<p>Doctorado: 08\/02\/2020. \u201cRescate de la creaci\u00f3n y criterios musicales: vida, obra, vivencias y logros de algunos m\u00fasicos e instituciones del M\u00e9xico de anta\u00f1o a finales del siglo XIX y principios del XX\u201d. Monograf\u00eda para acreditar la equivalencia de grado. Jos\u00e9 Arias Luna. Maestr\u00eda: 30\/01\/2025. \u201cEl guitarrista sentipensante: propuesta de me\u0301todo dida\u0301ctico basado en la educacio\u0301n&#8230;<\/p>\n","protected":false},"author":341,"featured_media":476,"comment_status":"closed","ping_status":"closed","sticky":false,"template":"","format":"standard","meta":{"footnotes":""},"categories":[4],"tags":[],"class_list":["post-1060","post","type-post","status-publish","format-standard","has-post-thumbnail","hentry","category-entradas"],"_links":{"self":[{"href":"https:\/\/www.uv.mx\/personal\/dserna\/wp-json\/wp\/v2\/posts\/1060","targetHints":{"allow":["GET"]}}],"collection":[{"href":"https:\/\/www.uv.mx\/personal\/dserna\/wp-json\/wp\/v2\/posts"}],"about":[{"href":"https:\/\/www.uv.mx\/personal\/dserna\/wp-json\/wp\/v2\/types\/post"}],"author":[{"embeddable":true,"href":"https:\/\/www.uv.mx\/personal\/dserna\/wp-json\/wp\/v2\/users\/341"}],"replies":[{"embeddable":true,"href":"https:\/\/www.uv.mx\/personal\/dserna\/wp-json\/wp\/v2\/comments?post=1060"}],"version-history":[{"count":2,"href":"https:\/\/www.uv.mx\/personal\/dserna\/wp-json\/wp\/v2\/posts\/1060\/revisions"}],"predecessor-version":[{"id":1390,"href":"https:\/\/www.uv.mx\/personal\/dserna\/wp-json\/wp\/v2\/posts\/1060\/revisions\/1390"}],"wp:featuredmedia":[{"embeddable":true,"href":"https:\/\/www.uv.mx\/personal\/dserna\/wp-json\/wp\/v2\/media\/476"}],"wp:attachment":[{"href":"https:\/\/www.uv.mx\/personal\/dserna\/wp-json\/wp\/v2\/media?parent=1060"}],"wp:term":[{"taxonomy":"category","embeddable":true,"href":"https:\/\/www.uv.mx\/personal\/dserna\/wp-json\/wp\/v2\/categories?post=1060"},{"taxonomy":"post_tag","embeddable":true,"href":"https:\/\/www.uv.mx\/personal\/dserna\/wp-json\/wp\/v2\/tags?post=1060"}],"curies":[{"name":"wp","href":"https:\/\/api.w.org\/{rel}","templated":true}]}}