{"id":1055,"date":"2023-10-05T22:05:40","date_gmt":"2023-10-06T03:05:40","guid":{"rendered":"https:\/\/www.uv.mx\/personal\/dserna\/?p=1055"},"modified":"2026-05-11T17:53:42","modified_gmt":"2026-05-11T23:53:42","slug":"materias-impartidas","status":"publish","type":"post","link":"https:\/\/www.uv.mx\/personal\/dserna\/2023\/10\/05\/materias-impartidas\/","title":{"rendered":"Materias impartidas:"},"content":{"rendered":"<p><img decoding=\"async\" class=\"alignnone wp-image-388\" src=\"http:\/\/www.uv.mx\/personal\/dserna\/files\/2010\/10\/tecnologia-fmuv.png\" alt=\"tecnologia-fmuv\" width=\"80%\" height=\"\" srcset=\"https:\/\/www.uv.mx\/personal\/dserna\/files\/2010\/10\/tecnologia-fmuv.png 927w, https:\/\/www.uv.mx\/personal\/dserna\/files\/2010\/10\/tecnologia-fmuv-300x103.png 300w\" sizes=\"(max-width: 927px) 100vw, 927px\" \/><\/p>\n<ul>\n<li><strong>Presenciales<\/strong>: <del>Teor\u00edas de la Educaci\u00f3n<\/del>, Computaci\u00f3n B\u00e1sica,\u00a0 Seminario de Investigaci\u00f3n I y II, <del>Solfeo nivelatorio<\/del>, Instrumento arm\u00f3nico I, \u00c9tica y Est\u00e9tica en la Educaci\u00f3n Musical, Teor\u00eda y pr\u00e1ctica del Dise\u00f1o Curricular, Experiencia Recepcional.<\/li>\n<li><strong>B-learning<\/strong>: Computaci\u00f3n B\u00e1sica, Aplicaciones de TIC en la M\u00fasica<\/li>\n<li><strong>Virtuales<\/strong>:\n<ul>\n<li>Licenciatura en M\u00fasica: Terminal Complementaria I: Secuencias MIDI, Terminal Complementaria II: Edici\u00f3n de audio y video.<\/li>\n<li><u>Maestr\u00eda en Pedagog\u00eda de las Artes<\/u>: Optativa disciplinar IV: Tecnolog\u00eda musical, Optativa II: Tecnolog\u00eda Educativa para la ense\u00f1anza de las Artes, Optativa III: Competencias Docentes Aplicadas a las Artes<\/li>\n<li>Maestr\u00eda en\u00a0Tecnolog\u00eda Educativa:\u00a0 Dise\u00f1o Instruccional,\u00a0Seminario de Ofim\u00e1tica, Competencias Docentes en la Educaci\u00f3n Superior.<\/li>\n<\/ul>\n<\/li>\n<\/ul>\n<ul>\n<li><a href=\"https:\/\/www.uv.mx\/personal\/dserna\/2023\/10\/05\/adscripcion\/\">Adscripci\u00f3n<\/a><\/li>\n<li><a href=\"https:\/\/www.uv.mx\/personal\/dserna\/inicio\/formacion\/\">Curr\u00edculum extenso<\/a><\/li>\n<li><a href=\"https:\/\/www.uv.mx\/personal\/dserna\/inicio\/formacion\/curriculum-alterno\/\">Curr\u00edculum alterno<\/a><\/li>\n<li><a href=\"https:\/\/www.uv.mx\/personal\/dserna\/2023\/10\/05\/materias-impartidas\/\">Materias impartidas<\/a><\/li>\n<li><a href=\"https:\/\/www.uv.mx\/personal\/dserna\/inicio\/ejemplos-de-trabajos-aplicaciones-de-tecnologias-de-informacion-y-la-comunicacion-en-la-musica\/\">Ejemplos de trabajos: Aplicaciones de TIC en la M\u00fasica<\/a><\/li>\n<li><a href=\"https:\/\/www.uv.mx\/personal\/dserna\/2023\/10\/05\/publicaciones-ponencias-y-participaciones-en-congresos\/\">Publicaciones, ponencias y participaciones en congresos<\/a><\/li>\n<li><a href=\"https:\/\/www.uv.mx\/personal\/dserna\/2023\/10\/05\/trabajos-recepcionales-dirigidos\/\">Trabajos recepcionales dirigidos<\/a><\/li>\n<li><a href=\"https:\/\/www.uv.mx\/personal\/dserna\/2016\/03\/03\/galeria-de-videos\/\">Galer\u00eda de videos<\/a><\/li>\n<li><a href=\"https:\/\/www.uv.mx\/personal\/dserna\/2023\/10\/05\/musica-quintanarroense\/\">M\u00fasica Quintanarroense<\/a><\/li>\n<\/ul>\n","protected":false},"excerpt":{"rendered":"<p>Presenciales: Teor\u00edas de la Educaci\u00f3n, Computaci\u00f3n B\u00e1sica,\u00a0 Seminario de Investigaci\u00f3n I y II, Solfeo nivelatorio, Instrumento arm\u00f3nico I, \u00c9tica y Est\u00e9tica en la Educaci\u00f3n Musical, Teor\u00eda y pr\u00e1ctica del Dise\u00f1o Curricular, Experiencia Recepcional. B-learning: Computaci\u00f3n B\u00e1sica, Aplicaciones de TIC en la M\u00fasica Virtuales: Licenciatura en M\u00fasica: Terminal Complementaria I: Secuencias MIDI, Terminal Complementaria II: Edici\u00f3n&#8230;<\/p>\n","protected":false},"author":341,"featured_media":134,"comment_status":"closed","ping_status":"closed","sticky":false,"template":"","format":"standard","meta":{"footnotes":""},"categories":[4],"tags":[],"class_list":["post-1055","post","type-post","status-publish","format-standard","has-post-thumbnail","hentry","category-entradas"],"_links":{"self":[{"href":"https:\/\/www.uv.mx\/personal\/dserna\/wp-json\/wp\/v2\/posts\/1055","targetHints":{"allow":["GET"]}}],"collection":[{"href":"https:\/\/www.uv.mx\/personal\/dserna\/wp-json\/wp\/v2\/posts"}],"about":[{"href":"https:\/\/www.uv.mx\/personal\/dserna\/wp-json\/wp\/v2\/types\/post"}],"author":[{"embeddable":true,"href":"https:\/\/www.uv.mx\/personal\/dserna\/wp-json\/wp\/v2\/users\/341"}],"replies":[{"embeddable":true,"href":"https:\/\/www.uv.mx\/personal\/dserna\/wp-json\/wp\/v2\/comments?post=1055"}],"version-history":[{"count":2,"href":"https:\/\/www.uv.mx\/personal\/dserna\/wp-json\/wp\/v2\/posts\/1055\/revisions"}],"predecessor-version":[{"id":1342,"href":"https:\/\/www.uv.mx\/personal\/dserna\/wp-json\/wp\/v2\/posts\/1055\/revisions\/1342"}],"wp:featuredmedia":[{"embeddable":true,"href":"https:\/\/www.uv.mx\/personal\/dserna\/wp-json\/wp\/v2\/media\/134"}],"wp:attachment":[{"href":"https:\/\/www.uv.mx\/personal\/dserna\/wp-json\/wp\/v2\/media?parent=1055"}],"wp:term":[{"taxonomy":"category","embeddable":true,"href":"https:\/\/www.uv.mx\/personal\/dserna\/wp-json\/wp\/v2\/categories?post=1055"},{"taxonomy":"post_tag","embeddable":true,"href":"https:\/\/www.uv.mx\/personal\/dserna\/wp-json\/wp\/v2\/tags?post=1055"}],"curies":[{"name":"wp","href":"https:\/\/api.w.org\/{rel}","templated":true}]}}