{"id":613,"date":"2025-04-28T12:27:14","date_gmt":"2025-04-28T17:27:14","guid":{"rendered":"https:\/\/www.uv.mx\/personal\/cmedel\/?p=613"},"modified":"2025-04-28T12:40:56","modified_gmt":"2025-04-28T17:40:56","slug":"podcast-observes-numero-4","status":"publish","type":"post","link":"https:\/\/www.uv.mx\/personal\/cmedel\/2025\/04\/28\/podcast-observes-numero-4\/","title":{"rendered":"Podcast Observes n\u00famero 4"},"content":{"rendered":"<p>&nbsp;<\/p>\n<p>&nbsp;<\/p>\n<h1>Framework Metodol\u00f3gico para el An\u00e1lisis del Pluralismo Jur\u00eddico y Justicia Intercultural en M\u00e9xico:<\/h1>\n<h2>Una propuesta basada en l\u00f3gica simb\u00f3lica, epistemolog\u00eda cr\u00edtica y estructuras inferenciales no lineales<\/h2>\n<ul class=\"nova-legacy-e-list nova-legacy-e-list--size-m nova-legacy-e-list--type-inline nova-legacy-e-list--spacing-xl\">\n<li class=\"nova-legacy-e-list__item\"><span role=\"status\">Carlos Medel-Ram\u00edrez<\/span><\/li>\n<li class=\"nova-legacy-e-list__item\"><span role=\"status\">Hilario Medel L\u00f3pez<\/span><\/li>\n<\/ul>\n<p style=\"padding-left: 40px\">April 2025<\/p>\n<p style=\"padding-left: 40px\">DOI: <a class=\"nova-legacy-e-link nova-legacy-e-link--color-inherit nova-legacy-e-link--theme-decorated\" href=\"http:\/\/dx.doi.org\/10.13140\/RG.2.2.26564.54400\" target=\"_blank\" rel=\"noopener\">10.13140\/RG.2.2.26564.54400<\/a><\/p>\n<p style=\"padding-left: 40px\">License <a class=\"nova-legacy-e-link nova-legacy-e-link--color-inherit nova-legacy-e-link--theme-decorated\" href=\"https:\/\/www.researchgate.net\/deref\/https%3A%2F%2Fcreativecommons.org%2Flicenses%2Fby%2F4.0%2F?_tp=eyJjb250ZXh0Ijp7ImZpcnN0UGFnZSI6Il9kaXJlY3QiLCJwYWdlIjoicHVibGljYXRpb24iLCJwcmV2aW91c1BhZ2UiOiJwcm9maWxlIiwicG9zaXRpb24iOiJwYWdlSGVhZGVyIn19\">CC BY 4.0<\/a><\/p>\n<p>&nbsp;<\/p>\n<p>Este texto describe un\u00a0<strong>marco metodol\u00f3gico formal<\/strong>\u00a0para analizar el\u00a0<strong>pluralismo jur\u00eddico y la justicia intercultural<\/strong>\u00a0en M\u00e9xico, utilizando\u00a0<strong>l\u00f3gica simb\u00f3lica<\/strong>, funciones de membres\u00eda difusa y\u00a0<strong>redes inferenciales no lineales<\/strong>. El modelo rechaza el\u00a0<strong>determinismo y los monismos epist\u00e9micos<\/strong>, enfoc\u00e1ndose en la complejidad y\u00a0<strong>contingencia<\/strong>\u00a0de las interacciones entre los sistemas de justicia estatal y comunitario. Propone criterios y herramientas para evaluar la\u00a0<strong>inclusi\u00f3n de pr\u00e1cticas jur\u00eddicas comunitarias<\/strong>\u00a0en un marco legal plural, considerando factores como la compatibilidad con\u00a0<strong>derechos humanos<\/strong>, la interoperabilidad institucional y el\u00a0<strong>contexto epist\u00e9mico<\/strong>. En esencia, este enfoque busca una\u00a0<strong>herramienta te\u00f3rica y operativa<\/strong>\u00a0para fortalecer sistemas normativos diversos y promover un\u00a0<strong>di\u00e1logo jur\u00eddico equitativo<\/strong>\u00a0y contextualizado.<\/p>\n<p><img loading=\"lazy\" decoding=\"async\" class=\"alignnone wp-image-614\" src=\"https:\/\/www.uv.mx\/personal\/cmedel\/files\/2025\/04\/PODCAST-OBSERVES-NUMERO-4-195x300.png\" alt=\"\" width=\"239\" height=\"368\" srcset=\"https:\/\/www.uv.mx\/personal\/cmedel\/files\/2025\/04\/PODCAST-OBSERVES-NUMERO-4-195x300.png 195w, https:\/\/www.uv.mx\/personal\/cmedel\/files\/2025\/04\/PODCAST-OBSERVES-NUMERO-4-70x107.png 70w, https:\/\/www.uv.mx\/personal\/cmedel\/files\/2025\/04\/PODCAST-OBSERVES-NUMERO-4.png 652w\" sizes=\"auto, (max-width: 239px) 100vw, 239px\" \/><\/p>\n<audio class=\"wp-audio-shortcode\" id=\"audio-613-1\" preload=\"none\" style=\"width: 100%;\" controls=\"controls\"><source type=\"audio\/mpeg\" src=\"https:\/\/www.uv.mx\/personal\/cmedel\/files\/2025\/04\/Justice-and-Pluralism_-A-Formal-Framework.mp3?_=1\" \/><a href=\"https:\/\/www.uv.mx\/personal\/cmedel\/files\/2025\/04\/Justice-and-Pluralism_-A-Formal-Framework.mp3\">https:\/\/www.uv.mx\/personal\/cmedel\/files\/2025\/04\/Justice-and-Pluralism_-A-Formal-Framework.mp3<\/a><\/audio>\n<p>&nbsp;<\/p>\n<p>Referencia t\u00e9cnica del podcast Observes\u00a0 n\u00famero 4:<\/p>\n<p><a href=\"https:\/\/www.researchgate.net\/publication\/391238424_Podcast_Observes_numero_4_Framework_Metodologico_para_el_Analisis_del_Pluralismo_Juridico_y_Justicia_Intercultural_en_Mexico_Una_propuesta_basada_en_logica_simbolica_epistemologia_critica_y_estructura\">https:\/\/www.researchgate.net\/publication\/391238424_Podcast_Observes_numero_4_Framework_Metodologico_para_el_Analisis_del_Pluralismo_Juridico_y_Justicia_Intercultural_en_Mexico_Una_propuesta_basada_en_logica_simbolica_epistemologia_critica_y_estructura<\/a><\/p>\n<p>&nbsp;<\/p>\n<p>Acceso a documento:<\/p>\n<p><a href=\"https:\/\/www.researchgate.net\/publication\/390434344_Framework_Metodologico_para_el_Analisis_del_Pluralismo_Juridico_y_Justicia_Intercultural_en_Mexico\">https:\/\/www.researchgate.net\/publication\/390434344_Framework_Metodologico_para_el_Analisis_del_Pluralismo_Juridico_y_Justicia_Intercultural_en_Mexico<\/a><\/p>\n","protected":false},"excerpt":{"rendered":"<p>&nbsp; &nbsp; Framework Metodol\u00f3gico para el An\u00e1lisis del Pluralismo Jur\u00eddico y Justicia Intercultural en M\u00e9xico: Una propuesta basada en l\u00f3gica simb\u00f3lica, epistemolog\u00eda cr\u00edtica y estructuras inferenciales no lineales Carlos Medel-Ram\u00edrez Hilario Medel L\u00f3pez April 2025 DOI: 10.13140\/RG.2.2.26564.54400 License CC BY 4.0 &nbsp; Este texto describe un\u00a0marco metodol\u00f3gico formal\u00a0para analizar el\u00a0pluralismo jur\u00eddico y la justicia intercultural\u00a0en&#8230;<\/p>\n","protected":false},"author":2231,"featured_media":0,"comment_status":"closed","ping_status":"closed","sticky":false,"template":"","format":"standard","meta":{"footnotes":""},"categories":[4],"tags":[],"class_list":["post-613","post","type-post","status-publish","format-standard","hentry","category-miblog"],"_links":{"self":[{"href":"https:\/\/www.uv.mx\/personal\/cmedel\/wp-json\/wp\/v2\/posts\/613","targetHints":{"allow":["GET"]}}],"collection":[{"href":"https:\/\/www.uv.mx\/personal\/cmedel\/wp-json\/wp\/v2\/posts"}],"about":[{"href":"https:\/\/www.uv.mx\/personal\/cmedel\/wp-json\/wp\/v2\/types\/post"}],"author":[{"embeddable":true,"href":"https:\/\/www.uv.mx\/personal\/cmedel\/wp-json\/wp\/v2\/users\/2231"}],"replies":[{"embeddable":true,"href":"https:\/\/www.uv.mx\/personal\/cmedel\/wp-json\/wp\/v2\/comments?post=613"}],"version-history":[{"count":2,"href":"https:\/\/www.uv.mx\/personal\/cmedel\/wp-json\/wp\/v2\/posts\/613\/revisions"}],"predecessor-version":[{"id":617,"href":"https:\/\/www.uv.mx\/personal\/cmedel\/wp-json\/wp\/v2\/posts\/613\/revisions\/617"}],"wp:attachment":[{"href":"https:\/\/www.uv.mx\/personal\/cmedel\/wp-json\/wp\/v2\/media?parent=613"}],"wp:term":[{"taxonomy":"category","embeddable":true,"href":"https:\/\/www.uv.mx\/personal\/cmedel\/wp-json\/wp\/v2\/categories?post=613"},{"taxonomy":"post_tag","embeddable":true,"href":"https:\/\/www.uv.mx\/personal\/cmedel\/wp-json\/wp\/v2\/tags?post=613"}],"curies":[{"name":"wp","href":"https:\/\/api.w.org\/{rel}","templated":true}]}}