{"id":64,"date":"2011-10-18T18:48:57","date_gmt":"2011-10-18T23:48:57","guid":{"rendered":"https:\/\/www.uv.mx\/personal\/albramirez\/?p=64"},"modified":"2012-07-06T16:57:04","modified_gmt":"2012-07-06T21:57:04","slug":"tdie","status":"publish","type":"post","link":"https:\/\/www.uv.mx\/personal\/albramirez\/2011\/10\/18\/tdie\/","title":{"rendered":"Tecnolog\u00eda digital para la investigaci\u00f3n educativa"},"content":{"rendered":"<p>Programa de la materia Tecnolog\u00eda Digital para la Investigaci\u00f3n Educativa (Octubre-Diciembre 2011)<\/p>\n<table style=\"width: 590px;height: 825px\" border=\"2\" cellspacing=\"0\" cellpadding=\"0\">\n<tbody>\n<tr>\n<td valign=\"top\" width=\"76\">18.10<\/td>\n<td valign=\"top\" width=\"356\">Introducci\u00f3n<\/td>\n<\/tr>\n<tr>\n<td valign=\"top\" width=\"76\">25.10<\/td>\n<td valign=\"top\" width=\"356\">Pre Producci\u00f3n de Video<\/p>\n<ul>\n<li>Gui\u00f3n literario<\/li>\n<li>Gui\u00f3n de producci\u00f3n<\/li>\n<li>Tipos de video\n<ul>\n<li>Documental\n<ul>\n<li>Registro de eventos<\/li>\n<li>Entrevistas<\/li>\n<li>Testimonios<\/li>\n<\/ul>\n<\/li>\n<li>Ficci\u00f3n\n<ul>\n<li>Drama<\/li>\n<li>Dramatizaciones<\/li>\n<\/ul>\n<\/li>\n<\/ul>\n<\/li>\n<\/ul>\n<\/td>\n<\/tr>\n<tr>\n<td valign=\"top\" width=\"76\">1.11<\/td>\n<td valign=\"top\" width=\"356\">Producci\u00f3n de video<\/td>\n<\/tr>\n<tr>\n<td valign=\"top\" width=\"76\">8.11<\/td>\n<td valign=\"top\" width=\"356\">Producci\u00f3n de video<\/td>\n<\/tr>\n<tr>\n<td valign=\"top\" width=\"76\">15.11<\/td>\n<td valign=\"top\" width=\"356\">Edici\u00f3n de video<\/p>\n<ul>\n<li>Formatos de video<\/li>\n<li>Conversi\u00f3n de video<\/li>\n<\/ul>\n<\/td>\n<\/tr>\n<tr>\n<td valign=\"top\" width=\"76\">22.11<\/td>\n<td valign=\"top\" width=\"356\">Audio<\/p>\n<ul>\n<li>Audacity<\/li>\n<\/ul>\n<\/td>\n<\/tr>\n<tr>\n<td valign=\"top\" width=\"76\">29.11<\/td>\n<td valign=\"top\" width=\"356\">Distribuci\u00f3n en Web<\/p>\n<ul>\n<li>Servidores de video<\/li>\n<ul>\n<li>subt\u00edtulos<\/li>\n<li>anotaciones<\/li>\n<li>descarga<\/li>\n<\/ul>\n<li>Redes sociales<\/li>\n<li>Google forms<\/li>\n<\/ul>\n<\/td>\n<\/tr>\n<tr>\n<td valign=\"top\" width=\"76\">6.12<\/td>\n<td valign=\"top\" width=\"356\">Cultura Abierta<\/p>\n<ul>\n<li>Software Libre<\/li>\n<li>Creative commons<\/li>\n<\/ul>\n<\/td>\n<\/tr>\n<tr>\n<td valign=\"top\" width=\"76\">13.12<\/td>\n<td valign=\"top\" width=\"356\">Integraci\u00f3n de medios<\/p>\n<ul>\n<li>Videos<\/li>\n<\/ul>\n<\/td>\n<\/tr>\n<\/tbody>\n<\/table>\n","protected":false},"excerpt":{"rendered":"<p>Programa de la materia Tecnolog\u00eda Digital para la Investigaci\u00f3n Educativa (Octubre-Diciembre 2011) 18.10 Introducci\u00f3n 25.10 Pre Producci\u00f3n de Video Gui\u00f3n literario Gui\u00f3n de producci\u00f3n Tipos de video Documental Registro de eventos Entrevistas Testimonios Ficci\u00f3n Drama Dramatizaciones 1.11 Producci\u00f3n de video 8.11 Producci\u00f3n de video 15.11 Edici\u00f3n de video Formatos de video Conversi\u00f3n de video 22.11&#8230;<\/p>\n","protected":false},"author":501,"featured_media":0,"comment_status":"closed","ping_status":"closed","sticky":false,"template":"","format":"standard","meta":{"footnotes":""},"categories":[59,41],"tags":[12,47],"class_list":["post-64","post","type-post","status-publish","format-standard","hentry","category-docencia","category-tecnologia-digital-para-la-investigacion-educativa","tag-cursos","tag-tecnologia-digital-para-la-investigacion-educativa-2"],"_links":{"self":[{"href":"https:\/\/www.uv.mx\/personal\/albramirez\/wp-json\/wp\/v2\/posts\/64","targetHints":{"allow":["GET"]}}],"collection":[{"href":"https:\/\/www.uv.mx\/personal\/albramirez\/wp-json\/wp\/v2\/posts"}],"about":[{"href":"https:\/\/www.uv.mx\/personal\/albramirez\/wp-json\/wp\/v2\/types\/post"}],"author":[{"embeddable":true,"href":"https:\/\/www.uv.mx\/personal\/albramirez\/wp-json\/wp\/v2\/users\/501"}],"replies":[{"embeddable":true,"href":"https:\/\/www.uv.mx\/personal\/albramirez\/wp-json\/wp\/v2\/comments?post=64"}],"version-history":[{"count":0,"href":"https:\/\/www.uv.mx\/personal\/albramirez\/wp-json\/wp\/v2\/posts\/64\/revisions"}],"wp:attachment":[{"href":"https:\/\/www.uv.mx\/personal\/albramirez\/wp-json\/wp\/v2\/media?parent=64"}],"wp:term":[{"taxonomy":"category","embeddable":true,"href":"https:\/\/www.uv.mx\/personal\/albramirez\/wp-json\/wp\/v2\/categories?post=64"},{"taxonomy":"post_tag","embeddable":true,"href":"https:\/\/www.uv.mx\/personal\/albramirez\/wp-json\/wp\/v2\/tags?post=64"}],"curies":[{"name":"wp","href":"https:\/\/api.w.org\/{rel}","templated":true}]}}