{"id":3907,"date":"2020-05-06T12:10:24","date_gmt":"2020-05-06T17:10:24","guid":{"rendered":"https:\/\/www.uv.mx\/personal\/albramirez\/?p=3907"},"modified":"2020-05-07T18:00:00","modified_gmt":"2020-05-07T23:00:00","slug":"mood_sd2","status":"publish","type":"post","link":"https:\/\/www.uv.mx\/personal\/albramirez\/2020\/05\/06\/mood_sd2\/","title":{"rendered":"Saberes digitales para docentes nivel 2"},"content":{"rendered":"<p>Despu\u00e9s de 45mil inscritos en el MOOC de Saberes Digitales para docentes nivel 1, valorando la aceptaci\u00f3n de nuestros colegas de educaci\u00f3n b\u00e1sica, sus comentarios y sugerencias, nos dispusimos a lanzar el nivel 2 de esta serie de cursos abiertos masivos y en l\u00ednea, en el que buscamos que los participantes ampl\u00eden sus capacidades iniciales de uso de dispositivos digitales principales mediante el uso de herramientas en l\u00ednea y la instalaci\u00f3n de programas inform\u00e1ticos o apps para diversificar las posibilidades de atenci\u00f3n de situaciones propias de cualquier contexto escolar.<\/p>\n<p>Los saberes digitales son una estructura graduada de conocimientos y habilidades que hacen observables las destrezas que poseen los actores educativos al manipular archivos, dispositivos digitales o software especializado; crear documentos de texto, conjuntos de datos o multimedia; y al comunicarse o colaborar en entornos digitales, demostrando un nivel adecuado de ciudadan\u00eda y literacidad.<br \/>\nEn este curso se abordan los diez saberes digitales, en diez cap\u00edtulos de corta duraci\u00f3n orientados a habilitar a los docentes del sistema educativo mexicano en el uso de la tecnolog\u00eda digital para su planeaci\u00f3n de clase, impartici\u00f3n, evaluaci\u00f3n de los aprendizajes e inclusive el control escolar. El curso requiere de una dedicaci\u00f3n aproximada de 40 horas, distribuidas idealmente en cinco semanas.<\/p>\n<p>Los contenidos del curso derivan de una investigaci\u00f3n que hemos realizado en la Universidad Veracruzana con profesores y estudiantes de todos los niveles del sistema educativo Mexicano en el que diferenciamos sus saberes digitales seg\u00fan el subsistema en el que imparten clase, o la disciplina acad\u00e9mica a la que est\u00e1n adscritos en caso de la educaci\u00f3n superior.<\/p>\n<p>El curso tiene un enfoque pr\u00e1ctico. Abordamos los sobares digitales a trav\u00e9s de situaciones de aplicaci\u00f3n familiar para los docentes de educaci\u00f3n b\u00e1sica fomentando as\u00ed la transferencia de lo aprendido en el curso a sus actividades cotidianas de docencia. La din\u00e1mica de trabajo de este curso le resultar\u00e1 sencilla, ya que hemos dado continuidad a la estructura y tipo de actividades que empleamos en el nivel 1.<\/p>\n<p style=\"text-align: center\"><iframe loading=\"lazy\" src=\"https:\/\/www.youtube.com\/embed\/jCjNvmM_rUE\" width=\"560\" height=\"315\" frameborder=\"0\" allowfullscreen=\"allowfullscreen\"><\/iframe><\/p>\n<p>La versi\u00f3n descargable del curso 2 la puede encontrar usted <a href=\"https:\/\/www.uv.mx\/personal\/albramirez\/files\/2020\/05\/libro_mooc_saberes_digitales2.pdf\">aqu\u00ed<\/a>.<\/p>\n<p><a href=\"https:\/\/www.uv.mx\/personal\/albramirez\/files\/2020\/05\/libro_mooc_saberes_digitales2.pdf\"><img loading=\"lazy\" decoding=\"async\" class=\"aligncenter size-medium wp-image-3909\" src=\"https:\/\/www.uv.mx\/personal\/albramirez\/files\/2020\/05\/portada_mooc2-231x300.png\" alt=\"\" width=\"231\" height=\"300\" srcset=\"https:\/\/www.uv.mx\/personal\/albramirez\/files\/2020\/05\/portada_mooc2-231x300.png 231w, https:\/\/www.uv.mx\/personal\/albramirez\/files\/2020\/05\/portada_mooc2.png 596w\" sizes=\"auto, (max-width: 231px) 100vw, 231px\" \/><\/a><\/p>\n","protected":false},"excerpt":{"rendered":"<p>Despu\u00e9s de 45mil inscritos en el MOOC de Saberes Digitales para docentes nivel 1, valorando la aceptaci\u00f3n de nuestros colegas de educaci\u00f3n b\u00e1sica, sus comentarios y sugerencias, nos dispusimos a lanzar el nivel 2 de esta serie de cursos abiertos masivos y en l\u00ednea, en el que buscamos que los participantes ampl\u00eden sus capacidades iniciales&#8230;<\/p>\n","protected":false},"author":501,"featured_media":0,"comment_status":"open","ping_status":"open","sticky":false,"template":"","format":"standard","meta":{"footnotes":""},"categories":[82,4,64,49,59,79,41],"tags":[],"class_list":["post-3907","post","type-post","status-publish","format-standard","hentry","category-actividades","category-miblog","category-cultura-abierta-2","category-cursos-academico","category-docencia","category-saberes-digitales","category-tecnologia-digital-para-la-investigacion-educativa"],"_links":{"self":[{"href":"https:\/\/www.uv.mx\/personal\/albramirez\/wp-json\/wp\/v2\/posts\/3907","targetHints":{"allow":["GET"]}}],"collection":[{"href":"https:\/\/www.uv.mx\/personal\/albramirez\/wp-json\/wp\/v2\/posts"}],"about":[{"href":"https:\/\/www.uv.mx\/personal\/albramirez\/wp-json\/wp\/v2\/types\/post"}],"author":[{"embeddable":true,"href":"https:\/\/www.uv.mx\/personal\/albramirez\/wp-json\/wp\/v2\/users\/501"}],"replies":[{"embeddable":true,"href":"https:\/\/www.uv.mx\/personal\/albramirez\/wp-json\/wp\/v2\/comments?post=3907"}],"version-history":[{"count":0,"href":"https:\/\/www.uv.mx\/personal\/albramirez\/wp-json\/wp\/v2\/posts\/3907\/revisions"}],"wp:attachment":[{"href":"https:\/\/www.uv.mx\/personal\/albramirez\/wp-json\/wp\/v2\/media?parent=3907"}],"wp:term":[{"taxonomy":"category","embeddable":true,"href":"https:\/\/www.uv.mx\/personal\/albramirez\/wp-json\/wp\/v2\/categories?post=3907"},{"taxonomy":"post_tag","embeddable":true,"href":"https:\/\/www.uv.mx\/personal\/albramirez\/wp-json\/wp\/v2\/tags?post=3907"}],"curies":[{"name":"wp","href":"https:\/\/api.w.org\/{rel}","templated":true}]}}