{"id":263,"date":"2012-11-28T00:42:35","date_gmt":"2012-11-28T06:42:35","guid":{"rendered":"https:\/\/www.uv.mx\/orizaba\/?p=263"},"modified":"2013-02-13T15:15:44","modified_gmt":"2013-02-13T21:15:44","slug":"deportes","status":"publish","type":"post","link":"https:\/\/www.uv.mx\/orizaba\/extension\/deportes\/","title":{"rendered":"Deportes"},"content":{"rendered":"<p style=\"text-align: justify\">En la Coordinaci\u00f3n Regional de Actividades Deportivas se trabaja actualmente bajo un esquema\u00a0 de tres programas institucionales, que son la parte medular de toda actividad\u00a0 que se realiza dentro de la dependencia y que rigen la vida diaria de la misma.<\/p>\n<div>\n<p style=\"text-align: justify\">El primero de ellos llamado AFEL (\u00e1rea de formaci\u00f3n de elecci\u00f3n libre), tiene como\u00a0 objetivo primordial, el beneficio del aumento de la matr\u00edcula para la captaci\u00f3n\u00a0 de alumnos que hagan practica deportiva. As\u00ed mismo, trata de fomentar el h\u00e1bito\u00a0 del deporte, la utilizaci\u00f3n de tiempo libre satisfactoriamente, el desarrollo\u00a0 integral del alumno y la obtenci\u00f3n de cr\u00e9ditos (4) con valor curricular para la\u00a0 culminaci\u00f3n de sus estudios profesionales.<\/p>\n<p style=\"text-align: justify\">El segundo denominado como Programa de Desarrollo Deportivo, tiene como objetivo principal,\u00a0 la participaci\u00f3n masiva de la comunidad universitaria como vinculaci\u00f3n directa\u00a0 entre deporte y alumno en forma voluntaria, destacando adem\u00e1s la captaci\u00f3n de\u00a0 talentos para los equipos representativos en los deportes que ofrece la\u00a0 instituci\u00f3n.<\/p>\n<ul>\n<li>Torneos\u00a0 interiores<\/li>\n<li>Torneos\u00a0 inter facultades<\/li>\n<li>Semanas\u00a0 Estudiantiles<\/li>\n<li>Festival\u00a0 Deportivo Estatal Universitario.<\/li>\n<li>Torneo\u00a0 de Empleados Universitarios<\/li>\n<\/ul>\n<p>&nbsp;<\/p>\n<p style=\"text-align: justify\">Por \u00faltimo tenemos a el programa de Deporte Selectivo, y que en lo\u00a0 que ata\u00f1e a este programa tambi\u00e9n denominado deporte de Competencia, el\u00a0 beneficio primordial es la selecci\u00f3n, integraci\u00f3n y consolidaci\u00f3n de los\u00a0 equipos y selecciones de la Universidad\u00a0\u00a0 Veracruzana que participan en los deportes y calendarios de\u00a0 competencias oficiales de el Consejo Nacional del Deporte de la educaci\u00f3n\u00a0 (CONDDE), o alg\u00fan otro en que se participe que otorgue prestigio y\u00a0 reconocimiento institucional a nivel Nacional y mundial.<\/p>\n<ul>\n<li>Juegos\u00a0 Estatales de Educaci\u00f3n Superior<\/li>\n<li>Juegos\u00a0 Regionales de Educaci\u00f3n Superior<\/li>\n<li>Universiada\u00a0 Nacional<\/li>\n<li>Universiada\u00a0 Mundial<\/li>\n<\/ul>\n<\/div>\n","protected":false},"excerpt":{"rendered":"<p>En la Coordinaci\u00f3n Regional de Actividades Deportivas se trabaja actualmente bajo un esquema\u00a0 de tres programas institucionales, que son la parte medular de toda actividad\u00a0 que se realiza dentro de la dependencia y que rigen la vida diaria de la misma. El primero de ellos llamado AFEL (\u00e1rea de formaci\u00f3n de elecci\u00f3n libre), tiene como\u00a0 [&hellip;]<\/p>\n","protected":false},"author":3,"featured_media":0,"comment_status":"closed","ping_status":"closed","sticky":false,"template":"","format":"standard","meta":{"ventana_nueva":"","tipo_url":"","url":"","extracto":"","imagen_halign":"","imagen_valign":"","bg_size":"","text_hide":"","media_url":"","tipo_media":"","video_url":"","video_pos":"","video_youtube":""},"categories":[7],"tags":[],"_links":{"self":[{"href":"https:\/\/www.uv.mx\/orizaba\/wp-json\/wp\/v2\/posts\/263"}],"collection":[{"href":"https:\/\/www.uv.mx\/orizaba\/wp-json\/wp\/v2\/posts"}],"about":[{"href":"https:\/\/www.uv.mx\/orizaba\/wp-json\/wp\/v2\/types\/post"}],"author":[{"embeddable":true,"href":"https:\/\/www.uv.mx\/orizaba\/wp-json\/wp\/v2\/users\/3"}],"replies":[{"embeddable":true,"href":"https:\/\/www.uv.mx\/orizaba\/wp-json\/wp\/v2\/comments?post=263"}],"version-history":[{"count":0,"href":"https:\/\/www.uv.mx\/orizaba\/wp-json\/wp\/v2\/posts\/263\/revisions"}],"wp:attachment":[{"href":"https:\/\/www.uv.mx\/orizaba\/wp-json\/wp\/v2\/media?parent=263"}],"wp:term":[{"taxonomy":"category","embeddable":true,"href":"https:\/\/www.uv.mx\/orizaba\/wp-json\/wp\/v2\/categories?post=263"},{"taxonomy":"post_tag","embeddable":true,"href":"https:\/\/www.uv.mx\/orizaba\/wp-json\/wp\/v2\/tags?post=263"}],"curies":[{"name":"wp","href":"https:\/\/api.w.org\/{rel}","templated":true}]}}