{"id":5011,"date":"2024-11-27T13:27:07","date_gmt":"2024-11-27T19:27:07","guid":{"rendered":"https:\/\/www.uv.mx\/max\/?p=5011"},"modified":"2024-11-27T13:27:07","modified_gmt":"2024-11-27T19:27:07","slug":"mas-alla-de-este-lugar-de-ira-y-llantos","status":"publish","type":"post","link":"https:\/\/www.uv.mx\/max\/exposiciones-temporales\/mas-alla-de-este-lugar-de-ira-y-llantos\/","title":{"rendered":"M\u00e1s all\u00e1 de este lugar de ira y llantos"},"content":{"rendered":"<h5 data-olk-copy-source=\"MessageBody\"><img decoding=\"async\" loading=\"lazy\" class=\"aligncenter size-large wp-image-5002\" src=\"https:\/\/www.uv.mx\/max\/files\/2024\/11\/invitacion-mas-alla-02-727x1024.png\" alt=\"\" width=\"727\" height=\"1024\" srcset=\"https:\/\/www.uv.mx\/max\/files\/2024\/11\/invitacion-mas-alla-02-727x1024.png 727w, https:\/\/www.uv.mx\/max\/files\/2024\/11\/invitacion-mas-alla-02-213x300.png 213w, https:\/\/www.uv.mx\/max\/files\/2024\/11\/invitacion-mas-alla-02-17x24.png 17w, https:\/\/www.uv.mx\/max\/files\/2024\/11\/invitacion-mas-alla-02-26x36.png 26w, https:\/\/www.uv.mx\/max\/files\/2024\/11\/invitacion-mas-alla-02-34x48.png 34w, https:\/\/www.uv.mx\/max\/files\/2024\/11\/invitacion-mas-alla-02.png 750w\" sizes=\"(max-width: 727px) 100vw, 727px\" \/><\/h5>\n<p>&nbsp;<\/p>\n<h5 data-olk-copy-source=\"MessageBody\"><\/h5>\n<h5>Cuando la sensible pluma de William Henry escribi\u00f3 el c\u00e9lebre poema que m\u00e1s tarde ser\u00eda titulado <em>Invictus, <\/em>su cuerpo padec\u00eda las secuelas de una tuberculosis que lo tendi\u00f3 en cama por meses y le caus\u00f3 un terrible da\u00f1o a su cuerpo, provoc\u00e1ndole una joven muerte a los 53 a\u00f1os tras una vida de lucha y dolor que enfrent\u00f3 con fortaleza. Al igual que la enfermedad del poeta, en el mundo actual se libran a diario batallas contra un padecimiento que aqueja al ser humano desde el inicio de los tiempos, causante de dolor, miseria, pobreza, desplazamiento y, sobre todo, violencia: la guerra.<\/h5>\n<p>&nbsp;<\/p>\n<h5>La fotograf\u00eda de guerra ha sido un escaparate para mostrar los peores escenarios que acechan en el mundo y que por desgracia no son pocos. Los frentes de guerra son escenario de las crueles batallas donde a los j\u00f3venes se les arrebatan los sue\u00f1os para convertirse en instrumentos del estado, cargar un fusil y dejar la vida en un hilo, sometidos bajo una lluvia de metralla que se cierne sobre sus cabezas sin que nadie escuche sus palabras, sus anhelos ni mucho menos sus miedos. \u00a0Es ah\u00ed donde existe la necesidad de hacer un registro en im\u00e1genes que denuncie los lugares de la ira, y revele los sitos donde reina el llanto.<\/h5>\n<p>&nbsp;<\/p>\n<h5>Esta muestra abarca m\u00e1s de 6 a\u00f1os de trabajo en diversos conflictos armados del siglo XXI; desde una invasi\u00f3n en Ucrania que lleva m\u00e1s de mil d\u00edas perpetrando cr\u00edmenes y abusos en personas inocentes y ha causado millones de desplazados, pasando por los territorios latinoamericanos donde el pueblo defiende su soberan\u00eda tomando las calles y haciendo frente al ej\u00e9rcito y la polic\u00eda en cruentas batallas. Del mismo modo, se presenta la triste realidad de una isla caribe\u00f1a cuyos ni\u00f1os se han convertido en soldados armados que corren en sandalias hacia un futuro incierto.<\/h5>\n<p>&nbsp;<\/p>\n<h5><em>M\u00e1s all\u00e1 de este lugar de ira y llantos<\/em>, como en el poema de William Henry, es un llamado a no dejarse vencer y a mantener la dignidad frente a los tiempos oscuros, y tambi\u00e9n una invitaci\u00f3n a observar la realidad que nos duele, nos estorba y nos disgusta para dar lugar a quienes la viven en carne propia y pese a la adversidad mantienen el temple, no se quiebran ante los sonidos de las balas y pelean por seguir vivos en este mundo de caos.<\/h5>\n<div id=\"x_x_x_Signature\">\n<p>&nbsp;<\/p>\n<hr \/>\n<\/div>\n<p>&nbsp;<\/p>\n<figure id=\"attachment_5005\" aria-describedby=\"caption-attachment-5005\" style=\"width: 745px\" class=\"wp-caption aligncenter\"><img decoding=\"async\" loading=\"lazy\" class=\"wp-image-5005 size-full\" src=\"https:\/\/www.uv.mx\/max\/files\/2024\/11\/Quintanar1.jpg\" alt=\"\" width=\"745\" height=\"496\" srcset=\"https:\/\/www.uv.mx\/max\/files\/2024\/11\/Quintanar1.jpg 745w, https:\/\/www.uv.mx\/max\/files\/2024\/11\/Quintanar1-300x200.jpg 300w, https:\/\/www.uv.mx\/max\/files\/2024\/11\/Quintanar1-24x16.jpg 24w, https:\/\/www.uv.mx\/max\/files\/2024\/11\/Quintanar1-36x24.jpg 36w, https:\/\/www.uv.mx\/max\/files\/2024\/11\/Quintanar1-48x32.jpg 48w\" sizes=\"(max-width: 745px) 100vw, 745px\" \/><figcaption id=\"caption-attachment-5005\" class=\"wp-caption-text\">\u00a0<\/figcaption><\/figure>\n<p>&nbsp;<\/p>\n<figure id=\"attachment_5004\" aria-describedby=\"caption-attachment-5004\" style=\"width: 742px\" class=\"wp-caption aligncenter\"><img decoding=\"async\" loading=\"lazy\" class=\"wp-image-5004 size-full\" src=\"https:\/\/www.uv.mx\/max\/files\/2024\/11\/Quintanar2.jpg\" alt=\"\" width=\"742\" height=\"494\" srcset=\"https:\/\/www.uv.mx\/max\/files\/2024\/11\/Quintanar2.jpg 742w, https:\/\/www.uv.mx\/max\/files\/2024\/11\/Quintanar2-300x200.jpg 300w, https:\/\/www.uv.mx\/max\/files\/2024\/11\/Quintanar2-740x494.jpg 740w, https:\/\/www.uv.mx\/max\/files\/2024\/11\/Quintanar2-24x16.jpg 24w, https:\/\/www.uv.mx\/max\/files\/2024\/11\/Quintanar2-36x24.jpg 36w, https:\/\/www.uv.mx\/max\/files\/2024\/11\/Quintanar2-48x32.jpg 48w\" sizes=\"(max-width: 742px) 100vw, 742px\" \/><figcaption id=\"caption-attachment-5004\" class=\"wp-caption-text\">\u00a0<\/figcaption><\/figure>\n<p>&nbsp;<\/p>\n<figure id=\"attachment_5003\" aria-describedby=\"caption-attachment-5003\" style=\"width: 750px\" class=\"wp-caption aligncenter\"><img decoding=\"async\" loading=\"lazy\" class=\"wp-image-5003 size-full\" src=\"https:\/\/www.uv.mx\/max\/files\/2024\/11\/Quintanar3.jpg\" alt=\"\" width=\"750\" height=\"501\" srcset=\"https:\/\/www.uv.mx\/max\/files\/2024\/11\/Quintanar3.jpg 750w, https:\/\/www.uv.mx\/max\/files\/2024\/11\/Quintanar3-300x200.jpg 300w, https:\/\/www.uv.mx\/max\/files\/2024\/11\/Quintanar3-24x16.jpg 24w, https:\/\/www.uv.mx\/max\/files\/2024\/11\/Quintanar3-36x24.jpg 36w, https:\/\/www.uv.mx\/max\/files\/2024\/11\/Quintanar3-48x32.jpg 48w\" sizes=\"(max-width: 750px) 100vw, 750px\" \/><figcaption id=\"caption-attachment-5003\" class=\"wp-caption-text\">\u00a0<\/figcaption><\/figure>\n<p>&nbsp;<\/p>\n<div id=\"x_x_x_Signature\">\n<p>&nbsp;<\/p>\n<\/div>\n","protected":false},"excerpt":{"rendered":"<p>&nbsp; Cuando la sensible pluma de William Henry escribi\u00f3 el c\u00e9lebre poema que m\u00e1s tarde ser\u00eda titulado Invictus, su cuerpo padec\u00eda las secuelas de una tuberculosis que lo tendi\u00f3 en cama por meses y le caus\u00f3 un terrible da\u00f1o a su cuerpo, provoc\u00e1ndole una joven muerte a los 53 a\u00f1os tras una vida de lucha [&hellip;]<\/p>\n","protected":false},"author":1870,"featured_media":5001,"comment_status":"closed","ping_status":"closed","sticky":false,"template":"","format":"standard","meta":[],"categories":[19],"tags":[],"_links":{"self":[{"href":"https:\/\/www.uv.mx\/max\/wp-json\/wp\/v2\/posts\/5011"}],"collection":[{"href":"https:\/\/www.uv.mx\/max\/wp-json\/wp\/v2\/posts"}],"about":[{"href":"https:\/\/www.uv.mx\/max\/wp-json\/wp\/v2\/types\/post"}],"author":[{"embeddable":true,"href":"https:\/\/www.uv.mx\/max\/wp-json\/wp\/v2\/users\/1870"}],"replies":[{"embeddable":true,"href":"https:\/\/www.uv.mx\/max\/wp-json\/wp\/v2\/comments?post=5011"}],"version-history":[{"count":1,"href":"https:\/\/www.uv.mx\/max\/wp-json\/wp\/v2\/posts\/5011\/revisions"}],"predecessor-version":[{"id":5012,"href":"https:\/\/www.uv.mx\/max\/wp-json\/wp\/v2\/posts\/5011\/revisions\/5012"}],"wp:featuredmedia":[{"embeddable":true,"href":"https:\/\/www.uv.mx\/max\/wp-json\/wp\/v2\/media\/5001"}],"wp:attachment":[{"href":"https:\/\/www.uv.mx\/max\/wp-json\/wp\/v2\/media?parent=5011"}],"wp:term":[{"taxonomy":"category","embeddable":true,"href":"https:\/\/www.uv.mx\/max\/wp-json\/wp\/v2\/categories?post=5011"},{"taxonomy":"post_tag","embeddable":true,"href":"https:\/\/www.uv.mx\/max\/wp-json\/wp\/v2\/tags?post=5011"}],"curies":[{"name":"wp","href":"https:\/\/api.w.org\/{rel}","templated":true}]}}