{"id":337,"date":"2014-11-14T10:28:22","date_gmt":"2014-11-14T16:28:22","guid":{"rendered":"https:\/\/www.uv.mx\/max\/?p=337"},"modified":"2016-07-05T11:22:24","modified_gmt":"2016-07-05T16:22:24","slug":"domingos-culturales","status":"publish","type":"post","link":"https:\/\/www.uv.mx\/max\/fin-de-semana\/domingos-culturales\/","title":{"rendered":"Domingos Culturales"},"content":{"rendered":"<p><span style=\"font-size: 12pt\">Con el fin de brindar a toda la comunidad eventos art\u00edsticos de calidad, la Direcci\u00f3n de Difusi\u00f3n Cultural de la Universidad Veracruzana lleva a cabo recitales y conciertos en el Auditorio del MAX\u00a0 todos los domingos a las 13:00 horas.<\/span><\/p>\n<p><span style=\"font-size: 12pt\">Informes: Direcci\u00f3n de Difusi\u00f3n Cultural https:\/\/www.uv.mx\/difusioncultural\/<\/span><\/p>\n<p><span style=\"font-size: 12pt\">Entrada libre<\/span><\/p>\n<p>&nbsp;<\/p>\n<figure id=\"attachment_652\" aria-describedby=\"caption-attachment-652\" style=\"width: 938px\" class=\"wp-caption aligncenter\"><a href=\"https:\/\/www.uv.mx\/max\/files\/2014\/11\/En_Lace_3-1-938x320.jpg\"><img decoding=\"async\" loading=\"lazy\" class=\"wp-image-652 size-full\" src=\"https:\/\/www.uv.mx\/max\/files\/2014\/11\/En_Lace_3-1-938x320.jpg\" alt=\"\u00a0\" width=\"938\" height=\"320\" srcset=\"https:\/\/www.uv.mx\/max\/files\/2014\/11\/En_Lace_3-1-938x320.jpg 938w, https:\/\/www.uv.mx\/max\/files\/2014\/11\/En_Lace_3-1-938x320-300x102.jpg 300w, https:\/\/www.uv.mx\/max\/files\/2014\/11\/En_Lace_3-1-938x320-24x8.jpg 24w, https:\/\/www.uv.mx\/max\/files\/2014\/11\/En_Lace_3-1-938x320-36x12.jpg 36w, https:\/\/www.uv.mx\/max\/files\/2014\/11\/En_Lace_3-1-938x320-48x16.jpg 48w\" sizes=\"(max-width: 938px) 100vw, 938px\" \/><\/a><figcaption id=\"caption-attachment-652\" class=\"wp-caption-text\">\u00a0<\/figcaption><\/figure>\n<p>&nbsp;<\/p>\n","protected":false},"excerpt":{"rendered":"<p>Con el fin de brindar a toda la comunidad eventos art\u00edsticos de calidad, la Direcci\u00f3n de Difusi\u00f3n Cultural de la Universidad Veracruzana lleva a cabo recitales y conciertos en el Auditorio del MAX\u00a0 todos los domingos a las 13:00 horas. Informes: Direcci\u00f3n de Difusi\u00f3n Cultural https:\/\/www.uv.mx\/difusioncultural\/ Entrada libre &nbsp; &nbsp;<\/p>\n","protected":false},"author":1870,"featured_media":651,"comment_status":"closed","ping_status":"closed","sticky":false,"template":"","format":"standard","meta":[],"categories":[8],"tags":[],"_links":{"self":[{"href":"https:\/\/www.uv.mx\/max\/wp-json\/wp\/v2\/posts\/337"}],"collection":[{"href":"https:\/\/www.uv.mx\/max\/wp-json\/wp\/v2\/posts"}],"about":[{"href":"https:\/\/www.uv.mx\/max\/wp-json\/wp\/v2\/types\/post"}],"author":[{"embeddable":true,"href":"https:\/\/www.uv.mx\/max\/wp-json\/wp\/v2\/users\/1870"}],"replies":[{"embeddable":true,"href":"https:\/\/www.uv.mx\/max\/wp-json\/wp\/v2\/comments?post=337"}],"version-history":[{"count":0,"href":"https:\/\/www.uv.mx\/max\/wp-json\/wp\/v2\/posts\/337\/revisions"}],"wp:featuredmedia":[{"embeddable":true,"href":"https:\/\/www.uv.mx\/max\/wp-json\/wp\/v2\/media\/651"}],"wp:attachment":[{"href":"https:\/\/www.uv.mx\/max\/wp-json\/wp\/v2\/media?parent=337"}],"wp:term":[{"taxonomy":"category","embeddable":true,"href":"https:\/\/www.uv.mx\/max\/wp-json\/wp\/v2\/categories?post=337"},{"taxonomy":"post_tag","embeddable":true,"href":"https:\/\/www.uv.mx\/max\/wp-json\/wp\/v2\/tags?post=337"}],"curies":[{"name":"wp","href":"https:\/\/api.w.org\/{rel}","templated":true}]}}