
{"id":8748,"date":"2022-12-01T19:19:49","date_gmt":"2022-12-02T01:19:49","guid":{"rendered":"https:\/\/www.uv.mx\/filu\/?p=8748"},"modified":"2022-12-05T10:43:09","modified_gmt":"2022-12-05T16:43:09","slug":"galeria-04-septiembre-2022","status":"publish","type":"post","link":"https:\/\/www.uv.mx\/filu\/galeria2022\/galeria-04-septiembre-2022\/","title":{"rendered":"Galer\u00eda 04 septiembre 2022"},"content":{"rendered":"<h4>Presentaci\u00f3n del libro Arte desde el interior y \u00a1Bravo Xalapa! Fiesta Cultural <\/h4>\n<p><div id='gallery-1' class='gallery galleryid-8748 gallery-columns-3 gallery-size-medium'><figure class='gallery-item'>\n\t\t\t<div class='gallery-icon landscape'>\n\t\t\t\t<a href='https:\/\/www.uv.mx\/filu\/files\/2022\/12\/040922-Arte-desde-el-interior-1.jpg'><img loading=\"lazy\" decoding=\"async\" width=\"300\" height=\"200\" src=\"https:\/\/www.uv.mx\/filu\/files\/2022\/12\/040922-Arte-desde-el-interior-1-300x200.jpg\" class=\"attachment-medium size-medium\" alt=\"\" srcset=\"https:\/\/www.uv.mx\/filu\/files\/2022\/12\/040922-Arte-desde-el-interior-1-300x200.jpg 300w, https:\/\/www.uv.mx\/filu\/files\/2022\/12\/040922-Arte-desde-el-interior-1.jpg 722w\" sizes=\"auto, (max-width: 300px) 100vw, 300px\" \/><\/a>\n\t\t\t<\/div><\/figure><figure class='gallery-item'>\n\t\t\t<div class='gallery-icon portrait'>\n\t\t\t\t<a href='https:\/\/www.uv.mx\/filu\/files\/2022\/12\/040922-Arte-desde-el-interior-2.jpg'><img loading=\"lazy\" decoding=\"async\" width=\"225\" height=\"300\" src=\"https:\/\/www.uv.mx\/filu\/files\/2022\/12\/040922-Arte-desde-el-interior-2-225x300.jpg\" class=\"attachment-medium size-medium\" alt=\"\" srcset=\"https:\/\/www.uv.mx\/filu\/files\/2022\/12\/040922-Arte-desde-el-interior-2-225x300.jpg 225w, https:\/\/www.uv.mx\/filu\/files\/2022\/12\/040922-Arte-desde-el-interior-2.jpg 481w\" sizes=\"auto, (max-width: 225px) 100vw, 225px\" \/><\/a>\n\t\t\t<\/div><\/figure>\n\t\t<\/div>\n<br \/>\n&nbsp;<\/p>\n<h4>Presentaci\u00f3n del libro Cr\u00f3nica del puerto de Veracruz <\/h4>\n<p><div id='gallery-2' class='gallery galleryid-8748 gallery-columns-3 gallery-size-medium'><figure class='gallery-item'>\n\t\t\t<div class='gallery-icon landscape'>\n\t\t\t\t<a href='https:\/\/www.uv.mx\/filu\/files\/2022\/12\/04092022-Presentacion-libro-Cronica-del-puerto-1-1.jpg'><img loading=\"lazy\" decoding=\"async\" width=\"300\" height=\"200\" src=\"https:\/\/www.uv.mx\/filu\/files\/2022\/12\/04092022-Presentacion-libro-Cronica-del-puerto-1-1-300x200.jpg\" class=\"attachment-medium size-medium\" alt=\"\" srcset=\"https:\/\/www.uv.mx\/filu\/files\/2022\/12\/04092022-Presentacion-libro-Cronica-del-puerto-1-1-300x200.jpg 300w, https:\/\/www.uv.mx\/filu\/files\/2022\/12\/04092022-Presentacion-libro-Cronica-del-puerto-1-1.jpg 722w\" sizes=\"auto, (max-width: 300px) 100vw, 300px\" \/><\/a>\n\t\t\t<\/div><\/figure><figure class='gallery-item'>\n\t\t\t<div class='gallery-icon landscape'>\n\t\t\t\t<a href='https:\/\/www.uv.mx\/filu\/files\/2022\/12\/04092022-Presentacion-libro-Cronica-del-puerto-2-1.jpg'><img loading=\"lazy\" decoding=\"async\" width=\"300\" height=\"200\" src=\"https:\/\/www.uv.mx\/filu\/files\/2022\/12\/04092022-Presentacion-libro-Cronica-del-puerto-2-1-300x200.jpg\" class=\"attachment-medium size-medium\" alt=\"\" srcset=\"https:\/\/www.uv.mx\/filu\/files\/2022\/12\/04092022-Presentacion-libro-Cronica-del-puerto-2-1-300x200.jpg 300w, https:\/\/www.uv.mx\/filu\/files\/2022\/12\/04092022-Presentacion-libro-Cronica-del-puerto-2-1.jpg 722w\" sizes=\"auto, (max-width: 300px) 100vw, 300px\" \/><\/a>\n\t\t\t<\/div><\/figure><figure class='gallery-item'>\n\t\t\t<div class='gallery-icon landscape'>\n\t\t\t\t<a href='https:\/\/www.uv.mx\/filu\/files\/2022\/12\/04092022-Presentacion-libro-Cronica-del-puerto-3-1.jpg'><img loading=\"lazy\" decoding=\"async\" width=\"300\" height=\"200\" src=\"https:\/\/www.uv.mx\/filu\/files\/2022\/12\/04092022-Presentacion-libro-Cronica-del-puerto-3-1-300x200.jpg\" class=\"attachment-medium size-medium\" alt=\"\" srcset=\"https:\/\/www.uv.mx\/filu\/files\/2022\/12\/04092022-Presentacion-libro-Cronica-del-puerto-3-1-300x200.jpg 300w, https:\/\/www.uv.mx\/filu\/files\/2022\/12\/04092022-Presentacion-libro-Cronica-del-puerto-3-1.jpg 722w\" sizes=\"auto, (max-width: 300px) 100vw, 300px\" \/><\/a>\n\t\t\t<\/div><\/figure>\n\t\t<\/div>\n<br \/>\n&nbsp;<\/p>\n<h4>Encuentro de moneros<\/h4>\n<p><div id='gallery-3' class='gallery galleryid-8748 gallery-columns-3 gallery-size-medium'><figure class='gallery-item'>\n\t\t\t<div class='gallery-icon landscape'>\n\t\t\t\t<a href='https:\/\/www.uv.mx\/filu\/files\/2022\/12\/040922-Encuentro-moneros-1.jpg'><img loading=\"lazy\" decoding=\"async\" width=\"300\" height=\"200\" src=\"https:\/\/www.uv.mx\/filu\/files\/2022\/12\/040922-Encuentro-moneros-1-300x200.jpg\" class=\"attachment-medium size-medium\" alt=\"\" srcset=\"https:\/\/www.uv.mx\/filu\/files\/2022\/12\/040922-Encuentro-moneros-1-300x200.jpg 300w, https:\/\/www.uv.mx\/filu\/files\/2022\/12\/040922-Encuentro-moneros-1.jpg 722w\" sizes=\"auto, (max-width: 300px) 100vw, 300px\" \/><\/a>\n\t\t\t<\/div><\/figure><figure class='gallery-item'>\n\t\t\t<div class='gallery-icon landscape'>\n\t\t\t\t<a href='https:\/\/www.uv.mx\/filu\/files\/2022\/12\/040922-Encuentro-moneros-3.jpg'><img loading=\"lazy\" decoding=\"async\" width=\"300\" height=\"200\" src=\"https:\/\/www.uv.mx\/filu\/files\/2022\/12\/040922-Encuentro-moneros-3-300x200.jpg\" class=\"attachment-medium size-medium\" alt=\"\" srcset=\"https:\/\/www.uv.mx\/filu\/files\/2022\/12\/040922-Encuentro-moneros-3-300x200.jpg 300w, https:\/\/www.uv.mx\/filu\/files\/2022\/12\/040922-Encuentro-moneros-3.jpg 722w\" sizes=\"auto, (max-width: 300px) 100vw, 300px\" \/><\/a>\n\t\t\t<\/div><\/figure>\n\t\t<\/div>\n<br \/>\n&nbsp;<\/p>\n<h4>Presentaci\u00f3n del libro Gabo y Mercedes: una despedida<\/h4>\n<div id='gallery-4' class='gallery galleryid-8748 gallery-columns-3 gallery-size-medium'><figure class='gallery-item'>\n\t\t\t<div class='gallery-icon landscape'>\n\t\t\t\t<a href='https:\/\/www.uv.mx\/filu\/files\/2022\/12\/040922-Gabo-y-Mercedes-2.jpg'><img loading=\"lazy\" decoding=\"async\" width=\"300\" height=\"200\" src=\"https:\/\/www.uv.mx\/filu\/files\/2022\/12\/040922-Gabo-y-Mercedes-2-300x200.jpg\" class=\"attachment-medium size-medium\" alt=\"\" srcset=\"https:\/\/www.uv.mx\/filu\/files\/2022\/12\/040922-Gabo-y-Mercedes-2-300x200.jpg 300w, https:\/\/www.uv.mx\/filu\/files\/2022\/12\/040922-Gabo-y-Mercedes-2.jpg 722w\" sizes=\"auto, (max-width: 300px) 100vw, 300px\" \/><\/a>\n\t\t\t<\/div><\/figure><figure class='gallery-item'>\n\t\t\t<div class='gallery-icon landscape'>\n\t\t\t\t<a href='https:\/\/www.uv.mx\/filu\/files\/2022\/12\/040922-Gabo-y-Mercedes-1-Julian-Osorno-y-Nelly-Palafox.jpg'><img loading=\"lazy\" decoding=\"async\" width=\"300\" height=\"168\" src=\"https:\/\/www.uv.mx\/filu\/files\/2022\/12\/040922-Gabo-y-Mercedes-1-Julian-Osorno-y-Nelly-Palafox-300x168.jpg\" class=\"attachment-medium size-medium\" alt=\"\" srcset=\"https:\/\/www.uv.mx\/filu\/files\/2022\/12\/040922-Gabo-y-Mercedes-1-Julian-Osorno-y-Nelly-Palafox-300x168.jpg 300w, https:\/\/www.uv.mx\/filu\/files\/2022\/12\/040922-Gabo-y-Mercedes-1-Julian-Osorno-y-Nelly-Palafox.jpg 722w\" sizes=\"auto, (max-width: 300px) 100vw, 300px\" \/><\/a>\n\t\t\t<\/div><\/figure>\n\t\t<\/div>\n\n<h4>Presentaci\u00f3n del libro Los primeros h\u00e1bitos pian\u00edsticos<\/h4>\n<p><div id='gallery-5' class='gallery galleryid-8748 gallery-columns-3 gallery-size-medium'><figure class='gallery-item'>\n\t\t\t<div class='gallery-icon landscape'>\n\t\t\t\t<a href='https:\/\/www.uv.mx\/filu\/files\/2022\/12\/04092022-Libro-Habitos-pianisticos-1.jpg'><img loading=\"lazy\" decoding=\"async\" width=\"300\" height=\"190\" src=\"https:\/\/www.uv.mx\/filu\/files\/2022\/12\/04092022-Libro-Habitos-pianisticos-1-300x190.jpg\" class=\"attachment-medium size-medium\" alt=\"\" srcset=\"https:\/\/www.uv.mx\/filu\/files\/2022\/12\/04092022-Libro-Habitos-pianisticos-1-300x190.jpg 300w, https:\/\/www.uv.mx\/filu\/files\/2022\/12\/04092022-Libro-Habitos-pianisticos-1.jpg 722w\" sizes=\"auto, (max-width: 300px) 100vw, 300px\" \/><\/a>\n\t\t\t<\/div><\/figure><figure class='gallery-item'>\n\t\t\t<div class='gallery-icon landscape'>\n\t\t\t\t<a href='https:\/\/www.uv.mx\/filu\/files\/2022\/12\/04092022-Maria-Esther-Vivanco-Habitos-pianisticos-2.jpg'><img loading=\"lazy\" decoding=\"async\" width=\"300\" height=\"189\" src=\"https:\/\/www.uv.mx\/filu\/files\/2022\/12\/04092022-Maria-Esther-Vivanco-Habitos-pianisticos-2-300x189.jpg\" class=\"attachment-medium size-medium\" alt=\"\" srcset=\"https:\/\/www.uv.mx\/filu\/files\/2022\/12\/04092022-Maria-Esther-Vivanco-Habitos-pianisticos-2-300x189.jpg 300w, https:\/\/www.uv.mx\/filu\/files\/2022\/12\/04092022-Maria-Esther-Vivanco-Habitos-pianisticos-2.jpg 722w\" sizes=\"auto, (max-width: 300px) 100vw, 300px\" \/><\/a>\n\t\t\t<\/div><\/figure><figure class='gallery-item'>\n\t\t\t<div class='gallery-icon landscape'>\n\t\t\t\t<a href='https:\/\/www.uv.mx\/filu\/files\/2022\/12\/04092022-Presentacion-LibroHabitos-pianisticos-3.jpg'><img loading=\"lazy\" decoding=\"async\" width=\"300\" height=\"187\" src=\"https:\/\/www.uv.mx\/filu\/files\/2022\/12\/04092022-Presentacion-LibroHabitos-pianisticos-3-300x187.jpg\" class=\"attachment-medium size-medium\" alt=\"\" srcset=\"https:\/\/www.uv.mx\/filu\/files\/2022\/12\/04092022-Presentacion-LibroHabitos-pianisticos-3-300x187.jpg 300w, https:\/\/www.uv.mx\/filu\/files\/2022\/12\/04092022-Presentacion-LibroHabitos-pianisticos-3.jpg 722w\" sizes=\"auto, (max-width: 300px) 100vw, 300px\" \/><\/a>\n\t\t\t<\/div><\/figure>\n\t\t<\/div>\n<br \/>\n&nbsp;<\/p>\n<h4>Conversatorio: Norbert Lechner y la modernidad latinoamericana<\/h4>\n<p><div id='gallery-6' class='gallery galleryid-8748 gallery-columns-3 gallery-size-medium'><figure class='gallery-item'>\n\t\t\t<div class='gallery-icon landscape'>\n\t\t\t\t<a href='https:\/\/www.uv.mx\/filu\/files\/2022\/12\/040922-Norbert-Lechner-1-participo-Eduardo-de-la-Torre.jpg'><img loading=\"lazy\" decoding=\"async\" width=\"300\" height=\"193\" src=\"https:\/\/www.uv.mx\/filu\/files\/2022\/12\/040922-Norbert-Lechner-1-participo-Eduardo-de-la-Torre-300x193.jpg\" class=\"attachment-medium size-medium\" alt=\"\" srcset=\"https:\/\/www.uv.mx\/filu\/files\/2022\/12\/040922-Norbert-Lechner-1-participo-Eduardo-de-la-Torre-300x193.jpg 300w, https:\/\/www.uv.mx\/filu\/files\/2022\/12\/040922-Norbert-Lechner-1-participo-Eduardo-de-la-Torre.jpg 722w\" sizes=\"auto, (max-width: 300px) 100vw, 300px\" \/><\/a>\n\t\t\t<\/div><\/figure><figure class='gallery-item'>\n\t\t\t<div class='gallery-icon landscape'>\n\t\t\t\t<a href='https:\/\/www.uv.mx\/filu\/files\/2022\/12\/040922-Norbert-Lechner-1-participo-Jose-Alfredo-Zavaleta.jpg'><img loading=\"lazy\" decoding=\"async\" width=\"300\" height=\"207\" src=\"https:\/\/www.uv.mx\/filu\/files\/2022\/12\/040922-Norbert-Lechner-1-participo-Jose-Alfredo-Zavaleta-300x207.jpg\" class=\"attachment-medium size-medium\" alt=\"\" srcset=\"https:\/\/www.uv.mx\/filu\/files\/2022\/12\/040922-Norbert-Lechner-1-participo-Jose-Alfredo-Zavaleta-300x207.jpg 300w, https:\/\/www.uv.mx\/filu\/files\/2022\/12\/040922-Norbert-Lechner-1-participo-Jose-Alfredo-Zavaleta.jpg 722w\" sizes=\"auto, (max-width: 300px) 100vw, 300px\" \/><\/a>\n\t\t\t<\/div><\/figure><figure class='gallery-item'>\n\t\t\t<div class='gallery-icon landscape'>\n\t\t\t\t<a href='https:\/\/www.uv.mx\/filu\/files\/2022\/12\/040922-Norbert-Lechner-1-participo-Victor-Manuel-Andrade-Guevara.jpg'><img loading=\"lazy\" decoding=\"async\" width=\"300\" height=\"201\" src=\"https:\/\/www.uv.mx\/filu\/files\/2022\/12\/040922-Norbert-Lechner-1-participo-Victor-Manuel-Andrade-Guevara-300x201.jpg\" class=\"attachment-medium size-medium\" alt=\"\" srcset=\"https:\/\/www.uv.mx\/filu\/files\/2022\/12\/040922-Norbert-Lechner-1-participo-Victor-Manuel-Andrade-Guevara-300x201.jpg 300w, https:\/\/www.uv.mx\/filu\/files\/2022\/12\/040922-Norbert-Lechner-1-participo-Victor-Manuel-Andrade-Guevara.jpg 722w\" sizes=\"auto, (max-width: 300px) 100vw, 300px\" \/><\/a>\n\t\t\t<\/div><\/figure>\n\t\t<\/div>\n<br \/>\n&nbsp;<\/p>\n<h4>Presentaci\u00f3n del libro Tengo algo que contarte<\/h4>\n<p> <div id='gallery-7' class='gallery galleryid-8748 gallery-columns-3 gallery-size-medium'><figure class='gallery-item'>\n\t\t\t<div class='gallery-icon landscape'>\n\t\t\t\t<a href='https:\/\/www.uv.mx\/filu\/files\/2022\/12\/040922-Presentacion-libro-Alfonso-Aguirre-1-Tengo-algo-que-contarte.jpg'><img loading=\"lazy\" decoding=\"async\" width=\"300\" height=\"200\" src=\"https:\/\/www.uv.mx\/filu\/files\/2022\/12\/040922-Presentacion-libro-Alfonso-Aguirre-1-Tengo-algo-que-contarte-300x200.jpg\" class=\"attachment-medium size-medium\" alt=\"\" srcset=\"https:\/\/www.uv.mx\/filu\/files\/2022\/12\/040922-Presentacion-libro-Alfonso-Aguirre-1-Tengo-algo-que-contarte-300x200.jpg 300w, https:\/\/www.uv.mx\/filu\/files\/2022\/12\/040922-Presentacion-libro-Alfonso-Aguirre-1-Tengo-algo-que-contarte.jpg 722w\" sizes=\"auto, (max-width: 300px) 100vw, 300px\" \/><\/a>\n\t\t\t<\/div><\/figure><figure class='gallery-item'>\n\t\t\t<div class='gallery-icon landscape'>\n\t\t\t\t<a href='https:\/\/www.uv.mx\/filu\/files\/2022\/12\/040922-Presentacion-libro-Alfonso-Aguirre-1.jpg'><img loading=\"lazy\" decoding=\"async\" width=\"300\" height=\"200\" src=\"https:\/\/www.uv.mx\/filu\/files\/2022\/12\/040922-Presentacion-libro-Alfonso-Aguirre-1-300x200.jpg\" class=\"attachment-medium size-medium\" alt=\"\" srcset=\"https:\/\/www.uv.mx\/filu\/files\/2022\/12\/040922-Presentacion-libro-Alfonso-Aguirre-1-300x200.jpg 300w, https:\/\/www.uv.mx\/filu\/files\/2022\/12\/040922-Presentacion-libro-Alfonso-Aguirre-1.jpg 722w\" sizes=\"auto, (max-width: 300px) 100vw, 300px\" \/><\/a>\n\t\t\t<\/div><\/figure>\n\t\t<\/div>\n<br \/>\n&nbsp;<\/p>\n<h4>Presentaci\u00f3n del libro Am\u00e9rica Latina en la encrucijada: coyunturas c\u00edclicas y cambios pol\u00edticos<\/h4>\n<p> <div id='gallery-8' class='gallery galleryid-8748 gallery-columns-3 gallery-size-medium'><figure class='gallery-item'>\n\t\t\t<div class='gallery-icon landscape'>\n\t\t\t\t<a href='https:\/\/www.uv.mx\/filu\/files\/2022\/12\/04092022-Libro-AL-en-la-encrucijada-1-.jpg'><img loading=\"lazy\" decoding=\"async\" width=\"300\" height=\"200\" src=\"https:\/\/www.uv.mx\/filu\/files\/2022\/12\/04092022-Libro-AL-en-la-encrucijada-1--300x200.jpg\" class=\"attachment-medium size-medium\" alt=\"\" srcset=\"https:\/\/www.uv.mx\/filu\/files\/2022\/12\/04092022-Libro-AL-en-la-encrucijada-1--300x200.jpg 300w, https:\/\/www.uv.mx\/filu\/files\/2022\/12\/04092022-Libro-AL-en-la-encrucijada-1-.jpg 722w\" sizes=\"auto, (max-width: 300px) 100vw, 300px\" \/><\/a>\n\t\t\t<\/div><\/figure>\n\t\t<\/div>\n<br \/>\n&nbsp;<\/p>\n<h4>Presentaci\u00f3n del libro La naturaleza de la fe <\/h4>\n<p> <div id='gallery-9' class='gallery galleryid-8748 gallery-columns-3 gallery-size-medium'><figure class='gallery-item'>\n\t\t\t<div class='gallery-icon landscape'>\n\t\t\t\t<a href='https:\/\/www.uv.mx\/filu\/files\/2022\/12\/04092022-Presentacion-libro-Garcia-de-la-Sienra-1-La-naturaleza-de-la-fe.jpg'><img loading=\"lazy\" decoding=\"async\" width=\"300\" height=\"200\" src=\"https:\/\/www.uv.mx\/filu\/files\/2022\/12\/04092022-Presentacion-libro-Garcia-de-la-Sienra-1-La-naturaleza-de-la-fe-300x200.jpg\" class=\"attachment-medium size-medium\" alt=\"\" srcset=\"https:\/\/www.uv.mx\/filu\/files\/2022\/12\/04092022-Presentacion-libro-Garcia-de-la-Sienra-1-La-naturaleza-de-la-fe-300x200.jpg 300w, https:\/\/www.uv.mx\/filu\/files\/2022\/12\/04092022-Presentacion-libro-Garcia-de-la-Sienra-1-La-naturaleza-de-la-fe.jpg 722w\" sizes=\"auto, (max-width: 300px) 100vw, 300px\" \/><\/a>\n\t\t\t<\/div><\/figure><figure class='gallery-item'>\n\t\t\t<div class='gallery-icon landscape'>\n\t\t\t\t<a href='https:\/\/www.uv.mx\/filu\/files\/2022\/12\/04092022-Presentacion-libro-Garcia-de-la-Sienra-1-La-naturaleza-de-la-fe-2.jpg'><img loading=\"lazy\" decoding=\"async\" width=\"300\" height=\"200\" src=\"https:\/\/www.uv.mx\/filu\/files\/2022\/12\/04092022-Presentacion-libro-Garcia-de-la-Sienra-1-La-naturaleza-de-la-fe-2-300x200.jpg\" class=\"attachment-medium size-medium\" alt=\"\" srcset=\"https:\/\/www.uv.mx\/filu\/files\/2022\/12\/04092022-Presentacion-libro-Garcia-de-la-Sienra-1-La-naturaleza-de-la-fe-2-300x200.jpg 300w, https:\/\/www.uv.mx\/filu\/files\/2022\/12\/04092022-Presentacion-libro-Garcia-de-la-Sienra-1-La-naturaleza-de-la-fe-2.jpg 722w\" sizes=\"auto, (max-width: 300px) 100vw, 300px\" \/><\/a>\n\t\t\t<\/div><\/figure>\n\t\t<\/div>\n<br \/>\n&nbsp;<\/p>\n<h4>Libro El d\u00eda que aprend\u00ed que no s\u00e9 amar<\/h4>\n<p><div id='gallery-10' class='gallery galleryid-8748 gallery-columns-3 gallery-size-medium'><figure class='gallery-item'>\n\t\t\t<div class='gallery-icon landscape'>\n\t\t\t\t<a href='https:\/\/www.uv.mx\/filu\/files\/2022\/12\/Libro-El-dia-que-aprendi-que-no-se-amar-Aura-Garcia-Junco.jpg'><img loading=\"lazy\" decoding=\"async\" width=\"300\" height=\"198\" src=\"https:\/\/www.uv.mx\/filu\/files\/2022\/12\/Libro-El-dia-que-aprendi-que-no-se-amar-Aura-Garcia-Junco-300x198.jpg\" class=\"attachment-medium size-medium\" alt=\"\" srcset=\"https:\/\/www.uv.mx\/filu\/files\/2022\/12\/Libro-El-dia-que-aprendi-que-no-se-amar-Aura-Garcia-Junco-300x198.jpg 300w, https:\/\/www.uv.mx\/filu\/files\/2022\/12\/Libro-El-dia-que-aprendi-que-no-se-amar-Aura-Garcia-Junco.jpg 722w\" sizes=\"auto, (max-width: 300px) 100vw, 300px\" \/><\/a>\n\t\t\t<\/div><\/figure>\n\t\t<\/div>\n<br \/>\n&nbsp;<\/p>\n<h4>Presentaci\u00f3n del libro Am\u00e9rica Latina contra el neoliberalismo. Grandes l\u00edderes y pensadores internacionales del siglo XXI. Vol. I<\/h4>\n<p> <div id='gallery-11' class='gallery galleryid-8748 gallery-columns-3 gallery-size-medium'><figure class='gallery-item'>\n\t\t\t<div class='gallery-icon landscape'>\n\t\t\t\t<a href='https:\/\/www.uv.mx\/filu\/files\/2022\/12\/5a3b295d-df76-4a26-91fb-4085870b3915.jpg'><img loading=\"lazy\" decoding=\"async\" width=\"300\" height=\"225\" src=\"https:\/\/www.uv.mx\/filu\/files\/2022\/12\/5a3b295d-df76-4a26-91fb-4085870b3915-300x225.jpg\" class=\"attachment-medium size-medium\" alt=\"\" srcset=\"https:\/\/www.uv.mx\/filu\/files\/2022\/12\/5a3b295d-df76-4a26-91fb-4085870b3915-300x225.jpg 300w, https:\/\/www.uv.mx\/filu\/files\/2022\/12\/5a3b295d-df76-4a26-91fb-4085870b3915-768x576.jpg 768w, https:\/\/www.uv.mx\/filu\/files\/2022\/12\/5a3b295d-df76-4a26-91fb-4085870b3915.jpg 1024w\" sizes=\"auto, (max-width: 300px) 100vw, 300px\" \/><\/a>\n\t\t\t<\/div><\/figure>\n\t\t<\/div>\n<br \/>\n&nbsp;<\/p>\n\n","protected":false},"excerpt":{"rendered":"<p>Presentaci\u00f3n del libro Arte desde el interior y \u00a1Bravo Xalapa! Fiesta Cultural &nbsp; Presentaci\u00f3n del libro Cr\u00f3nica del puerto de Veracruz &nbsp; Encuentro de moneros &nbsp; Presentaci\u00f3n del libro Gabo y Mercedes: una despedida Presentaci\u00f3n del libro Los primeros h\u00e1bitos pian\u00edsticos &nbsp; Conversatorio: Norbert Lechner y la modernidad latinoamericana &nbsp; Presentaci\u00f3n del libro Tengo algo [&hellip;]<\/p>\n","protected":false},"author":1795,"featured_media":0,"comment_status":"closed","ping_status":"closed","sticky":false,"template":"","format":"standard","meta":{"footnotes":""},"categories":[27],"tags":[],"class_list":["post-8748","post","type-post","status-publish","format-standard","hentry","category-galeria2022"],"_links":{"self":[{"href":"https:\/\/www.uv.mx\/filu\/wp-json\/wp\/v2\/posts\/8748","targetHints":{"allow":["GET"]}}],"collection":[{"href":"https:\/\/www.uv.mx\/filu\/wp-json\/wp\/v2\/posts"}],"about":[{"href":"https:\/\/www.uv.mx\/filu\/wp-json\/wp\/v2\/types\/post"}],"author":[{"embeddable":true,"href":"https:\/\/www.uv.mx\/filu\/wp-json\/wp\/v2\/users\/1795"}],"replies":[{"embeddable":true,"href":"https:\/\/www.uv.mx\/filu\/wp-json\/wp\/v2\/comments?post=8748"}],"version-history":[{"count":2,"href":"https:\/\/www.uv.mx\/filu\/wp-json\/wp\/v2\/posts\/8748\/revisions"}],"predecessor-version":[{"id":8918,"href":"https:\/\/www.uv.mx\/filu\/wp-json\/wp\/v2\/posts\/8748\/revisions\/8918"}],"wp:attachment":[{"href":"https:\/\/www.uv.mx\/filu\/wp-json\/wp\/v2\/media?parent=8748"}],"wp:term":[{"taxonomy":"category","embeddable":true,"href":"https:\/\/www.uv.mx\/filu\/wp-json\/wp\/v2\/categories?post=8748"},{"taxonomy":"post_tag","embeddable":true,"href":"https:\/\/www.uv.mx\/filu\/wp-json\/wp\/v2\/tags?post=8748"}],"curies":[{"name":"wp","href":"https:\/\/api.w.org\/{rel}","templated":true}]}}