
{"id":8581,"date":"2022-11-28T08:30:58","date_gmt":"2022-11-28T14:30:58","guid":{"rendered":"https:\/\/www.uv.mx\/filu\/?p=8581"},"modified":"2023-10-03T10:16:13","modified_gmt":"2023-10-03T15:16:13","slug":"galeria-11-septiembre-2022","status":"publish","type":"post","link":"https:\/\/www.uv.mx\/filu\/galeria2022\/galeria-11-septiembre-2022\/","title":{"rendered":"Galer\u00eda 11 septiembre 2022"},"content":{"rendered":"<h4>Presentaci\u00f3n art\u00edstica: Orbis Tertius UV interpreta Gospel, Blues y Swing para gente peque\u00f1a<\/h4>\n<div id='gallery-1' class='gallery galleryid-8581 gallery-columns-3 gallery-size-medium'><figure class='gallery-item'>\n\t\t\t<div class='gallery-icon landscape'>\n\t\t\t\t<a href='https:\/\/www.uv.mx\/filu\/files\/2022\/11\/Orbis-Tertius-1.jpg'><img loading=\"lazy\" decoding=\"async\" width=\"300\" height=\"200\" src=\"https:\/\/www.uv.mx\/filu\/files\/2022\/11\/Orbis-Tertius-1-300x200.jpg\" class=\"attachment-medium size-medium\" alt=\"\" srcset=\"https:\/\/www.uv.mx\/filu\/files\/2022\/11\/Orbis-Tertius-1-300x200.jpg 300w, https:\/\/www.uv.mx\/filu\/files\/2022\/11\/Orbis-Tertius-1.jpg 593w\" sizes=\"auto, (max-width: 300px) 100vw, 300px\" \/><\/a>\n\t\t\t<\/div><\/figure><figure class='gallery-item'>\n\t\t\t<div class='gallery-icon landscape'>\n\t\t\t\t<a href='https:\/\/www.uv.mx\/filu\/files\/2022\/11\/Orbis-Tertius-2.jpg'><img loading=\"lazy\" decoding=\"async\" width=\"300\" height=\"200\" src=\"https:\/\/www.uv.mx\/filu\/files\/2022\/11\/Orbis-Tertius-2-300x200.jpg\" class=\"attachment-medium size-medium\" alt=\"\" srcset=\"https:\/\/www.uv.mx\/filu\/files\/2022\/11\/Orbis-Tertius-2-300x200.jpg 300w, https:\/\/www.uv.mx\/filu\/files\/2022\/11\/Orbis-Tertius-2-1024x683.jpg 1024w, https:\/\/www.uv.mx\/filu\/files\/2022\/11\/Orbis-Tertius-2-768x512.jpg 768w, https:\/\/www.uv.mx\/filu\/files\/2022\/11\/Orbis-Tertius-2-1536x1024.jpg 1536w, https:\/\/www.uv.mx\/filu\/files\/2022\/11\/Orbis-Tertius-2.jpg 2048w\" sizes=\"auto, (max-width: 300px) 100vw, 300px\" \/><\/a>\n\t\t\t<\/div><\/figure><figure class='gallery-item'>\n\t\t\t<div class='gallery-icon landscape'>\n\t\t\t\t<a href='https:\/\/www.uv.mx\/filu\/files\/2022\/11\/Orbis-Tertius-3.jpg'><img loading=\"lazy\" decoding=\"async\" width=\"300\" height=\"200\" src=\"https:\/\/www.uv.mx\/filu\/files\/2022\/11\/Orbis-Tertius-3-300x200.jpg\" class=\"attachment-medium size-medium\" alt=\"\" srcset=\"https:\/\/www.uv.mx\/filu\/files\/2022\/11\/Orbis-Tertius-3-300x200.jpg 300w, https:\/\/www.uv.mx\/filu\/files\/2022\/11\/Orbis-Tertius-3-1024x683.jpg 1024w, https:\/\/www.uv.mx\/filu\/files\/2022\/11\/Orbis-Tertius-3-768x512.jpg 768w, https:\/\/www.uv.mx\/filu\/files\/2022\/11\/Orbis-Tertius-3-1536x1024.jpg 1536w, https:\/\/www.uv.mx\/filu\/files\/2022\/11\/Orbis-Tertius-3.jpg 2048w\" sizes=\"auto, (max-width: 300px) 100vw, 300px\" \/><\/a>\n\t\t\t<\/div><\/figure><figure class='gallery-item'>\n\t\t\t<div class='gallery-icon landscape'>\n\t\t\t\t<a href='https:\/\/www.uv.mx\/filu\/files\/2022\/11\/Orbis-Tertius-4.jpg'><img loading=\"lazy\" decoding=\"async\" width=\"300\" height=\"200\" src=\"https:\/\/www.uv.mx\/filu\/files\/2022\/11\/Orbis-Tertius-4-300x200.jpg\" class=\"attachment-medium size-medium\" alt=\"\" srcset=\"https:\/\/www.uv.mx\/filu\/files\/2022\/11\/Orbis-Tertius-4-300x200.jpg 300w, https:\/\/www.uv.mx\/filu\/files\/2022\/11\/Orbis-Tertius-4-1024x683.jpg 1024w, https:\/\/www.uv.mx\/filu\/files\/2022\/11\/Orbis-Tertius-4-768x512.jpg 768w, https:\/\/www.uv.mx\/filu\/files\/2022\/11\/Orbis-Tertius-4-1536x1024.jpg 1536w, https:\/\/www.uv.mx\/filu\/files\/2022\/11\/Orbis-Tertius-4.jpg 2048w\" sizes=\"auto, (max-width: 300px) 100vw, 300px\" \/><\/a>\n\t\t\t<\/div><\/figure><figure class='gallery-item'>\n\t\t\t<div class='gallery-icon landscape'>\n\t\t\t\t<a href='https:\/\/www.uv.mx\/filu\/files\/2022\/11\/Orbis-Tertius-5.jpg'><img loading=\"lazy\" decoding=\"async\" width=\"300\" height=\"200\" src=\"https:\/\/www.uv.mx\/filu\/files\/2022\/11\/Orbis-Tertius-5-300x200.jpg\" class=\"attachment-medium size-medium\" alt=\"\" srcset=\"https:\/\/www.uv.mx\/filu\/files\/2022\/11\/Orbis-Tertius-5-300x200.jpg 300w, https:\/\/www.uv.mx\/filu\/files\/2022\/11\/Orbis-Tertius-5-1024x683.jpg 1024w, https:\/\/www.uv.mx\/filu\/files\/2022\/11\/Orbis-Tertius-5-768x512.jpg 768w, https:\/\/www.uv.mx\/filu\/files\/2022\/11\/Orbis-Tertius-5-1536x1024.jpg 1536w, https:\/\/www.uv.mx\/filu\/files\/2022\/11\/Orbis-Tertius-5.jpg 2048w\" sizes=\"auto, (max-width: 300px) 100vw, 300px\" \/><\/a>\n\t\t\t<\/div><\/figure><figure class='gallery-item'>\n\t\t\t<div class='gallery-icon landscape'>\n\t\t\t\t<a href='https:\/\/www.uv.mx\/filu\/files\/2022\/11\/Orbis-Tertius-6.jpg'><img loading=\"lazy\" decoding=\"async\" width=\"300\" height=\"200\" src=\"https:\/\/www.uv.mx\/filu\/files\/2022\/11\/Orbis-Tertius-6-300x200.jpg\" class=\"attachment-medium size-medium\" alt=\"\" srcset=\"https:\/\/www.uv.mx\/filu\/files\/2022\/11\/Orbis-Tertius-6-300x200.jpg 300w, https:\/\/www.uv.mx\/filu\/files\/2022\/11\/Orbis-Tertius-6-1024x683.jpg 1024w, https:\/\/www.uv.mx\/filu\/files\/2022\/11\/Orbis-Tertius-6-768x512.jpg 768w, https:\/\/www.uv.mx\/filu\/files\/2022\/11\/Orbis-Tertius-6-1536x1024.jpg 1536w, https:\/\/www.uv.mx\/filu\/files\/2022\/11\/Orbis-Tertius-6.jpg 2048w\" sizes=\"auto, (max-width: 300px) 100vw, 300px\" \/><\/a>\n\t\t\t<\/div><\/figure>\n\t\t<\/div>\n\n<p>&nbsp;<\/p>\n<h4>Presentaci\u00f3n del libro Todo est\u00e1 permitido y nada es para tanto<\/h4>\n<div id='gallery-2' class='gallery galleryid-8581 gallery-columns-3 gallery-size-medium'><figure class='gallery-item'>\n\t\t\t<div class='gallery-icon landscape'>\n\t\t\t\t<a href='https:\/\/www.uv.mx\/filu\/files\/2022\/11\/11092022-Presentacio\u0301n-libro-Nada-es-para-tanto-1.jpg'><img loading=\"lazy\" decoding=\"async\" width=\"300\" height=\"162\" src=\"https:\/\/www.uv.mx\/filu\/files\/2022\/11\/11092022-Presentacio\u0301n-libro-Nada-es-para-tanto-1-300x162.jpg\" class=\"attachment-medium size-medium\" alt=\"\" srcset=\"https:\/\/www.uv.mx\/filu\/files\/2022\/11\/11092022-Presentacio\u0301n-libro-Nada-es-para-tanto-1-300x162.jpg 300w, https:\/\/www.uv.mx\/filu\/files\/2022\/11\/11092022-Presentacio\u0301n-libro-Nada-es-para-tanto-1.jpg 722w\" sizes=\"auto, (max-width: 300px) 100vw, 300px\" \/><\/a>\n\t\t\t<\/div><\/figure><figure class='gallery-item'>\n\t\t\t<div class='gallery-icon landscape'>\n\t\t\t\t<a href='https:\/\/www.uv.mx\/filu\/files\/2022\/11\/11092022-Presentacio\u0301n-Nada-es-para-tanto-2.jpg'><img loading=\"lazy\" decoding=\"async\" width=\"300\" height=\"187\" src=\"https:\/\/www.uv.mx\/filu\/files\/2022\/11\/11092022-Presentacio\u0301n-Nada-es-para-tanto-2-300x187.jpg\" class=\"attachment-medium size-medium\" alt=\"\" srcset=\"https:\/\/www.uv.mx\/filu\/files\/2022\/11\/11092022-Presentacio\u0301n-Nada-es-para-tanto-2-300x187.jpg 300w, https:\/\/www.uv.mx\/filu\/files\/2022\/11\/11092022-Presentacio\u0301n-Nada-es-para-tanto-2.jpg 722w\" sizes=\"auto, (max-width: 300px) 100vw, 300px\" \/><\/a>\n\t\t\t<\/div><\/figure><figure class='gallery-item'>\n\t\t\t<div class='gallery-icon landscape'>\n\t\t\t\t<a href='https:\/\/www.uv.mx\/filu\/files\/2022\/11\/Todo-esta-permitido-y-nada-es-para-tanto-1.jpg'><img loading=\"lazy\" decoding=\"async\" width=\"300\" height=\"200\" src=\"https:\/\/www.uv.mx\/filu\/files\/2022\/11\/Todo-esta-permitido-y-nada-es-para-tanto-1-300x200.jpg\" class=\"attachment-medium size-medium\" alt=\"\" srcset=\"https:\/\/www.uv.mx\/filu\/files\/2022\/11\/Todo-esta-permitido-y-nada-es-para-tanto-1-300x200.jpg 300w, https:\/\/www.uv.mx\/filu\/files\/2022\/11\/Todo-esta-permitido-y-nada-es-para-tanto-1-1024x683.jpg 1024w, https:\/\/www.uv.mx\/filu\/files\/2022\/11\/Todo-esta-permitido-y-nada-es-para-tanto-1-768x512.jpg 768w, https:\/\/www.uv.mx\/filu\/files\/2022\/11\/Todo-esta-permitido-y-nada-es-para-tanto-1-1536x1024.jpg 1536w, https:\/\/www.uv.mx\/filu\/files\/2022\/11\/Todo-esta-permitido-y-nada-es-para-tanto-1.jpg 2048w\" sizes=\"auto, (max-width: 300px) 100vw, 300px\" \/><\/a>\n\t\t\t<\/div><\/figure><figure class='gallery-item'>\n\t\t\t<div class='gallery-icon landscape'>\n\t\t\t\t<a href='https:\/\/www.uv.mx\/filu\/files\/2022\/11\/Todo-esta-permitido-y-nada-es-para-tanto-2.jpg'><img loading=\"lazy\" decoding=\"async\" width=\"300\" height=\"200\" src=\"https:\/\/www.uv.mx\/filu\/files\/2022\/11\/Todo-esta-permitido-y-nada-es-para-tanto-2-300x200.jpg\" class=\"attachment-medium size-medium\" alt=\"\" srcset=\"https:\/\/www.uv.mx\/filu\/files\/2022\/11\/Todo-esta-permitido-y-nada-es-para-tanto-2-300x200.jpg 300w, https:\/\/www.uv.mx\/filu\/files\/2022\/11\/Todo-esta-permitido-y-nada-es-para-tanto-2-1024x683.jpg 1024w, https:\/\/www.uv.mx\/filu\/files\/2022\/11\/Todo-esta-permitido-y-nada-es-para-tanto-2-768x512.jpg 768w, https:\/\/www.uv.mx\/filu\/files\/2022\/11\/Todo-esta-permitido-y-nada-es-para-tanto-2-1536x1024.jpg 1536w, https:\/\/www.uv.mx\/filu\/files\/2022\/11\/Todo-esta-permitido-y-nada-es-para-tanto-2.jpg 2048w\" sizes=\"auto, (max-width: 300px) 100vw, 300px\" \/><\/a>\n\t\t\t<\/div><\/figure><figure class='gallery-item'>\n\t\t\t<div class='gallery-icon landscape'>\n\t\t\t\t<a href='https:\/\/www.uv.mx\/filu\/files\/2022\/11\/Todo-esta-permitido-y-nada-es-para-tanto.jpg'><img loading=\"lazy\" decoding=\"async\" width=\"300\" height=\"200\" src=\"https:\/\/www.uv.mx\/filu\/files\/2022\/11\/Todo-esta-permitido-y-nada-es-para-tanto-300x200.jpg\" class=\"attachment-medium size-medium\" alt=\"\" srcset=\"https:\/\/www.uv.mx\/filu\/files\/2022\/11\/Todo-esta-permitido-y-nada-es-para-tanto-300x200.jpg 300w, https:\/\/www.uv.mx\/filu\/files\/2022\/11\/Todo-esta-permitido-y-nada-es-para-tanto.jpg 593w\" sizes=\"auto, (max-width: 300px) 100vw, 300px\" \/><\/a>\n\t\t\t<\/div><\/figure>\n\t\t<\/div>\n\n<p>&nbsp;<\/p>\n<h4>Conversatorio: Culturas y ritmos juveniles<\/h4>\n<div id='gallery-3' class='gallery galleryid-8581 gallery-columns-3 gallery-size-medium'><figure class='gallery-item'>\n\t\t\t<div class='gallery-icon landscape'>\n\t\t\t\t<a href='https:\/\/www.uv.mx\/filu\/files\/2022\/11\/Conversatorio-Culturas-y-ritmos-juveniles-11.jpg'><img loading=\"lazy\" decoding=\"async\" width=\"300\" height=\"200\" src=\"https:\/\/www.uv.mx\/filu\/files\/2022\/11\/Conversatorio-Culturas-y-ritmos-juveniles-11-300x200.jpg\" class=\"attachment-medium size-medium\" alt=\"\" srcset=\"https:\/\/www.uv.mx\/filu\/files\/2022\/11\/Conversatorio-Culturas-y-ritmos-juveniles-11-300x200.jpg 300w, https:\/\/www.uv.mx\/filu\/files\/2022\/11\/Conversatorio-Culturas-y-ritmos-juveniles-11-768x512.jpg 768w, https:\/\/www.uv.mx\/filu\/files\/2022\/11\/Conversatorio-Culturas-y-ritmos-juveniles-11.jpg 800w\" sizes=\"auto, (max-width: 300px) 100vw, 300px\" \/><\/a>\n\t\t\t<\/div><\/figure><figure class='gallery-item'>\n\t\t\t<div class='gallery-icon landscape'>\n\t\t\t\t<a href='https:\/\/www.uv.mx\/filu\/files\/2022\/11\/Conversatorio-Culturas-y-ritmos-juveniles-1.jpg'><img loading=\"lazy\" decoding=\"async\" width=\"300\" height=\"200\" src=\"https:\/\/www.uv.mx\/filu\/files\/2022\/11\/Conversatorio-Culturas-y-ritmos-juveniles-1-300x200.jpg\" class=\"attachment-medium size-medium\" alt=\"\" srcset=\"https:\/\/www.uv.mx\/filu\/files\/2022\/11\/Conversatorio-Culturas-y-ritmos-juveniles-1-300x200.jpg 300w, https:\/\/www.uv.mx\/filu\/files\/2022\/11\/Conversatorio-Culturas-y-ritmos-juveniles-1-768x512.jpg 768w, https:\/\/www.uv.mx\/filu\/files\/2022\/11\/Conversatorio-Culturas-y-ritmos-juveniles-1.jpg 800w\" sizes=\"auto, (max-width: 300px) 100vw, 300px\" \/><\/a>\n\t\t\t<\/div><\/figure><figure class='gallery-item'>\n\t\t\t<div class='gallery-icon landscape'>\n\t\t\t\t<a href='https:\/\/www.uv.mx\/filu\/files\/2022\/11\/Conversatorio-Culturas-y-ritmos-juveniles-2.jpg'><img loading=\"lazy\" decoding=\"async\" width=\"300\" height=\"200\" src=\"https:\/\/www.uv.mx\/filu\/files\/2022\/11\/Conversatorio-Culturas-y-ritmos-juveniles-2-300x200.jpg\" class=\"attachment-medium size-medium\" alt=\"\" srcset=\"https:\/\/www.uv.mx\/filu\/files\/2022\/11\/Conversatorio-Culturas-y-ritmos-juveniles-2-300x200.jpg 300w, https:\/\/www.uv.mx\/filu\/files\/2022\/11\/Conversatorio-Culturas-y-ritmos-juveniles-2-768x512.jpg 768w, https:\/\/www.uv.mx\/filu\/files\/2022\/11\/Conversatorio-Culturas-y-ritmos-juveniles-2.jpg 800w\" sizes=\"auto, (max-width: 300px) 100vw, 300px\" \/><\/a>\n\t\t\t<\/div><\/figure><figure class='gallery-item'>\n\t\t\t<div class='gallery-icon landscape'>\n\t\t\t\t<a href='https:\/\/www.uv.mx\/filu\/files\/2022\/11\/Conversatorio-Culturas-y-ritmos-juveniles-4.jpg'><img loading=\"lazy\" decoding=\"async\" width=\"300\" height=\"200\" src=\"https:\/\/www.uv.mx\/filu\/files\/2022\/11\/Conversatorio-Culturas-y-ritmos-juveniles-4-300x200.jpg\" class=\"attachment-medium size-medium\" alt=\"\" srcset=\"https:\/\/www.uv.mx\/filu\/files\/2022\/11\/Conversatorio-Culturas-y-ritmos-juveniles-4-300x200.jpg 300w, https:\/\/www.uv.mx\/filu\/files\/2022\/11\/Conversatorio-Culturas-y-ritmos-juveniles-4-768x512.jpg 768w, https:\/\/www.uv.mx\/filu\/files\/2022\/11\/Conversatorio-Culturas-y-ritmos-juveniles-4.jpg 800w\" sizes=\"auto, (max-width: 300px) 100vw, 300px\" \/><\/a>\n\t\t\t<\/div><\/figure><figure class='gallery-item'>\n\t\t\t<div class='gallery-icon landscape'>\n\t\t\t\t<a href='https:\/\/www.uv.mx\/filu\/files\/2022\/11\/Conversatorio-Culturas-y-ritmos-juveniles-5.jpg'><img loading=\"lazy\" decoding=\"async\" width=\"300\" height=\"200\" src=\"https:\/\/www.uv.mx\/filu\/files\/2022\/11\/Conversatorio-Culturas-y-ritmos-juveniles-5-300x200.jpg\" class=\"attachment-medium size-medium\" alt=\"\" srcset=\"https:\/\/www.uv.mx\/filu\/files\/2022\/11\/Conversatorio-Culturas-y-ritmos-juveniles-5-300x200.jpg 300w, https:\/\/www.uv.mx\/filu\/files\/2022\/11\/Conversatorio-Culturas-y-ritmos-juveniles-5-768x512.jpg 768w, https:\/\/www.uv.mx\/filu\/files\/2022\/11\/Conversatorio-Culturas-y-ritmos-juveniles-5.jpg 800w\" sizes=\"auto, (max-width: 300px) 100vw, 300px\" \/><\/a>\n\t\t\t<\/div><\/figure><figure class='gallery-item'>\n\t\t\t<div class='gallery-icon landscape'>\n\t\t\t\t<a href='https:\/\/www.uv.mx\/filu\/files\/2022\/11\/Conversatorio-Culturas-y-ritmos-juveniles-6.jpg'><img loading=\"lazy\" decoding=\"async\" width=\"300\" height=\"200\" src=\"https:\/\/www.uv.mx\/filu\/files\/2022\/11\/Conversatorio-Culturas-y-ritmos-juveniles-6-300x200.jpg\" class=\"attachment-medium size-medium\" alt=\"\" srcset=\"https:\/\/www.uv.mx\/filu\/files\/2022\/11\/Conversatorio-Culturas-y-ritmos-juveniles-6-300x200.jpg 300w, https:\/\/www.uv.mx\/filu\/files\/2022\/11\/Conversatorio-Culturas-y-ritmos-juveniles-6-768x512.jpg 768w, https:\/\/www.uv.mx\/filu\/files\/2022\/11\/Conversatorio-Culturas-y-ritmos-juveniles-6.jpg 800w\" sizes=\"auto, (max-width: 300px) 100vw, 300px\" \/><\/a>\n\t\t\t<\/div><\/figure><figure class='gallery-item'>\n\t\t\t<div class='gallery-icon landscape'>\n\t\t\t\t<a href='https:\/\/www.uv.mx\/filu\/files\/2022\/11\/Conversatorio-Culturas-y-ritmos-juveniles-7.jpg'><img loading=\"lazy\" decoding=\"async\" width=\"300\" height=\"200\" src=\"https:\/\/www.uv.mx\/filu\/files\/2022\/11\/Conversatorio-Culturas-y-ritmos-juveniles-7-300x200.jpg\" class=\"attachment-medium size-medium\" alt=\"\" srcset=\"https:\/\/www.uv.mx\/filu\/files\/2022\/11\/Conversatorio-Culturas-y-ritmos-juveniles-7-300x200.jpg 300w, https:\/\/www.uv.mx\/filu\/files\/2022\/11\/Conversatorio-Culturas-y-ritmos-juveniles-7-768x512.jpg 768w, https:\/\/www.uv.mx\/filu\/files\/2022\/11\/Conversatorio-Culturas-y-ritmos-juveniles-7.jpg 800w\" sizes=\"auto, (max-width: 300px) 100vw, 300px\" \/><\/a>\n\t\t\t<\/div><\/figure><figure class='gallery-item'>\n\t\t\t<div class='gallery-icon landscape'>\n\t\t\t\t<a href='https:\/\/www.uv.mx\/filu\/files\/2022\/11\/Conversatorio-Culturas-y-ritmos-juveniles-8.jpg'><img loading=\"lazy\" decoding=\"async\" width=\"300\" height=\"200\" src=\"https:\/\/www.uv.mx\/filu\/files\/2022\/11\/Conversatorio-Culturas-y-ritmos-juveniles-8-300x200.jpg\" class=\"attachment-medium size-medium\" alt=\"\" srcset=\"https:\/\/www.uv.mx\/filu\/files\/2022\/11\/Conversatorio-Culturas-y-ritmos-juveniles-8-300x200.jpg 300w, https:\/\/www.uv.mx\/filu\/files\/2022\/11\/Conversatorio-Culturas-y-ritmos-juveniles-8-768x512.jpg 768w, https:\/\/www.uv.mx\/filu\/files\/2022\/11\/Conversatorio-Culturas-y-ritmos-juveniles-8.jpg 800w\" sizes=\"auto, (max-width: 300px) 100vw, 300px\" \/><\/a>\n\t\t\t<\/div><\/figure><figure class='gallery-item'>\n\t\t\t<div class='gallery-icon landscape'>\n\t\t\t\t<a href='https:\/\/www.uv.mx\/filu\/files\/2022\/11\/Conversatorio-Culturas-y-ritmos-juveniles-9.jpg'><img loading=\"lazy\" decoding=\"async\" width=\"300\" height=\"200\" src=\"https:\/\/www.uv.mx\/filu\/files\/2022\/11\/Conversatorio-Culturas-y-ritmos-juveniles-9-300x200.jpg\" class=\"attachment-medium size-medium\" alt=\"\" srcset=\"https:\/\/www.uv.mx\/filu\/files\/2022\/11\/Conversatorio-Culturas-y-ritmos-juveniles-9-300x200.jpg 300w, https:\/\/www.uv.mx\/filu\/files\/2022\/11\/Conversatorio-Culturas-y-ritmos-juveniles-9-768x512.jpg 768w, https:\/\/www.uv.mx\/filu\/files\/2022\/11\/Conversatorio-Culturas-y-ritmos-juveniles-9.jpg 800w\" sizes=\"auto, (max-width: 300px) 100vw, 300px\" \/><\/a>\n\t\t\t<\/div><\/figure><figure class='gallery-item'>\n\t\t\t<div class='gallery-icon landscape'>\n\t\t\t\t<a href='https:\/\/www.uv.mx\/filu\/files\/2022\/11\/Conversatorio-Culturas-y-ritmos-juveniles-10.jpg'><img loading=\"lazy\" decoding=\"async\" width=\"300\" height=\"200\" src=\"https:\/\/www.uv.mx\/filu\/files\/2022\/11\/Conversatorio-Culturas-y-ritmos-juveniles-10-300x200.jpg\" class=\"attachment-medium size-medium\" alt=\"\" srcset=\"https:\/\/www.uv.mx\/filu\/files\/2022\/11\/Conversatorio-Culturas-y-ritmos-juveniles-10-300x200.jpg 300w, https:\/\/www.uv.mx\/filu\/files\/2022\/11\/Conversatorio-Culturas-y-ritmos-juveniles-10-768x512.jpg 768w, https:\/\/www.uv.mx\/filu\/files\/2022\/11\/Conversatorio-Culturas-y-ritmos-juveniles-10.jpg 800w\" sizes=\"auto, (max-width: 300px) 100vw, 300px\" \/><\/a>\n\t\t\t<\/div><\/figure>\n\t\t<\/div>\n\n<p>&nbsp;<\/p>\n<h4>Presentaci\u00f3n del libro C\u00f3mo ser antirracista<\/h4>\n<div id='gallery-4' class='gallery galleryid-8581 gallery-columns-3 gallery-size-medium'><figure class='gallery-item'>\n\t\t\t<div class='gallery-icon portrait'>\n\t\t\t\t<a href='https:\/\/www.uv.mx\/filu\/files\/2022\/11\/Libro-como-ser-antirracista-1.jpg'><img loading=\"lazy\" decoding=\"async\" width=\"275\" height=\"300\" src=\"https:\/\/www.uv.mx\/filu\/files\/2022\/11\/Libro-como-ser-antirracista-1-275x300.jpg\" class=\"attachment-medium size-medium\" alt=\"\" srcset=\"https:\/\/www.uv.mx\/filu\/files\/2022\/11\/Libro-como-ser-antirracista-1-275x300.jpg 275w, https:\/\/www.uv.mx\/filu\/files\/2022\/11\/Libro-como-ser-antirracista-1-768x838.jpg 768w, https:\/\/www.uv.mx\/filu\/files\/2022\/11\/Libro-como-ser-antirracista-1.jpg 800w\" sizes=\"auto, (max-width: 275px) 100vw, 275px\" \/><\/a>\n\t\t\t<\/div><\/figure><figure class='gallery-item'>\n\t\t\t<div class='gallery-icon landscape'>\n\t\t\t\t<a href='https:\/\/www.uv.mx\/filu\/files\/2022\/11\/Libro-como-ser-antirracista-2.jpg'><img loading=\"lazy\" decoding=\"async\" width=\"300\" height=\"200\" src=\"https:\/\/www.uv.mx\/filu\/files\/2022\/11\/Libro-como-ser-antirracista-2-300x200.jpg\" class=\"attachment-medium size-medium\" alt=\"\" srcset=\"https:\/\/www.uv.mx\/filu\/files\/2022\/11\/Libro-como-ser-antirracista-2-300x200.jpg 300w, https:\/\/www.uv.mx\/filu\/files\/2022\/11\/Libro-como-ser-antirracista-2-768x512.jpg 768w, https:\/\/www.uv.mx\/filu\/files\/2022\/11\/Libro-como-ser-antirracista-2.jpg 800w\" sizes=\"auto, (max-width: 300px) 100vw, 300px\" \/><\/a>\n\t\t\t<\/div><\/figure><figure class='gallery-item'>\n\t\t\t<div class='gallery-icon landscape'>\n\t\t\t\t<a href='https:\/\/www.uv.mx\/filu\/files\/2022\/11\/Libro-como-ser-antirracista-3.jpg'><img loading=\"lazy\" decoding=\"async\" width=\"300\" height=\"200\" src=\"https:\/\/www.uv.mx\/filu\/files\/2022\/11\/Libro-como-ser-antirracista-3-300x200.jpg\" class=\"attachment-medium size-medium\" alt=\"\" srcset=\"https:\/\/www.uv.mx\/filu\/files\/2022\/11\/Libro-como-ser-antirracista-3-300x200.jpg 300w, https:\/\/www.uv.mx\/filu\/files\/2022\/11\/Libro-como-ser-antirracista-3-768x512.jpg 768w, https:\/\/www.uv.mx\/filu\/files\/2022\/11\/Libro-como-ser-antirracista-3.jpg 800w\" sizes=\"auto, (max-width: 300px) 100vw, 300px\" \/><\/a>\n\t\t\t<\/div><\/figure><figure class='gallery-item'>\n\t\t\t<div class='gallery-icon landscape'>\n\t\t\t\t<a href='https:\/\/www.uv.mx\/filu\/files\/2022\/11\/Libro-como-ser-antirracista-4.jpg'><img loading=\"lazy\" decoding=\"async\" width=\"300\" height=\"200\" src=\"https:\/\/www.uv.mx\/filu\/files\/2022\/11\/Libro-como-ser-antirracista-4-300x200.jpg\" class=\"attachment-medium size-medium\" alt=\"\" srcset=\"https:\/\/www.uv.mx\/filu\/files\/2022\/11\/Libro-como-ser-antirracista-4-300x200.jpg 300w, https:\/\/www.uv.mx\/filu\/files\/2022\/11\/Libro-como-ser-antirracista-4-768x512.jpg 768w, https:\/\/www.uv.mx\/filu\/files\/2022\/11\/Libro-como-ser-antirracista-4.jpg 800w\" sizes=\"auto, (max-width: 300px) 100vw, 300px\" \/><\/a>\n\t\t\t<\/div><\/figure>\n\t\t<\/div>\n\n<p>&nbsp;<\/p>\n<h4>Presentaci\u00f3n del libro Laboratorio de la corrupci\u00f3n pol\u00edtica. Veracruz (Miguel Alem\u00e1n Vald\u00e9s 1934-1952)<\/h4>\n<div id='gallery-5' class='gallery galleryid-8581 gallery-columns-3 gallery-size-medium'><figure class='gallery-item'>\n\t\t\t<div class='gallery-icon landscape'>\n\t\t\t\t<a href='https:\/\/www.uv.mx\/filu\/files\/2022\/11\/La-corrupcion-politica.Veracruz-1.jpg'><img loading=\"lazy\" decoding=\"async\" width=\"300\" height=\"200\" src=\"https:\/\/www.uv.mx\/filu\/files\/2022\/11\/La-corrupcion-politica.Veracruz-1-300x200.jpg\" class=\"attachment-medium size-medium\" alt=\"\" srcset=\"https:\/\/www.uv.mx\/filu\/files\/2022\/11\/La-corrupcion-politica.Veracruz-1-300x200.jpg 300w, https:\/\/www.uv.mx\/filu\/files\/2022\/11\/La-corrupcion-politica.Veracruz-1-768x512.jpg 768w, https:\/\/www.uv.mx\/filu\/files\/2022\/11\/La-corrupcion-politica.Veracruz-1.jpg 800w\" sizes=\"auto, (max-width: 300px) 100vw, 300px\" \/><\/a>\n\t\t\t<\/div><\/figure><figure class='gallery-item'>\n\t\t\t<div class='gallery-icon landscape'>\n\t\t\t\t<a href='https:\/\/www.uv.mx\/filu\/files\/2022\/11\/La-corrupcion-politica.Veracruz-2.jpg'><img loading=\"lazy\" decoding=\"async\" width=\"300\" height=\"200\" src=\"https:\/\/www.uv.mx\/filu\/files\/2022\/11\/La-corrupcion-politica.Veracruz-2-300x200.jpg\" class=\"attachment-medium size-medium\" alt=\"\" srcset=\"https:\/\/www.uv.mx\/filu\/files\/2022\/11\/La-corrupcion-politica.Veracruz-2-300x200.jpg 300w, https:\/\/www.uv.mx\/filu\/files\/2022\/11\/La-corrupcion-politica.Veracruz-2-768x512.jpg 768w, https:\/\/www.uv.mx\/filu\/files\/2022\/11\/La-corrupcion-politica.Veracruz-2.jpg 800w\" sizes=\"auto, (max-width: 300px) 100vw, 300px\" \/><\/a>\n\t\t\t<\/div><\/figure><figure class='gallery-item'>\n\t\t\t<div class='gallery-icon landscape'>\n\t\t\t\t<a href='https:\/\/www.uv.mx\/filu\/files\/2022\/11\/La-corrupcion-politica.Veracruz-3.jpg'><img loading=\"lazy\" decoding=\"async\" width=\"300\" height=\"200\" src=\"https:\/\/www.uv.mx\/filu\/files\/2022\/11\/La-corrupcion-politica.Veracruz-3-300x200.jpg\" class=\"attachment-medium size-medium\" alt=\"\" srcset=\"https:\/\/www.uv.mx\/filu\/files\/2022\/11\/La-corrupcion-politica.Veracruz-3-300x200.jpg 300w, https:\/\/www.uv.mx\/filu\/files\/2022\/11\/La-corrupcion-politica.Veracruz-3-768x512.jpg 768w, https:\/\/www.uv.mx\/filu\/files\/2022\/11\/La-corrupcion-politica.Veracruz-3.jpg 800w\" sizes=\"auto, (max-width: 300px) 100vw, 300px\" \/><\/a>\n\t\t\t<\/div><\/figure>\n\t\t<\/div>\n\n<p>&nbsp;<\/p>\n<h4>Presentaci\u00f3n del libro Un oc\u00e9ano, dos mares y tres continentes<\/h4>\n<div id='gallery-6' class='gallery galleryid-8581 gallery-columns-3 gallery-size-medium'><figure class='gallery-item'>\n\t\t\t<div class='gallery-icon landscape'>\n\t\t\t\t<a href='https:\/\/www.uv.mx\/filu\/files\/2022\/11\/DSC_17631.jpg'><img loading=\"lazy\" decoding=\"async\" width=\"300\" height=\"200\" src=\"https:\/\/www.uv.mx\/filu\/files\/2022\/11\/DSC_17631-300x200.jpg\" class=\"attachment-medium size-medium\" alt=\"\" srcset=\"https:\/\/www.uv.mx\/filu\/files\/2022\/11\/DSC_17631-300x200.jpg 300w, https:\/\/www.uv.mx\/filu\/files\/2022\/11\/DSC_17631-768x512.jpg 768w, https:\/\/www.uv.mx\/filu\/files\/2022\/11\/DSC_17631.jpg 800w\" sizes=\"auto, (max-width: 300px) 100vw, 300px\" \/><\/a>\n\t\t\t<\/div><\/figure><figure class='gallery-item'>\n\t\t\t<div class='gallery-icon landscape'>\n\t\t\t\t<a href='https:\/\/www.uv.mx\/filu\/files\/2022\/11\/DSC_1773.jpg'><img loading=\"lazy\" decoding=\"async\" width=\"300\" height=\"200\" src=\"https:\/\/www.uv.mx\/filu\/files\/2022\/11\/DSC_1773-300x200.jpg\" class=\"attachment-medium size-medium\" alt=\"\" srcset=\"https:\/\/www.uv.mx\/filu\/files\/2022\/11\/DSC_1773-300x200.jpg 300w, https:\/\/www.uv.mx\/filu\/files\/2022\/11\/DSC_1773-768x512.jpg 768w, https:\/\/www.uv.mx\/filu\/files\/2022\/11\/DSC_1773.jpg 800w\" sizes=\"auto, (max-width: 300px) 100vw, 300px\" \/><\/a>\n\t\t\t<\/div><\/figure><figure class='gallery-item'>\n\t\t\t<div class='gallery-icon landscape'>\n\t\t\t\t<a href='https:\/\/www.uv.mx\/filu\/files\/2022\/11\/DSC_1776.jpg'><img loading=\"lazy\" decoding=\"async\" width=\"300\" height=\"200\" src=\"https:\/\/www.uv.mx\/filu\/files\/2022\/11\/DSC_1776-300x200.jpg\" class=\"attachment-medium size-medium\" alt=\"\" srcset=\"https:\/\/www.uv.mx\/filu\/files\/2022\/11\/DSC_1776-300x200.jpg 300w, https:\/\/www.uv.mx\/filu\/files\/2022\/11\/DSC_1776-768x512.jpg 768w, https:\/\/www.uv.mx\/filu\/files\/2022\/11\/DSC_1776.jpg 800w\" sizes=\"auto, (max-width: 300px) 100vw, 300px\" \/><\/a>\n\t\t\t<\/div><\/figure>\n\t\t<\/div>\n\n<p>&nbsp;<\/p>\n<h4>Presentaci\u00f3n del libro Control de l\u00edmites. Autoritarismos subnacionales en democracias federales<\/h4>\n<div id='gallery-7' class='gallery galleryid-8581 gallery-columns-3 gallery-size-medium'><figure class='gallery-item'>\n\t\t\t<div class='gallery-icon landscape'>\n\t\t\t\t<a href='https:\/\/www.uv.mx\/filu\/files\/2022\/11\/DSC_1823.jpg'><img loading=\"lazy\" decoding=\"async\" width=\"300\" height=\"200\" src=\"https:\/\/www.uv.mx\/filu\/files\/2022\/11\/DSC_1823-300x200.jpg\" class=\"attachment-medium size-medium\" alt=\"\" srcset=\"https:\/\/www.uv.mx\/filu\/files\/2022\/11\/DSC_1823-300x200.jpg 300w, https:\/\/www.uv.mx\/filu\/files\/2022\/11\/DSC_1823-768x512.jpg 768w, https:\/\/www.uv.mx\/filu\/files\/2022\/11\/DSC_1823.jpg 800w\" sizes=\"auto, (max-width: 300px) 100vw, 300px\" \/><\/a>\n\t\t\t<\/div><\/figure><figure class='gallery-item'>\n\t\t\t<div class='gallery-icon landscape'>\n\t\t\t\t<a href='https:\/\/www.uv.mx\/filu\/files\/2022\/11\/DSC_1832.jpg'><img loading=\"lazy\" decoding=\"async\" width=\"300\" height=\"200\" src=\"https:\/\/www.uv.mx\/filu\/files\/2022\/11\/DSC_1832-300x200.jpg\" class=\"attachment-medium size-medium\" alt=\"\" srcset=\"https:\/\/www.uv.mx\/filu\/files\/2022\/11\/DSC_1832-300x200.jpg 300w, https:\/\/www.uv.mx\/filu\/files\/2022\/11\/DSC_1832-768x512.jpg 768w, https:\/\/www.uv.mx\/filu\/files\/2022\/11\/DSC_1832.jpg 800w\" sizes=\"auto, (max-width: 300px) 100vw, 300px\" \/><\/a>\n\t\t\t<\/div><\/figure>\n\t\t<\/div>\n\n<p>&nbsp;<\/p>\n<h4>Presentaci\u00f3n del libro La lectura al centro. 55 autobiograf\u00edas lectoras<\/h4>\n<div id='gallery-8' class='gallery galleryid-8581 gallery-columns-3 gallery-size-medium'><figure class='gallery-item'>\n\t\t\t<div class='gallery-icon landscape'>\n\t\t\t\t<a href='https:\/\/www.uv.mx\/filu\/files\/2022\/11\/DSC_1795.jpg'><img loading=\"lazy\" decoding=\"async\" width=\"300\" height=\"200\" src=\"https:\/\/www.uv.mx\/filu\/files\/2022\/11\/DSC_1795-300x200.jpg\" class=\"attachment-medium size-medium\" alt=\"\" srcset=\"https:\/\/www.uv.mx\/filu\/files\/2022\/11\/DSC_1795-300x200.jpg 300w, https:\/\/www.uv.mx\/filu\/files\/2022\/11\/DSC_1795-768x512.jpg 768w, https:\/\/www.uv.mx\/filu\/files\/2022\/11\/DSC_1795.jpg 800w\" sizes=\"auto, (max-width: 300px) 100vw, 300px\" \/><\/a>\n\t\t\t<\/div><\/figure><figure class='gallery-item'>\n\t\t\t<div class='gallery-icon landscape'>\n\t\t\t\t<a href='https:\/\/www.uv.mx\/filu\/files\/2022\/11\/DSC_1809.jpg'><img loading=\"lazy\" decoding=\"async\" width=\"300\" height=\"200\" src=\"https:\/\/www.uv.mx\/filu\/files\/2022\/11\/DSC_1809-300x200.jpg\" class=\"attachment-medium size-medium\" alt=\"\" srcset=\"https:\/\/www.uv.mx\/filu\/files\/2022\/11\/DSC_1809-300x200.jpg 300w, https:\/\/www.uv.mx\/filu\/files\/2022\/11\/DSC_1809-768x512.jpg 768w, https:\/\/www.uv.mx\/filu\/files\/2022\/11\/DSC_1809.jpg 800w\" sizes=\"auto, (max-width: 300px) 100vw, 300px\" \/><\/a>\n\t\t\t<\/div><\/figure><figure class='gallery-item'>\n\t\t\t<div class='gallery-icon landscape'>\n\t\t\t\t<a href='https:\/\/www.uv.mx\/filu\/files\/2022\/11\/DSC_1816.jpg'><img loading=\"lazy\" decoding=\"async\" width=\"300\" height=\"200\" src=\"https:\/\/www.uv.mx\/filu\/files\/2022\/11\/DSC_1816-300x200.jpg\" class=\"attachment-medium size-medium\" alt=\"\" srcset=\"https:\/\/www.uv.mx\/filu\/files\/2022\/11\/DSC_1816-300x200.jpg 300w, https:\/\/www.uv.mx\/filu\/files\/2022\/11\/DSC_1816-768x512.jpg 768w, https:\/\/www.uv.mx\/filu\/files\/2022\/11\/DSC_1816.jpg 800w\" sizes=\"auto, (max-width: 300px) 100vw, 300px\" \/><\/a>\n\t\t\t<\/div><\/figure>\n\t\t<\/div>\n\n<p>&nbsp;<\/p>\n<h4>Taller de ciencias Eres lo que comes, pero m\u00e1s a quien te comes<\/h4>\n<div id='gallery-9' class='gallery galleryid-8581 gallery-columns-3 gallery-size-medium'><figure class='gallery-item'>\n\t\t\t<div class='gallery-icon portrait'>\n\t\t\t\t<a href='https:\/\/www.uv.mx\/filu\/files\/2022\/11\/Eres-lo-que-comes-1.jpg'><img loading=\"lazy\" decoding=\"async\" width=\"200\" height=\"300\" src=\"https:\/\/www.uv.mx\/filu\/files\/2022\/11\/Eres-lo-que-comes-1-200x300.jpg\" class=\"attachment-medium size-medium\" alt=\"\" srcset=\"https:\/\/www.uv.mx\/filu\/files\/2022\/11\/Eres-lo-que-comes-1-200x300.jpg 200w, https:\/\/www.uv.mx\/filu\/files\/2022\/11\/Eres-lo-que-comes-1.jpg 600w\" sizes=\"auto, (max-width: 200px) 100vw, 200px\" \/><\/a>\n\t\t\t<\/div><\/figure><figure class='gallery-item'>\n\t\t\t<div class='gallery-icon landscape'>\n\t\t\t\t<a href='https:\/\/www.uv.mx\/filu\/files\/2022\/11\/Eres-lo-que-comes-2.jpg'><img loading=\"lazy\" decoding=\"async\" width=\"300\" height=\"200\" src=\"https:\/\/www.uv.mx\/filu\/files\/2022\/11\/Eres-lo-que-comes-2-300x200.jpg\" class=\"attachment-medium size-medium\" alt=\"\" srcset=\"https:\/\/www.uv.mx\/filu\/files\/2022\/11\/Eres-lo-que-comes-2-300x200.jpg 300w, https:\/\/www.uv.mx\/filu\/files\/2022\/11\/Eres-lo-que-comes-2-768x512.jpg 768w, https:\/\/www.uv.mx\/filu\/files\/2022\/11\/Eres-lo-que-comes-2.jpg 800w\" sizes=\"auto, (max-width: 300px) 100vw, 300px\" \/><\/a>\n\t\t\t<\/div><\/figure><figure class='gallery-item'>\n\t\t\t<div class='gallery-icon landscape'>\n\t\t\t\t<a href='https:\/\/www.uv.mx\/filu\/files\/2022\/11\/Eres-lo-que-comes-3.jpg'><img loading=\"lazy\" decoding=\"async\" width=\"300\" height=\"200\" src=\"https:\/\/www.uv.mx\/filu\/files\/2022\/11\/Eres-lo-que-comes-3-300x200.jpg\" class=\"attachment-medium size-medium\" alt=\"\" srcset=\"https:\/\/www.uv.mx\/filu\/files\/2022\/11\/Eres-lo-que-comes-3-300x200.jpg 300w, https:\/\/www.uv.mx\/filu\/files\/2022\/11\/Eres-lo-que-comes-3-768x512.jpg 768w, https:\/\/www.uv.mx\/filu\/files\/2022\/11\/Eres-lo-que-comes-3.jpg 800w\" sizes=\"auto, (max-width: 300px) 100vw, 300px\" \/><\/a>\n\t\t\t<\/div><\/figure><figure class='gallery-item'>\n\t\t\t<div class='gallery-icon landscape'>\n\t\t\t\t<a href='https:\/\/www.uv.mx\/filu\/files\/2022\/11\/Eres-lo-que-comes-4.jpg'><img loading=\"lazy\" decoding=\"async\" width=\"300\" height=\"200\" src=\"https:\/\/www.uv.mx\/filu\/files\/2022\/11\/Eres-lo-que-comes-4-300x200.jpg\" class=\"attachment-medium size-medium\" alt=\"\" srcset=\"https:\/\/www.uv.mx\/filu\/files\/2022\/11\/Eres-lo-que-comes-4-300x200.jpg 300w, https:\/\/www.uv.mx\/filu\/files\/2022\/11\/Eres-lo-que-comes-4-768x512.jpg 768w, https:\/\/www.uv.mx\/filu\/files\/2022\/11\/Eres-lo-que-comes-4.jpg 800w\" sizes=\"auto, (max-width: 300px) 100vw, 300px\" \/><\/a>\n\t\t\t<\/div><\/figure><figure class='gallery-item'>\n\t\t\t<div class='gallery-icon landscape'>\n\t\t\t\t<a href='https:\/\/www.uv.mx\/filu\/files\/2022\/11\/Eres-lo-que-comes-5.jpg'><img loading=\"lazy\" decoding=\"async\" width=\"300\" height=\"200\" src=\"https:\/\/www.uv.mx\/filu\/files\/2022\/11\/Eres-lo-que-comes-5-300x200.jpg\" class=\"attachment-medium size-medium\" alt=\"\" srcset=\"https:\/\/www.uv.mx\/filu\/files\/2022\/11\/Eres-lo-que-comes-5-300x200.jpg 300w, https:\/\/www.uv.mx\/filu\/files\/2022\/11\/Eres-lo-que-comes-5-768x512.jpg 768w, https:\/\/www.uv.mx\/filu\/files\/2022\/11\/Eres-lo-que-comes-5.jpg 800w\" sizes=\"auto, (max-width: 300px) 100vw, 300px\" \/><\/a>\n\t\t\t<\/div><\/figure>\n\t\t<\/div>\n\n<p>&nbsp;<\/p>\n<h4>Taller de fomento a la lectura<\/h4>\n<div id='gallery-10' class='gallery galleryid-8581 gallery-columns-3 gallery-size-medium'><figure class='gallery-item'>\n\t\t\t<div class='gallery-icon landscape'>\n\t\t\t\t<a href='https:\/\/www.uv.mx\/filu\/files\/2022\/11\/DSC_1669.jpg'><img loading=\"lazy\" decoding=\"async\" width=\"300\" height=\"200\" src=\"https:\/\/www.uv.mx\/filu\/files\/2022\/11\/DSC_1669-300x200.jpg\" class=\"attachment-medium size-medium\" alt=\"\" srcset=\"https:\/\/www.uv.mx\/filu\/files\/2022\/11\/DSC_1669-300x200.jpg 300w, https:\/\/www.uv.mx\/filu\/files\/2022\/11\/DSC_1669-768x512.jpg 768w, https:\/\/www.uv.mx\/filu\/files\/2022\/11\/DSC_1669.jpg 800w\" sizes=\"auto, (max-width: 300px) 100vw, 300px\" \/><\/a>\n\t\t\t<\/div><\/figure><figure class='gallery-item'>\n\t\t\t<div class='gallery-icon landscape'>\n\t\t\t\t<a href='https:\/\/www.uv.mx\/filu\/files\/2022\/11\/DSC_1677.jpg'><img loading=\"lazy\" decoding=\"async\" width=\"300\" height=\"200\" src=\"https:\/\/www.uv.mx\/filu\/files\/2022\/11\/DSC_1677-300x200.jpg\" class=\"attachment-medium size-medium\" alt=\"\" srcset=\"https:\/\/www.uv.mx\/filu\/files\/2022\/11\/DSC_1677-300x200.jpg 300w, https:\/\/www.uv.mx\/filu\/files\/2022\/11\/DSC_1677-768x512.jpg 768w, https:\/\/www.uv.mx\/filu\/files\/2022\/11\/DSC_1677.jpg 800w\" sizes=\"auto, (max-width: 300px) 100vw, 300px\" \/><\/a>\n\t\t\t<\/div><\/figure>\n\t\t<\/div>\n\n<p>&nbsp;<\/p>\n<h4>Presentaci\u00f3n del libro Blancos m\u00f3viles. Escribiendo con intenci\u00f3n 1982-2004<\/h4>\n<div id='gallery-11' class='gallery galleryid-8581 gallery-columns-3 gallery-size-medium'><figure class='gallery-item'>\n\t\t\t<div class='gallery-icon landscape'>\n\t\t\t\t<a href='https:\/\/www.uv.mx\/filu\/files\/2022\/11\/110922-Blancos-mo\u0301viles-1-Emiliano-Becerril-Norma-Angelica-Cuevas-Rodolfo-Mendoza-y-Martha-Munguia-comentaron-el-libro-en-la-FILU-2022.jpg'><img loading=\"lazy\" decoding=\"async\" width=\"300\" height=\"184\" src=\"https:\/\/www.uv.mx\/filu\/files\/2022\/11\/110922-Blancos-mo\u0301viles-1-Emiliano-Becerril-Norma-Angelica-Cuevas-Rodolfo-Mendoza-y-Martha-Munguia-comentaron-el-libro-en-la-FILU-2022-300x184.jpg\" class=\"attachment-medium size-medium\" alt=\"\" srcset=\"https:\/\/www.uv.mx\/filu\/files\/2022\/11\/110922-Blancos-mo\u0301viles-1-Emiliano-Becerril-Norma-Angelica-Cuevas-Rodolfo-Mendoza-y-Martha-Munguia-comentaron-el-libro-en-la-FILU-2022-300x184.jpg 300w, https:\/\/www.uv.mx\/filu\/files\/2022\/11\/110922-Blancos-mo\u0301viles-1-Emiliano-Becerril-Norma-Angelica-Cuevas-Rodolfo-Mendoza-y-Martha-Munguia-comentaron-el-libro-en-la-FILU-2022.jpg 722w\" sizes=\"auto, (max-width: 300px) 100vw, 300px\" \/><\/a>\n\t\t\t<\/div><\/figure><figure class='gallery-item'>\n\t\t\t<div class='gallery-icon landscape'>\n\t\t\t\t<a href='https:\/\/www.uv.mx\/filu\/files\/2022\/11\/110922-Blancos-mo\u0301viles-2.jpg'><img loading=\"lazy\" decoding=\"async\" width=\"300\" height=\"170\" src=\"https:\/\/www.uv.mx\/filu\/files\/2022\/11\/110922-Blancos-mo\u0301viles-2-300x170.jpg\" class=\"attachment-medium size-medium\" alt=\"\" srcset=\"https:\/\/www.uv.mx\/filu\/files\/2022\/11\/110922-Blancos-mo\u0301viles-2-300x170.jpg 300w, https:\/\/www.uv.mx\/filu\/files\/2022\/11\/110922-Blancos-mo\u0301viles-2.jpg 722w\" sizes=\"auto, (max-width: 300px) 100vw, 300px\" \/><\/a>\n\t\t\t<\/div><\/figure><figure class='gallery-item'>\n\t\t\t<div class='gallery-icon landscape'>\n\t\t\t\t<a href='https:\/\/www.uv.mx\/filu\/files\/2022\/11\/Presentacion-1-libro-Blancos-Moviles.jpg'><img loading=\"lazy\" decoding=\"async\" width=\"300\" height=\"200\" src=\"https:\/\/www.uv.mx\/filu\/files\/2022\/11\/Presentacion-1-libro-Blancos-Moviles-300x200.jpg\" class=\"attachment-medium size-medium\" alt=\"\" srcset=\"https:\/\/www.uv.mx\/filu\/files\/2022\/11\/Presentacion-1-libro-Blancos-Moviles-300x200.jpg 300w, https:\/\/www.uv.mx\/filu\/files\/2022\/11\/Presentacion-1-libro-Blancos-Moviles.jpg 593w\" sizes=\"auto, (max-width: 300px) 100vw, 300px\" \/><\/a>\n\t\t\t<\/div><\/figure><figure class='gallery-item'>\n\t\t\t<div class='gallery-icon landscape'>\n\t\t\t\t<a href='https:\/\/www.uv.mx\/filu\/files\/2022\/11\/Presentacion-Portada-libro-Blancos-Moviles.jpg'><img loading=\"lazy\" decoding=\"async\" width=\"300\" height=\"200\" src=\"https:\/\/www.uv.mx\/filu\/files\/2022\/11\/Presentacion-Portada-libro-Blancos-Moviles-300x200.jpg\" class=\"attachment-medium size-medium\" alt=\"\" srcset=\"https:\/\/www.uv.mx\/filu\/files\/2022\/11\/Presentacion-Portada-libro-Blancos-Moviles-300x200.jpg 300w, https:\/\/www.uv.mx\/filu\/files\/2022\/11\/Presentacion-Portada-libro-Blancos-Moviles.jpg 593w\" sizes=\"auto, (max-width: 300px) 100vw, 300px\" \/><\/a>\n\t\t\t<\/div><\/figure>\n\t\t<\/div>\n\n<p>&nbsp;<\/p>\n<h4>Presentaci\u00f3n de las colecciones 21 para el 21 y Vientos del pueblo<\/h4>\n<div id='gallery-12' class='gallery galleryid-8581 gallery-columns-3 gallery-size-medium'><figure class='gallery-item'>\n\t\t\t<div class='gallery-icon landscape'>\n\t\t\t\t<a href='https:\/\/www.uv.mx\/filu\/files\/2022\/11\/La-coordinadora-de-la-FILU-presento-Colecciones-21-para-el-21.jpg'><img loading=\"lazy\" decoding=\"async\" width=\"300\" height=\"200\" src=\"https:\/\/www.uv.mx\/filu\/files\/2022\/11\/La-coordinadora-de-la-FILU-presento-Colecciones-21-para-el-21-300x200.jpg\" class=\"attachment-medium size-medium\" alt=\"\" srcset=\"https:\/\/www.uv.mx\/filu\/files\/2022\/11\/La-coordinadora-de-la-FILU-presento-Colecciones-21-para-el-21-300x200.jpg 300w, https:\/\/www.uv.mx\/filu\/files\/2022\/11\/La-coordinadora-de-la-FILU-presento-Colecciones-21-para-el-21-1024x683.jpg 1024w, https:\/\/www.uv.mx\/filu\/files\/2022\/11\/La-coordinadora-de-la-FILU-presento-Colecciones-21-para-el-21-768x512.jpg 768w, https:\/\/www.uv.mx\/filu\/files\/2022\/11\/La-coordinadora-de-la-FILU-presento-Colecciones-21-para-el-21.jpg 1500w\" sizes=\"auto, (max-width: 300px) 100vw, 300px\" \/><\/a>\n\t\t\t<\/div><\/figure><figure class='gallery-item'>\n\t\t\t<div class='gallery-icon landscape'>\n\t\t\t\t<a href='https:\/\/www.uv.mx\/filu\/files\/2022\/11\/Judith-Paez-coordinadora-general-de-la-FILU.jpg'><img loading=\"lazy\" decoding=\"async\" width=\"300\" height=\"200\" src=\"https:\/\/www.uv.mx\/filu\/files\/2022\/11\/Judith-Paez-coordinadora-general-de-la-FILU-300x200.jpg\" class=\"attachment-medium size-medium\" alt=\"\" srcset=\"https:\/\/www.uv.mx\/filu\/files\/2022\/11\/Judith-Paez-coordinadora-general-de-la-FILU-300x200.jpg 300w, https:\/\/www.uv.mx\/filu\/files\/2022\/11\/Judith-Paez-coordinadora-general-de-la-FILU-1024x683.jpg 1024w, https:\/\/www.uv.mx\/filu\/files\/2022\/11\/Judith-Paez-coordinadora-general-de-la-FILU-768x512.jpg 768w, https:\/\/www.uv.mx\/filu\/files\/2022\/11\/Judith-Paez-coordinadora-general-de-la-FILU.jpg 1500w\" sizes=\"auto, (max-width: 300px) 100vw, 300px\" \/><\/a>\n\t\t\t<\/div><\/figure><figure class='gallery-item'>\n\t\t\t<div class='gallery-icon landscape'>\n\t\t\t\t<a href='https:\/\/www.uv.mx\/filu\/files\/2022\/11\/colecciones-21-para-el-21-y-Vientos-del-pueblo.jpg'><img loading=\"lazy\" decoding=\"async\" width=\"300\" height=\"200\" src=\"https:\/\/www.uv.mx\/filu\/files\/2022\/11\/colecciones-21-para-el-21-y-Vientos-del-pueblo-300x200.jpg\" class=\"attachment-medium size-medium\" alt=\"\" srcset=\"https:\/\/www.uv.mx\/filu\/files\/2022\/11\/colecciones-21-para-el-21-y-Vientos-del-pueblo-300x200.jpg 300w, https:\/\/www.uv.mx\/filu\/files\/2022\/11\/colecciones-21-para-el-21-y-Vientos-del-pueblo.jpg 593w\" sizes=\"auto, (max-width: 300px) 100vw, 300px\" \/><\/a>\n\t\t\t<\/div><\/figure>\n\t\t<\/div>\n\n<p>&nbsp;<\/p>\n<h4>Conversatorio: Desde Breve historia de todas las cosas hasta Verdad es belleza. Memorias indiscretas<\/h4>\n<div id='gallery-13' class='gallery galleryid-8581 gallery-columns-3 gallery-size-medium'><figure class='gallery-item'>\n\t\t\t<div class='gallery-icon landscape'>\n\t\t\t\t<a href='https:\/\/www.uv.mx\/filu\/files\/2022\/11\/Desde-Breve-historia-de-todas-las-cosas-hasta-Verdad-es-belleza.-Memorias-indiscretas-1.jpg'><img loading=\"lazy\" decoding=\"async\" width=\"300\" height=\"200\" src=\"https:\/\/www.uv.mx\/filu\/files\/2022\/11\/Desde-Breve-historia-de-todas-las-cosas-hasta-Verdad-es-belleza.-Memorias-indiscretas-1-300x200.jpg\" class=\"attachment-medium size-medium\" alt=\"\" srcset=\"https:\/\/www.uv.mx\/filu\/files\/2022\/11\/Desde-Breve-historia-de-todas-las-cosas-hasta-Verdad-es-belleza.-Memorias-indiscretas-1-300x200.jpg 300w, https:\/\/www.uv.mx\/filu\/files\/2022\/11\/Desde-Breve-historia-de-todas-las-cosas-hasta-Verdad-es-belleza.-Memorias-indiscretas-1-1024x683.jpg 1024w, https:\/\/www.uv.mx\/filu\/files\/2022\/11\/Desde-Breve-historia-de-todas-las-cosas-hasta-Verdad-es-belleza.-Memorias-indiscretas-1-768x512.jpg 768w, https:\/\/www.uv.mx\/filu\/files\/2022\/11\/Desde-Breve-historia-de-todas-las-cosas-hasta-Verdad-es-belleza.-Memorias-indiscretas-1-1536x1024.jpg 1536w, https:\/\/www.uv.mx\/filu\/files\/2022\/11\/Desde-Breve-historia-de-todas-las-cosas-hasta-Verdad-es-belleza.-Memorias-indiscretas-1.jpg 2048w\" sizes=\"auto, (max-width: 300px) 100vw, 300px\" \/><\/a>\n\t\t\t<\/div><\/figure><figure class='gallery-item'>\n\t\t\t<div class='gallery-icon landscape'>\n\t\t\t\t<a href='https:\/\/www.uv.mx\/filu\/files\/2022\/11\/Desde-Breve-historia-de-todas-las-cosas-hasta-Verdad-es-belleza.-Memorias-indiscretas.jpg'><img loading=\"lazy\" decoding=\"async\" width=\"300\" height=\"200\" src=\"https:\/\/www.uv.mx\/filu\/files\/2022\/11\/Desde-Breve-historia-de-todas-las-cosas-hasta-Verdad-es-belleza.-Memorias-indiscretas-300x200.jpg\" class=\"attachment-medium size-medium\" alt=\"\" srcset=\"https:\/\/www.uv.mx\/filu\/files\/2022\/11\/Desde-Breve-historia-de-todas-las-cosas-hasta-Verdad-es-belleza.-Memorias-indiscretas-300x200.jpg 300w, https:\/\/www.uv.mx\/filu\/files\/2022\/11\/Desde-Breve-historia-de-todas-las-cosas-hasta-Verdad-es-belleza.-Memorias-indiscretas-1024x683.jpg 1024w, https:\/\/www.uv.mx\/filu\/files\/2022\/11\/Desde-Breve-historia-de-todas-las-cosas-hasta-Verdad-es-belleza.-Memorias-indiscretas-768x512.jpg 768w, https:\/\/www.uv.mx\/filu\/files\/2022\/11\/Desde-Breve-historia-de-todas-las-cosas-hasta-Verdad-es-belleza.-Memorias-indiscretas-1536x1024.jpg 1536w, https:\/\/www.uv.mx\/filu\/files\/2022\/11\/Desde-Breve-historia-de-todas-las-cosas-hasta-Verdad-es-belleza.-Memorias-indiscretas.jpg 2048w\" sizes=\"auto, (max-width: 300px) 100vw, 300px\" \/><\/a>\n\t\t\t<\/div><\/figure>\n\t\t<\/div>\n\n<p>&nbsp;<\/p>\n<h4>Presentaci\u00f3n del libro Di\u00e1logos inteart\u00edsticos entre cine y literatura<\/h4>\n<div id='gallery-14' class='gallery galleryid-8581 gallery-columns-3 gallery-size-medium'><figure class='gallery-item'>\n\t\t\t<div class='gallery-icon landscape'>\n\t\t\t\t<a href='https:\/\/www.uv.mx\/filu\/files\/2022\/11\/11-Dialogos-interartisticos-entre-cine-y-literatura-2.jpg'><img loading=\"lazy\" decoding=\"async\" width=\"300\" height=\"194\" src=\"https:\/\/www.uv.mx\/filu\/files\/2022\/11\/11-Dialogos-interartisticos-entre-cine-y-literatura-2-300x194.jpg\" class=\"attachment-medium size-medium\" alt=\"\" srcset=\"https:\/\/www.uv.mx\/filu\/files\/2022\/11\/11-Dialogos-interartisticos-entre-cine-y-literatura-2-300x194.jpg 300w, https:\/\/www.uv.mx\/filu\/files\/2022\/11\/11-Dialogos-interartisticos-entre-cine-y-literatura-2.jpg 722w\" sizes=\"auto, (max-width: 300px) 100vw, 300px\" \/><\/a>\n\t\t\t<\/div><\/figure><figure class='gallery-item'>\n\t\t\t<div class='gallery-icon landscape'>\n\t\t\t\t<a href='https:\/\/www.uv.mx\/filu\/files\/2022\/11\/11-Dialogos-interartisticos-entre-cine-y-literatura-3.jpg'><img loading=\"lazy\" decoding=\"async\" width=\"300\" height=\"170\" src=\"https:\/\/www.uv.mx\/filu\/files\/2022\/11\/11-Dialogos-interartisticos-entre-cine-y-literatura-3-300x170.jpg\" class=\"attachment-medium size-medium\" alt=\"\" srcset=\"https:\/\/www.uv.mx\/filu\/files\/2022\/11\/11-Dialogos-interartisticos-entre-cine-y-literatura-3-300x170.jpg 300w, https:\/\/www.uv.mx\/filu\/files\/2022\/11\/11-Dialogos-interartisticos-entre-cine-y-literatura-3.jpg 722w\" sizes=\"auto, (max-width: 300px) 100vw, 300px\" \/><\/a>\n\t\t\t<\/div><\/figure><figure class='gallery-item'>\n\t\t\t<div class='gallery-icon landscape'>\n\t\t\t\t<a href='https:\/\/www.uv.mx\/filu\/files\/2022\/11\/11-Dialogos-interartisticos-entre-cine-y-literatura.jpg'><img loading=\"lazy\" decoding=\"async\" width=\"300\" height=\"172\" src=\"https:\/\/www.uv.mx\/filu\/files\/2022\/11\/11-Dialogos-interartisticos-entre-cine-y-literatura-300x172.jpg\" class=\"attachment-medium size-medium\" alt=\"\" srcset=\"https:\/\/www.uv.mx\/filu\/files\/2022\/11\/11-Dialogos-interartisticos-entre-cine-y-literatura-300x172.jpg 300w, https:\/\/www.uv.mx\/filu\/files\/2022\/11\/11-Dialogos-interartisticos-entre-cine-y-literatura.jpg 722w\" sizes=\"auto, (max-width: 300px) 100vw, 300px\" \/><\/a>\n\t\t\t<\/div><\/figure><figure class='gallery-item'>\n\t\t\t<div class='gallery-icon landscape'>\n\t\t\t\t<a href='https:\/\/www.uv.mx\/filu\/files\/2022\/11\/Dialogos-interartisticos-entre-cine-y-literatura-1.jpg'><img loading=\"lazy\" decoding=\"async\" width=\"300\" height=\"200\" src=\"https:\/\/www.uv.mx\/filu\/files\/2022\/11\/Dialogos-interartisticos-entre-cine-y-literatura-1-300x200.jpg\" class=\"attachment-medium size-medium\" alt=\"\" srcset=\"https:\/\/www.uv.mx\/filu\/files\/2022\/11\/Dialogos-interartisticos-entre-cine-y-literatura-1-300x200.jpg 300w, https:\/\/www.uv.mx\/filu\/files\/2022\/11\/Dialogos-interartisticos-entre-cine-y-literatura-1.jpg 593w\" sizes=\"auto, (max-width: 300px) 100vw, 300px\" \/><\/a>\n\t\t\t<\/div><\/figure>\n\t\t<\/div>\n\n<p>&nbsp;<\/p>\n<h4>Presentaci\u00f3n del libro Distancias. de los caprichos de tu coraz\u00f3n<\/h4>\n<div id='gallery-15' class='gallery galleryid-8581 gallery-columns-3 gallery-size-medium'><figure class='gallery-item'>\n\t\t\t<div class='gallery-icon landscape'>\n\t\t\t\t<a href='https:\/\/www.uv.mx\/filu\/files\/2022\/11\/Presentacion-libro-Distancia.jpg'><img loading=\"lazy\" decoding=\"async\" width=\"300\" height=\"200\" src=\"https:\/\/www.uv.mx\/filu\/files\/2022\/11\/Presentacion-libro-Distancia-300x200.jpg\" class=\"attachment-medium size-medium\" alt=\"\" srcset=\"https:\/\/www.uv.mx\/filu\/files\/2022\/11\/Presentacion-libro-Distancia-300x200.jpg 300w, https:\/\/www.uv.mx\/filu\/files\/2022\/11\/Presentacion-libro-Distancia-1024x683.jpg 1024w, https:\/\/www.uv.mx\/filu\/files\/2022\/11\/Presentacion-libro-Distancia-768x512.jpg 768w, https:\/\/www.uv.mx\/filu\/files\/2022\/11\/Presentacion-libro-Distancia.jpg 1500w\" sizes=\"auto, (max-width: 300px) 100vw, 300px\" \/><\/a>\n\t\t\t<\/div><\/figure><figure class='gallery-item'>\n\t\t\t<div class='gallery-icon landscape'>\n\t\t\t\t<a href='https:\/\/www.uv.mx\/filu\/files\/2022\/11\/Presentacion-libro-Distancias.-De-los-caprichos-de-tu-corazon.jpg'><img loading=\"lazy\" decoding=\"async\" width=\"300\" height=\"200\" src=\"https:\/\/www.uv.mx\/filu\/files\/2022\/11\/Presentacion-libro-Distancias.-De-los-caprichos-de-tu-corazon-300x200.jpg\" class=\"attachment-medium size-medium\" alt=\"\" srcset=\"https:\/\/www.uv.mx\/filu\/files\/2022\/11\/Presentacion-libro-Distancias.-De-los-caprichos-de-tu-corazon-300x200.jpg 300w, https:\/\/www.uv.mx\/filu\/files\/2022\/11\/Presentacion-libro-Distancias.-De-los-caprichos-de-tu-corazon.jpg 593w\" sizes=\"auto, (max-width: 300px) 100vw, 300px\" \/><\/a>\n\t\t\t<\/div><\/figure>\n\t\t<\/div>\n\n<p>&nbsp;<\/p>\n<h4>Presentaci\u00f3n del libro Escafandra<\/h4>\n<div id='gallery-16' class='gallery galleryid-8581 gallery-columns-3 gallery-size-medium'><figure class='gallery-item'>\n\t\t\t<div class='gallery-icon landscape'>\n\t\t\t\t<a href='https:\/\/www.uv.mx\/filu\/files\/2022\/11\/Presentacion-Libro-Escafandra-1.jpg'><img loading=\"lazy\" decoding=\"async\" width=\"300\" height=\"200\" src=\"https:\/\/www.uv.mx\/filu\/files\/2022\/11\/Presentacion-Libro-Escafandra-1-300x200.jpg\" class=\"attachment-medium size-medium\" alt=\"\" srcset=\"https:\/\/www.uv.mx\/filu\/files\/2022\/11\/Presentacion-Libro-Escafandra-1-300x200.jpg 300w, https:\/\/www.uv.mx\/filu\/files\/2022\/11\/Presentacion-Libro-Escafandra-1.jpg 593w\" sizes=\"auto, (max-width: 300px) 100vw, 300px\" \/><\/a>\n\t\t\t<\/div><\/figure><figure class='gallery-item'>\n\t\t\t<div class='gallery-icon landscape'>\n\t\t\t\t<a href='https:\/\/www.uv.mx\/filu\/files\/2022\/11\/Presentacion-Libro-Escafandra.jpg'><img loading=\"lazy\" decoding=\"async\" width=\"300\" height=\"200\" src=\"https:\/\/www.uv.mx\/filu\/files\/2022\/11\/Presentacion-Libro-Escafandra-300x200.jpg\" class=\"attachment-medium size-medium\" alt=\"\" srcset=\"https:\/\/www.uv.mx\/filu\/files\/2022\/11\/Presentacion-Libro-Escafandra-300x200.jpg 300w, https:\/\/www.uv.mx\/filu\/files\/2022\/11\/Presentacion-Libro-Escafandra.jpg 593w\" sizes=\"auto, (max-width: 300px) 100vw, 300px\" \/><\/a>\n\t\t\t<\/div><\/figure>\n\t\t<\/div>\n\n<p>&nbsp;<\/p>\n<h4>Presentaci\u00f3n del libro Modernistas hispanoamericanos. Interacciones y transferencias culturales<\/h4>\n<div id='gallery-17' class='gallery galleryid-8581 gallery-columns-3 gallery-size-medium'><figure class='gallery-item'>\n\t\t\t<div class='gallery-icon landscape'>\n\t\t\t\t<a href='https:\/\/www.uv.mx\/filu\/files\/2022\/11\/Presentacion-Modernistas-hispanoamericanos-1-Portada.jpg'><img loading=\"lazy\" decoding=\"async\" width=\"300\" height=\"200\" src=\"https:\/\/www.uv.mx\/filu\/files\/2022\/11\/Presentacion-Modernistas-hispanoamericanos-1-Portada-300x200.jpg\" class=\"attachment-medium size-medium\" alt=\"\" srcset=\"https:\/\/www.uv.mx\/filu\/files\/2022\/11\/Presentacion-Modernistas-hispanoamericanos-1-Portada-300x200.jpg 300w, https:\/\/www.uv.mx\/filu\/files\/2022\/11\/Presentacion-Modernistas-hispanoamericanos-1-Portada.jpg 593w\" sizes=\"auto, (max-width: 300px) 100vw, 300px\" \/><\/a>\n\t\t\t<\/div><\/figure><figure class='gallery-item'>\n\t\t\t<div class='gallery-icon landscape'>\n\t\t\t\t<a href='https:\/\/www.uv.mx\/filu\/files\/2022\/11\/Presentacion-Modernistas-hispanoamericanos-2-Nidia-Vincent.jpg'><img loading=\"lazy\" decoding=\"async\" width=\"300\" height=\"200\" src=\"https:\/\/www.uv.mx\/filu\/files\/2022\/11\/Presentacion-Modernistas-hispanoamericanos-2-Nidia-Vincent-300x200.jpg\" class=\"attachment-medium size-medium\" alt=\"\" srcset=\"https:\/\/www.uv.mx\/filu\/files\/2022\/11\/Presentacion-Modernistas-hispanoamericanos-2-Nidia-Vincent-300x200.jpg 300w, https:\/\/www.uv.mx\/filu\/files\/2022\/11\/Presentacion-Modernistas-hispanoamericanos-2-Nidia-Vincent-1024x683.jpg 1024w, https:\/\/www.uv.mx\/filu\/files\/2022\/11\/Presentacion-Modernistas-hispanoamericanos-2-Nidia-Vincent-768x512.jpg 768w, https:\/\/www.uv.mx\/filu\/files\/2022\/11\/Presentacion-Modernistas-hispanoamericanos-2-Nidia-Vincent.jpg 1500w\" sizes=\"auto, (max-width: 300px) 100vw, 300px\" \/><\/a>\n\t\t\t<\/div><\/figure><figure class='gallery-item'>\n\t\t\t<div class='gallery-icon landscape'>\n\t\t\t\t<a href='https:\/\/www.uv.mx\/filu\/files\/2022\/11\/Presentacion-Modernistas-hispanoamericanos-3-Portada.jpg'><img loading=\"lazy\" decoding=\"async\" width=\"300\" height=\"200\" src=\"https:\/\/www.uv.mx\/filu\/files\/2022\/11\/Presentacion-Modernistas-hispanoamericanos-3-Portada-300x200.jpg\" class=\"attachment-medium size-medium\" alt=\"\" srcset=\"https:\/\/www.uv.mx\/filu\/files\/2022\/11\/Presentacion-Modernistas-hispanoamericanos-3-Portada-300x200.jpg 300w, https:\/\/www.uv.mx\/filu\/files\/2022\/11\/Presentacion-Modernistas-hispanoamericanos-3-Portada-1024x683.jpg 1024w, https:\/\/www.uv.mx\/filu\/files\/2022\/11\/Presentacion-Modernistas-hispanoamericanos-3-Portada-768x512.jpg 768w, https:\/\/www.uv.mx\/filu\/files\/2022\/11\/Presentacion-Modernistas-hispanoamericanos-3-Portada.jpg 1500w\" sizes=\"auto, (max-width: 300px) 100vw, 300px\" \/><\/a>\n\t\t\t<\/div><\/figure><figure class='gallery-item'>\n\t\t\t<div class='gallery-icon landscape'>\n\t\t\t\t<a href='https:\/\/www.uv.mx\/filu\/files\/2022\/11\/Presentacion-Modernistas-hispanoamericanos-4.jpg'><img loading=\"lazy\" decoding=\"async\" width=\"300\" height=\"200\" src=\"https:\/\/www.uv.mx\/filu\/files\/2022\/11\/Presentacion-Modernistas-hispanoamericanos-4-300x200.jpg\" class=\"attachment-medium size-medium\" alt=\"\" srcset=\"https:\/\/www.uv.mx\/filu\/files\/2022\/11\/Presentacion-Modernistas-hispanoamericanos-4-300x200.jpg 300w, https:\/\/www.uv.mx\/filu\/files\/2022\/11\/Presentacion-Modernistas-hispanoamericanos-4-1024x683.jpg 1024w, https:\/\/www.uv.mx\/filu\/files\/2022\/11\/Presentacion-Modernistas-hispanoamericanos-4-768x512.jpg 768w, https:\/\/www.uv.mx\/filu\/files\/2022\/11\/Presentacion-Modernistas-hispanoamericanos-4.jpg 1500w\" sizes=\"auto, (max-width: 300px) 100vw, 300px\" \/><\/a>\n\t\t\t<\/div><\/figure><figure class='gallery-item'>\n\t\t\t<div class='gallery-icon landscape'>\n\t\t\t\t<a href='https:\/\/www.uv.mx\/filu\/files\/2022\/11\/Presentacion-Modernistas-hispanoamericanos.jpg'><img loading=\"lazy\" decoding=\"async\" width=\"300\" height=\"200\" src=\"https:\/\/www.uv.mx\/filu\/files\/2022\/11\/Presentacion-Modernistas-hispanoamericanos-300x200.jpg\" class=\"attachment-medium size-medium\" alt=\"\" srcset=\"https:\/\/www.uv.mx\/filu\/files\/2022\/11\/Presentacion-Modernistas-hispanoamericanos-300x200.jpg 300w, https:\/\/www.uv.mx\/filu\/files\/2022\/11\/Presentacion-Modernistas-hispanoamericanos-1024x683.jpg 1024w, https:\/\/www.uv.mx\/filu\/files\/2022\/11\/Presentacion-Modernistas-hispanoamericanos-768x512.jpg 768w, https:\/\/www.uv.mx\/filu\/files\/2022\/11\/Presentacion-Modernistas-hispanoamericanos.jpg 1500w\" sizes=\"auto, (max-width: 300px) 100vw, 300px\" \/><\/a>\n\t\t\t<\/div><\/figure>\n\t\t<\/div>\n\n<p>&nbsp;<\/p>\n<h4>Presentaci\u00f3n de la novela gr\u00e1fica Los a\u00f1os de Allende<\/h4>\n<div id='gallery-18' class='gallery galleryid-8581 gallery-columns-3 gallery-size-medium'><figure class='gallery-item'>\n\t\t\t<div class='gallery-icon landscape'>\n\t\t\t\t<a href='https:\/\/www.uv.mx\/filu\/files\/2022\/11\/Los-anos-de-Allende.jpg'><img loading=\"lazy\" decoding=\"async\" width=\"300\" height=\"200\" src=\"https:\/\/www.uv.mx\/filu\/files\/2022\/11\/Los-anos-de-Allende-300x200.jpg\" class=\"attachment-medium size-medium\" alt=\"\" srcset=\"https:\/\/www.uv.mx\/filu\/files\/2022\/11\/Los-anos-de-Allende-300x200.jpg 300w, https:\/\/www.uv.mx\/filu\/files\/2022\/11\/Los-anos-de-Allende.jpg 593w\" sizes=\"auto, (max-width: 300px) 100vw, 300px\" \/><\/a>\n\t\t\t<\/div><\/figure><figure class='gallery-item'>\n\t\t\t<div class='gallery-icon landscape'>\n\t\t\t\t<a href='https:\/\/www.uv.mx\/filu\/files\/2022\/11\/Los-anos-de-Allende-1.jpg'><img loading=\"lazy\" decoding=\"async\" width=\"300\" height=\"200\" src=\"https:\/\/www.uv.mx\/filu\/files\/2022\/11\/Los-anos-de-Allende-1-300x200.jpg\" class=\"attachment-medium size-medium\" alt=\"\" srcset=\"https:\/\/www.uv.mx\/filu\/files\/2022\/11\/Los-anos-de-Allende-1-300x200.jpg 300w, https:\/\/www.uv.mx\/filu\/files\/2022\/11\/Los-anos-de-Allende-1.jpg 593w\" sizes=\"auto, (max-width: 300px) 100vw, 300px\" \/><\/a>\n\t\t\t<\/div><\/figure><figure class='gallery-item'>\n\t\t\t<div class='gallery-icon landscape'>\n\t\t\t\t<a href='https:\/\/www.uv.mx\/filu\/files\/2022\/11\/110922-Los-an\u0303os-de-Allende-3-Luis-Arturo-Salmeron-representante-del-Fondo-de-Cultura-Economica.jpg'><img loading=\"lazy\" decoding=\"async\" width=\"300\" height=\"195\" src=\"https:\/\/www.uv.mx\/filu\/files\/2022\/11\/110922-Los-an\u0303os-de-Allende-3-Luis-Arturo-Salmeron-representante-del-Fondo-de-Cultura-Economica-300x195.jpg\" class=\"attachment-medium size-medium\" alt=\"\" srcset=\"https:\/\/www.uv.mx\/filu\/files\/2022\/11\/110922-Los-an\u0303os-de-Allende-3-Luis-Arturo-Salmeron-representante-del-Fondo-de-Cultura-Economica-300x195.jpg 300w, https:\/\/www.uv.mx\/filu\/files\/2022\/11\/110922-Los-an\u0303os-de-Allende-3-Luis-Arturo-Salmeron-representante-del-Fondo-de-Cultura-Economica.jpg 722w\" sizes=\"auto, (max-width: 300px) 100vw, 300px\" \/><\/a>\n\t\t\t<\/div><\/figure><figure class='gallery-item'>\n\t\t\t<div class='gallery-icon landscape'>\n\t\t\t\t<a href='https:\/\/www.uv.mx\/filu\/files\/2022\/11\/110922-Los-an\u0303os-de-Allende-1-Dario-Salinas-Figueredo.jpg'><img loading=\"lazy\" decoding=\"async\" width=\"300\" height=\"204\" src=\"https:\/\/www.uv.mx\/filu\/files\/2022\/11\/110922-Los-an\u0303os-de-Allende-1-Dario-Salinas-Figueredo-300x204.jpg\" class=\"attachment-medium size-medium\" alt=\"\" srcset=\"https:\/\/www.uv.mx\/filu\/files\/2022\/11\/110922-Los-an\u0303os-de-Allende-1-Dario-Salinas-Figueredo-300x204.jpg 300w, https:\/\/www.uv.mx\/filu\/files\/2022\/11\/110922-Los-an\u0303os-de-Allende-1-Dario-Salinas-Figueredo.jpg 722w\" sizes=\"auto, (max-width: 300px) 100vw, 300px\" \/><\/a>\n\t\t\t<\/div><\/figure>\n\t\t<\/div>\n\n<p>&nbsp;<\/p>\n<h4>Presentaci\u00f3n del libro Uso y valor de Henri Lefebvre. Siete ensayos a prop\u00f3sito de El derecho a la ciudad<\/h4>\n<div id='gallery-19' class='gallery galleryid-8581 gallery-columns-3 gallery-size-medium'><figure class='gallery-item'>\n\t\t\t<div class='gallery-icon landscape'>\n\t\t\t\t<a href='https:\/\/www.uv.mx\/filu\/files\/2022\/11\/110922-Uso-y-valor-de-Henri-Lefebvre-1.jpg'><img loading=\"lazy\" decoding=\"async\" width=\"300\" height=\"200\" src=\"https:\/\/www.uv.mx\/filu\/files\/2022\/11\/110922-Uso-y-valor-de-Henri-Lefebvre-1-300x200.jpg\" class=\"attachment-medium size-medium\" alt=\"\" srcset=\"https:\/\/www.uv.mx\/filu\/files\/2022\/11\/110922-Uso-y-valor-de-Henri-Lefebvre-1-300x200.jpg 300w, https:\/\/www.uv.mx\/filu\/files\/2022\/11\/110922-Uso-y-valor-de-Henri-Lefebvre-1.jpg 722w\" sizes=\"auto, (max-width: 300px) 100vw, 300px\" \/><\/a>\n\t\t\t<\/div><\/figure><figure class='gallery-item'>\n\t\t\t<div class='gallery-icon landscape'>\n\t\t\t\t<a href='https:\/\/www.uv.mx\/filu\/files\/2022\/11\/110922-Uso-y-valor-de-Henri-Lefebvre-2.jpg'><img loading=\"lazy\" decoding=\"async\" width=\"300\" height=\"200\" src=\"https:\/\/www.uv.mx\/filu\/files\/2022\/11\/110922-Uso-y-valor-de-Henri-Lefebvre-2-300x200.jpg\" class=\"attachment-medium size-medium\" alt=\"\" srcset=\"https:\/\/www.uv.mx\/filu\/files\/2022\/11\/110922-Uso-y-valor-de-Henri-Lefebvre-2-300x200.jpg 300w, https:\/\/www.uv.mx\/filu\/files\/2022\/11\/110922-Uso-y-valor-de-Henri-Lefebvre-2.jpg 722w\" sizes=\"auto, (max-width: 300px) 100vw, 300px\" \/><\/a>\n\t\t\t<\/div><\/figure>\n\t\t<\/div>\n\n<p>&nbsp;<\/p>\n<h4>Presentaci\u00f3n del libro Animales nocturnos<\/h4>\n<div id='gallery-20' class='gallery galleryid-8581 gallery-columns-3 gallery-size-medium'><figure class='gallery-item'>\n\t\t\t<div class='gallery-icon landscape'>\n\t\t\t\t<a href='https:\/\/www.uv.mx\/filu\/files\/2022\/11\/Presentacion-libro-Animales-Nocturnos-1.jpg'><img loading=\"lazy\" decoding=\"async\" width=\"300\" height=\"200\" src=\"https:\/\/www.uv.mx\/filu\/files\/2022\/11\/Presentacion-libro-Animales-Nocturnos-1-300x200.jpg\" class=\"attachment-medium size-medium\" alt=\"\" srcset=\"https:\/\/www.uv.mx\/filu\/files\/2022\/11\/Presentacion-libro-Animales-Nocturnos-1-300x200.jpg 300w, https:\/\/www.uv.mx\/filu\/files\/2022\/11\/Presentacion-libro-Animales-Nocturnos-1-1024x683.jpg 1024w, https:\/\/www.uv.mx\/filu\/files\/2022\/11\/Presentacion-libro-Animales-Nocturnos-1-768x512.jpg 768w, https:\/\/www.uv.mx\/filu\/files\/2022\/11\/Presentacion-libro-Animales-Nocturnos-1.jpg 1500w\" sizes=\"auto, (max-width: 300px) 100vw, 300px\" \/><\/a>\n\t\t\t<\/div><\/figure><figure class='gallery-item'>\n\t\t\t<div class='gallery-icon landscape'>\n\t\t\t\t<a href='https:\/\/www.uv.mx\/filu\/files\/2022\/11\/Presentacion-libro-Animales-Nocturnos-2.jpg'><img loading=\"lazy\" decoding=\"async\" width=\"300\" height=\"200\" src=\"https:\/\/www.uv.mx\/filu\/files\/2022\/11\/Presentacion-libro-Animales-Nocturnos-2-300x200.jpg\" class=\"attachment-medium size-medium\" alt=\"\" srcset=\"https:\/\/www.uv.mx\/filu\/files\/2022\/11\/Presentacion-libro-Animales-Nocturnos-2-300x200.jpg 300w, https:\/\/www.uv.mx\/filu\/files\/2022\/11\/Presentacion-libro-Animales-Nocturnos-2-1024x683.jpg 1024w, https:\/\/www.uv.mx\/filu\/files\/2022\/11\/Presentacion-libro-Animales-Nocturnos-2-768x512.jpg 768w, https:\/\/www.uv.mx\/filu\/files\/2022\/11\/Presentacion-libro-Animales-Nocturnos-2.jpg 1500w\" sizes=\"auto, (max-width: 300px) 100vw, 300px\" \/><\/a>\n\t\t\t<\/div><\/figure><figure class='gallery-item'>\n\t\t\t<div class='gallery-icon landscape'>\n\t\t\t\t<a href='https:\/\/www.uv.mx\/filu\/files\/2022\/11\/Presentacion-libro-Animales-Nocturnos.jpg'><img loading=\"lazy\" decoding=\"async\" width=\"300\" height=\"200\" src=\"https:\/\/www.uv.mx\/filu\/files\/2022\/11\/Presentacion-libro-Animales-Nocturnos-300x200.jpg\" class=\"attachment-medium size-medium\" alt=\"\" srcset=\"https:\/\/www.uv.mx\/filu\/files\/2022\/11\/Presentacion-libro-Animales-Nocturnos-300x200.jpg 300w, https:\/\/www.uv.mx\/filu\/files\/2022\/11\/Presentacion-libro-Animales-Nocturnos-1024x683.jpg 1024w, https:\/\/www.uv.mx\/filu\/files\/2022\/11\/Presentacion-libro-Animales-Nocturnos-768x512.jpg 768w, https:\/\/www.uv.mx\/filu\/files\/2022\/11\/Presentacion-libro-Animales-Nocturnos.jpg 1500w\" sizes=\"auto, (max-width: 300px) 100vw, 300px\" \/><\/a>\n\t\t\t<\/div><\/figure>\n\t\t<\/div>\n\n<p>&nbsp;<\/p>\n<h4>Rodada literaria<\/h4>\n<div id='gallery-21' class='gallery galleryid-8581 gallery-columns-3 gallery-size-medium'><figure class='gallery-item'>\n\t\t\t<div class='gallery-icon landscape'>\n\t\t\t\t<a href='https:\/\/www.uv.mx\/filu\/files\/2022\/11\/Rodada-universitaria-de-clausura-2.jpg'><img loading=\"lazy\" decoding=\"async\" width=\"300\" height=\"300\" src=\"https:\/\/www.uv.mx\/filu\/files\/2022\/11\/Rodada-universitaria-de-clausura-2-300x300.jpg\" class=\"attachment-medium size-medium\" alt=\"\" srcset=\"https:\/\/www.uv.mx\/filu\/files\/2022\/11\/Rodada-universitaria-de-clausura-2-300x300.jpg 300w, https:\/\/www.uv.mx\/filu\/files\/2022\/11\/Rodada-universitaria-de-clausura-2-150x150.jpg 150w, https:\/\/www.uv.mx\/filu\/files\/2022\/11\/Rodada-universitaria-de-clausura-2.jpg 600w\" sizes=\"auto, (max-width: 300px) 100vw, 300px\" \/><\/a>\n\t\t\t<\/div><\/figure><figure class='gallery-item'>\n\t\t\t<div class='gallery-icon landscape'>\n\t\t\t\t<a href='https:\/\/www.uv.mx\/filu\/files\/2022\/11\/Rodada-universitaria-de-clausura-3.jpg'><img loading=\"lazy\" decoding=\"async\" width=\"300\" height=\"200\" src=\"https:\/\/www.uv.mx\/filu\/files\/2022\/11\/Rodada-universitaria-de-clausura-3-300x200.jpg\" class=\"attachment-medium size-medium\" alt=\"\" srcset=\"https:\/\/www.uv.mx\/filu\/files\/2022\/11\/Rodada-universitaria-de-clausura-3-300x200.jpg 300w, https:\/\/www.uv.mx\/filu\/files\/2022\/11\/Rodada-universitaria-de-clausura-3-1024x683.jpg 1024w, https:\/\/www.uv.mx\/filu\/files\/2022\/11\/Rodada-universitaria-de-clausura-3-768x512.jpg 768w, https:\/\/www.uv.mx\/filu\/files\/2022\/11\/Rodada-universitaria-de-clausura-3-1536x1024.jpg 1536w, https:\/\/www.uv.mx\/filu\/files\/2022\/11\/Rodada-universitaria-de-clausura-3.jpg 2048w\" sizes=\"auto, (max-width: 300px) 100vw, 300px\" \/><\/a>\n\t\t\t<\/div><\/figure><figure class='gallery-item'>\n\t\t\t<div class='gallery-icon landscape'>\n\t\t\t\t<a href='https:\/\/www.uv.mx\/filu\/files\/2022\/11\/Rodada-universitaria-de-clausura-4.jpg'><img loading=\"lazy\" decoding=\"async\" width=\"300\" height=\"200\" src=\"https:\/\/www.uv.mx\/filu\/files\/2022\/11\/Rodada-universitaria-de-clausura-4-300x200.jpg\" class=\"attachment-medium size-medium\" alt=\"\" srcset=\"https:\/\/www.uv.mx\/filu\/files\/2022\/11\/Rodada-universitaria-de-clausura-4-300x200.jpg 300w, https:\/\/www.uv.mx\/filu\/files\/2022\/11\/Rodada-universitaria-de-clausura-4-1024x683.jpg 1024w, https:\/\/www.uv.mx\/filu\/files\/2022\/11\/Rodada-universitaria-de-clausura-4-768x512.jpg 768w, https:\/\/www.uv.mx\/filu\/files\/2022\/11\/Rodada-universitaria-de-clausura-4-1536x1024.jpg 1536w, https:\/\/www.uv.mx\/filu\/files\/2022\/11\/Rodada-universitaria-de-clausura-4.jpg 2048w\" sizes=\"auto, (max-width: 300px) 100vw, 300px\" \/><\/a>\n\t\t\t<\/div><\/figure><figure class='gallery-item'>\n\t\t\t<div class='gallery-icon landscape'>\n\t\t\t\t<a href='https:\/\/www.uv.mx\/filu\/files\/2022\/11\/Rodada-universitaria-de-clausura-5.jpg'><img loading=\"lazy\" decoding=\"async\" width=\"300\" height=\"200\" src=\"https:\/\/www.uv.mx\/filu\/files\/2022\/11\/Rodada-universitaria-de-clausura-5-300x200.jpg\" class=\"attachment-medium size-medium\" alt=\"\" srcset=\"https:\/\/www.uv.mx\/filu\/files\/2022\/11\/Rodada-universitaria-de-clausura-5-300x200.jpg 300w, https:\/\/www.uv.mx\/filu\/files\/2022\/11\/Rodada-universitaria-de-clausura-5-1024x683.jpg 1024w, https:\/\/www.uv.mx\/filu\/files\/2022\/11\/Rodada-universitaria-de-clausura-5-768x512.jpg 768w, https:\/\/www.uv.mx\/filu\/files\/2022\/11\/Rodada-universitaria-de-clausura-5-1536x1024.jpg 1536w, https:\/\/www.uv.mx\/filu\/files\/2022\/11\/Rodada-universitaria-de-clausura-5.jpg 2048w\" sizes=\"auto, (max-width: 300px) 100vw, 300px\" \/><\/a>\n\t\t\t<\/div><\/figure><figure class='gallery-item'>\n\t\t\t<div class='gallery-icon landscape'>\n\t\t\t\t<a href='https:\/\/www.uv.mx\/filu\/files\/2022\/11\/Rodada-universitaria-de-clausura.jpg'><img loading=\"lazy\" decoding=\"async\" width=\"300\" height=\"200\" src=\"https:\/\/www.uv.mx\/filu\/files\/2022\/11\/Rodada-universitaria-de-clausura-300x200.jpg\" class=\"attachment-medium size-medium\" alt=\"\" srcset=\"https:\/\/www.uv.mx\/filu\/files\/2022\/11\/Rodada-universitaria-de-clausura-300x200.jpg 300w, https:\/\/www.uv.mx\/filu\/files\/2022\/11\/Rodada-universitaria-de-clausura.jpg 593w\" sizes=\"auto, (max-width: 300px) 100vw, 300px\" \/><\/a>\n\t\t\t<\/div><\/figure>\n\t\t<\/div>\n\n<p>&nbsp;<\/p>\n<h4>Presentaci\u00f3n del libro de fantas\u00eda Ruysdaell y el acertijo del Obelisco<\/h4>\n<div id='gallery-22' class='gallery galleryid-8581 gallery-columns-3 gallery-size-medium'><figure class='gallery-item'>\n\t\t\t<div class='gallery-icon landscape'>\n\t\t\t\t<a href='https:\/\/www.uv.mx\/filu\/files\/2022\/11\/Ana-Valderrama-con-el-autor-de-Ruysdaell.jpg'><img loading=\"lazy\" decoding=\"async\" width=\"300\" height=\"200\" src=\"https:\/\/www.uv.mx\/filu\/files\/2022\/11\/Ana-Valderrama-con-el-autor-de-Ruysdaell-300x200.jpg\" class=\"attachment-medium size-medium\" alt=\"\" srcset=\"https:\/\/www.uv.mx\/filu\/files\/2022\/11\/Ana-Valderrama-con-el-autor-de-Ruysdaell-300x200.jpg 300w, https:\/\/www.uv.mx\/filu\/files\/2022\/11\/Ana-Valderrama-con-el-autor-de-Ruysdaell-1024x683.jpg 1024w, https:\/\/www.uv.mx\/filu\/files\/2022\/11\/Ana-Valderrama-con-el-autor-de-Ruysdaell-768x512.jpg 768w, https:\/\/www.uv.mx\/filu\/files\/2022\/11\/Ana-Valderrama-con-el-autor-de-Ruysdaell.jpg 1500w\" sizes=\"auto, (max-width: 300px) 100vw, 300px\" \/><\/a>\n\t\t\t<\/div><\/figure><figure class='gallery-item'>\n\t\t\t<div class='gallery-icon landscape'>\n\t\t\t\t<a href='https:\/\/www.uv.mx\/filu\/files\/2022\/11\/Firma-de-libros-Ruysdaell.jpg'><img loading=\"lazy\" decoding=\"async\" width=\"300\" height=\"200\" src=\"https:\/\/www.uv.mx\/filu\/files\/2022\/11\/Firma-de-libros-Ruysdaell-300x200.jpg\" class=\"attachment-medium size-medium\" alt=\"\" srcset=\"https:\/\/www.uv.mx\/filu\/files\/2022\/11\/Firma-de-libros-Ruysdaell-300x200.jpg 300w, https:\/\/www.uv.mx\/filu\/files\/2022\/11\/Firma-de-libros-Ruysdaell-1024x683.jpg 1024w, https:\/\/www.uv.mx\/filu\/files\/2022\/11\/Firma-de-libros-Ruysdaell-768x512.jpg 768w, https:\/\/www.uv.mx\/filu\/files\/2022\/11\/Firma-de-libros-Ruysdaell.jpg 1500w\" sizes=\"auto, (max-width: 300px) 100vw, 300px\" \/><\/a>\n\t\t\t<\/div><\/figure><figure class='gallery-item'>\n\t\t\t<div class='gallery-icon landscape'>\n\t\t\t\t<a href='https:\/\/www.uv.mx\/filu\/files\/2022\/11\/Libro-Ruysdaell-Portada.jpg'><img loading=\"lazy\" decoding=\"async\" width=\"300\" height=\"200\" src=\"https:\/\/www.uv.mx\/filu\/files\/2022\/11\/Libro-Ruysdaell-Portada-300x200.jpg\" class=\"attachment-medium size-medium\" alt=\"\" srcset=\"https:\/\/www.uv.mx\/filu\/files\/2022\/11\/Libro-Ruysdaell-Portada-300x200.jpg 300w, https:\/\/www.uv.mx\/filu\/files\/2022\/11\/Libro-Ruysdaell-Portada-1024x683.jpg 1024w, https:\/\/www.uv.mx\/filu\/files\/2022\/11\/Libro-Ruysdaell-Portada-768x512.jpg 768w, https:\/\/www.uv.mx\/filu\/files\/2022\/11\/Libro-Ruysdaell-Portada.jpg 1500w\" sizes=\"auto, (max-width: 300px) 100vw, 300px\" \/><\/a>\n\t\t\t<\/div><\/figure>\n\t\t<\/div>\n\n<p>&nbsp;<\/p>\n<h4>Taller de ciencias: Historia del Papel<\/h4>\n<div id='gallery-23' class='gallery galleryid-8581 gallery-columns-3 gallery-size-medium'><figure class='gallery-item'>\n\t\t\t<div class='gallery-icon landscape'>\n\t\t\t\t<a href='https:\/\/www.uv.mx\/filu\/files\/2022\/11\/Historia-de-papel-3.jpg'><img loading=\"lazy\" decoding=\"async\" width=\"300\" height=\"200\" src=\"https:\/\/www.uv.mx\/filu\/files\/2022\/11\/Historia-de-papel-3-300x200.jpg\" class=\"attachment-medium size-medium\" alt=\"\" srcset=\"https:\/\/www.uv.mx\/filu\/files\/2022\/11\/Historia-de-papel-3-300x200.jpg 300w, https:\/\/www.uv.mx\/filu\/files\/2022\/11\/Historia-de-papel-3-1024x683.jpg 1024w, https:\/\/www.uv.mx\/filu\/files\/2022\/11\/Historia-de-papel-3-768x512.jpg 768w, https:\/\/www.uv.mx\/filu\/files\/2022\/11\/Historia-de-papel-3.jpg 1500w\" sizes=\"auto, (max-width: 300px) 100vw, 300px\" \/><\/a>\n\t\t\t<\/div><\/figure><figure class='gallery-item'>\n\t\t\t<div class='gallery-icon landscape'>\n\t\t\t\t<a href='https:\/\/www.uv.mx\/filu\/files\/2022\/11\/Historia-de-papel.jpg'><img loading=\"lazy\" decoding=\"async\" width=\"300\" height=\"200\" src=\"https:\/\/www.uv.mx\/filu\/files\/2022\/11\/Historia-de-papel-300x200.jpg\" class=\"attachment-medium size-medium\" alt=\"\" srcset=\"https:\/\/www.uv.mx\/filu\/files\/2022\/11\/Historia-de-papel-300x200.jpg 300w, https:\/\/www.uv.mx\/filu\/files\/2022\/11\/Historia-de-papel.jpg 593w\" sizes=\"auto, (max-width: 300px) 100vw, 300px\" \/><\/a>\n\t\t\t<\/div><\/figure><figure class='gallery-item'>\n\t\t\t<div class='gallery-icon landscape'>\n\t\t\t\t<a href='https:\/\/www.uv.mx\/filu\/files\/2022\/11\/Historia-de-papel-1.jpg'><img loading=\"lazy\" decoding=\"async\" width=\"300\" height=\"200\" src=\"https:\/\/www.uv.mx\/filu\/files\/2022\/11\/Historia-de-papel-1-300x200.jpg\" class=\"attachment-medium size-medium\" alt=\"\" srcset=\"https:\/\/www.uv.mx\/filu\/files\/2022\/11\/Historia-de-papel-1-300x200.jpg 300w, https:\/\/www.uv.mx\/filu\/files\/2022\/11\/Historia-de-papel-1-1024x683.jpg 1024w, https:\/\/www.uv.mx\/filu\/files\/2022\/11\/Historia-de-papel-1-768x512.jpg 768w, https:\/\/www.uv.mx\/filu\/files\/2022\/11\/Historia-de-papel-1.jpg 1500w\" sizes=\"auto, (max-width: 300px) 100vw, 300px\" \/><\/a>\n\t\t\t<\/div><\/figure><figure class='gallery-item'>\n\t\t\t<div class='gallery-icon landscape'>\n\t\t\t\t<a href='https:\/\/www.uv.mx\/filu\/files\/2022\/11\/Historia-de-papel-2.jpg'><img loading=\"lazy\" decoding=\"async\" width=\"300\" height=\"200\" src=\"https:\/\/www.uv.mx\/filu\/files\/2022\/11\/Historia-de-papel-2-300x200.jpg\" class=\"attachment-medium size-medium\" alt=\"\" srcset=\"https:\/\/www.uv.mx\/filu\/files\/2022\/11\/Historia-de-papel-2-300x200.jpg 300w, https:\/\/www.uv.mx\/filu\/files\/2022\/11\/Historia-de-papel-2-1024x683.jpg 1024w, https:\/\/www.uv.mx\/filu\/files\/2022\/11\/Historia-de-papel-2-768x512.jpg 768w, https:\/\/www.uv.mx\/filu\/files\/2022\/11\/Historia-de-papel-2.jpg 1500w\" sizes=\"auto, (max-width: 300px) 100vw, 300px\" \/><\/a>\n\t\t\t<\/div><\/figure>\n\t\t<\/div>\n\n<p>&nbsp;<\/p>\n<h4>Presentaci\u00f3n de la antolog\u00eda Mujeres y psicod\u00e9licos. Descubriendo las voces invisibles<\/h4>\n<div id='gallery-24' class='gallery galleryid-8581 gallery-columns-3 gallery-size-medium'><figure class='gallery-item'>\n\t\t\t<div class='gallery-icon landscape'>\n\t\t\t\t<a href='https:\/\/www.uv.mx\/filu\/files\/2022\/11\/Mujeres-y-psicodelicos-1.jpg'><img loading=\"lazy\" decoding=\"async\" width=\"300\" height=\"200\" src=\"https:\/\/www.uv.mx\/filu\/files\/2022\/11\/Mujeres-y-psicodelicos-1-300x200.jpg\" class=\"attachment-medium size-medium\" alt=\"\" srcset=\"https:\/\/www.uv.mx\/filu\/files\/2022\/11\/Mujeres-y-psicodelicos-1-300x200.jpg 300w, https:\/\/www.uv.mx\/filu\/files\/2022\/11\/Mujeres-y-psicodelicos-1.jpg 593w\" sizes=\"auto, (max-width: 300px) 100vw, 300px\" \/><\/a>\n\t\t\t<\/div><\/figure><figure class='gallery-item'>\n\t\t\t<div class='gallery-icon landscape'>\n\t\t\t\t<a href='https:\/\/www.uv.mx\/filu\/files\/2022\/11\/Mujeres-y-psicodelicos-2.jpg'><img loading=\"lazy\" decoding=\"async\" width=\"300\" height=\"200\" src=\"https:\/\/www.uv.mx\/filu\/files\/2022\/11\/Mujeres-y-psicodelicos-2-300x200.jpg\" class=\"attachment-medium size-medium\" alt=\"\" srcset=\"https:\/\/www.uv.mx\/filu\/files\/2022\/11\/Mujeres-y-psicodelicos-2-300x200.jpg 300w, https:\/\/www.uv.mx\/filu\/files\/2022\/11\/Mujeres-y-psicodelicos-2-1024x683.jpg 1024w, https:\/\/www.uv.mx\/filu\/files\/2022\/11\/Mujeres-y-psicodelicos-2-768x512.jpg 768w, https:\/\/www.uv.mx\/filu\/files\/2022\/11\/Mujeres-y-psicodelicos-2.jpg 1500w\" sizes=\"auto, (max-width: 300px) 100vw, 300px\" \/><\/a>\n\t\t\t<\/div><\/figure><figure class='gallery-item'>\n\t\t\t<div class='gallery-icon landscape'>\n\t\t\t\t<a href='https:\/\/www.uv.mx\/filu\/files\/2022\/11\/Mujeres-y-psicodelicos-3.jpg'><img loading=\"lazy\" decoding=\"async\" width=\"300\" height=\"200\" src=\"https:\/\/www.uv.mx\/filu\/files\/2022\/11\/Mujeres-y-psicodelicos-3-300x200.jpg\" class=\"attachment-medium size-medium\" alt=\"\" srcset=\"https:\/\/www.uv.mx\/filu\/files\/2022\/11\/Mujeres-y-psicodelicos-3-300x200.jpg 300w, https:\/\/www.uv.mx\/filu\/files\/2022\/11\/Mujeres-y-psicodelicos-3-1024x683.jpg 1024w, https:\/\/www.uv.mx\/filu\/files\/2022\/11\/Mujeres-y-psicodelicos-3-768x512.jpg 768w, https:\/\/www.uv.mx\/filu\/files\/2022\/11\/Mujeres-y-psicodelicos-3.jpg 1500w\" sizes=\"auto, (max-width: 300px) 100vw, 300px\" \/><\/a>\n\t\t\t<\/div><\/figure><figure class='gallery-item'>\n\t\t\t<div class='gallery-icon landscape'>\n\t\t\t\t<a href='https:\/\/www.uv.mx\/filu\/files\/2022\/11\/Mujeres-y-psicodelicos-4.jpg'><img loading=\"lazy\" decoding=\"async\" width=\"300\" height=\"200\" src=\"https:\/\/www.uv.mx\/filu\/files\/2022\/11\/Mujeres-y-psicodelicos-4-300x200.jpg\" class=\"attachment-medium size-medium\" alt=\"\" srcset=\"https:\/\/www.uv.mx\/filu\/files\/2022\/11\/Mujeres-y-psicodelicos-4-300x200.jpg 300w, https:\/\/www.uv.mx\/filu\/files\/2022\/11\/Mujeres-y-psicodelicos-4-1024x683.jpg 1024w, https:\/\/www.uv.mx\/filu\/files\/2022\/11\/Mujeres-y-psicodelicos-4-768x512.jpg 768w, https:\/\/www.uv.mx\/filu\/files\/2022\/11\/Mujeres-y-psicodelicos-4.jpg 1500w\" sizes=\"auto, (max-width: 300px) 100vw, 300px\" \/><\/a>\n\t\t\t<\/div><\/figure><figure class='gallery-item'>\n\t\t\t<div class='gallery-icon landscape'>\n\t\t\t\t<a href='https:\/\/www.uv.mx\/filu\/files\/2022\/11\/Mujeres-y-psicodelicos-6.jpg'><img loading=\"lazy\" decoding=\"async\" width=\"300\" height=\"200\" src=\"https:\/\/www.uv.mx\/filu\/files\/2022\/11\/Mujeres-y-psicodelicos-6-300x200.jpg\" class=\"attachment-medium size-medium\" alt=\"\" srcset=\"https:\/\/www.uv.mx\/filu\/files\/2022\/11\/Mujeres-y-psicodelicos-6-300x200.jpg 300w, https:\/\/www.uv.mx\/filu\/files\/2022\/11\/Mujeres-y-psicodelicos-6-1024x683.jpg 1024w, https:\/\/www.uv.mx\/filu\/files\/2022\/11\/Mujeres-y-psicodelicos-6-768x512.jpg 768w, https:\/\/www.uv.mx\/filu\/files\/2022\/11\/Mujeres-y-psicodelicos-6.jpg 1500w\" sizes=\"auto, (max-width: 300px) 100vw, 300px\" \/><\/a>\n\t\t\t<\/div><\/figure><figure class='gallery-item'>\n\t\t\t<div class='gallery-icon landscape'>\n\t\t\t\t<a href='https:\/\/www.uv.mx\/filu\/files\/2022\/11\/Mujeres-y-psicoledicos-4.jpg'><img loading=\"lazy\" decoding=\"async\" width=\"300\" height=\"200\" src=\"https:\/\/www.uv.mx\/filu\/files\/2022\/11\/Mujeres-y-psicoledicos-4-300x200.jpg\" class=\"attachment-medium size-medium\" alt=\"\" srcset=\"https:\/\/www.uv.mx\/filu\/files\/2022\/11\/Mujeres-y-psicoledicos-4-300x200.jpg 300w, https:\/\/www.uv.mx\/filu\/files\/2022\/11\/Mujeres-y-psicoledicos-4-1024x683.jpg 1024w, https:\/\/www.uv.mx\/filu\/files\/2022\/11\/Mujeres-y-psicoledicos-4-768x512.jpg 768w, https:\/\/www.uv.mx\/filu\/files\/2022\/11\/Mujeres-y-psicoledicos-4.jpg 1500w\" sizes=\"auto, (max-width: 300px) 100vw, 300px\" \/><\/a>\n\t\t\t<\/div><\/figure><figure class='gallery-item'>\n\t\t\t<div class='gallery-icon landscape'>\n\t\t\t\t<a href='https:\/\/www.uv.mx\/filu\/files\/2022\/11\/portada-Mujeres-y-psicodelicos.jpg'><img loading=\"lazy\" decoding=\"async\" width=\"300\" height=\"200\" src=\"https:\/\/www.uv.mx\/filu\/files\/2022\/11\/portada-Mujeres-y-psicodelicos-300x200.jpg\" class=\"attachment-medium size-medium\" alt=\"\" srcset=\"https:\/\/www.uv.mx\/filu\/files\/2022\/11\/portada-Mujeres-y-psicodelicos-300x200.jpg 300w, https:\/\/www.uv.mx\/filu\/files\/2022\/11\/portada-Mujeres-y-psicodelicos.jpg 593w\" sizes=\"auto, (max-width: 300px) 100vw, 300px\" \/><\/a>\n\t\t\t<\/div><\/figure>\n\t\t<\/div>\n\n<p>&nbsp;<\/p>\n<h4>Clausura FILU<\/h4>\n<div id='gallery-25' class='gallery galleryid-8581 gallery-columns-3 gallery-size-medium'><figure class='gallery-item'>\n\t\t\t<div class='gallery-icon landscape'>\n\t\t\t\t<a href='https:\/\/www.uv.mx\/filu\/files\/2022\/11\/Musica-y-literatura-despidieron-a-la-FILU-2022.jpg'><img loading=\"lazy\" decoding=\"async\" width=\"300\" height=\"200\" src=\"https:\/\/www.uv.mx\/filu\/files\/2022\/11\/Musica-y-literatura-despidieron-a-la-FILU-2022-300x200.jpg\" class=\"attachment-medium size-medium\" alt=\"\" srcset=\"https:\/\/www.uv.mx\/filu\/files\/2022\/11\/Musica-y-literatura-despidieron-a-la-FILU-2022-300x200.jpg 300w, https:\/\/www.uv.mx\/filu\/files\/2022\/11\/Musica-y-literatura-despidieron-a-la-FILU-2022-1024x683.jpg 1024w, https:\/\/www.uv.mx\/filu\/files\/2022\/11\/Musica-y-literatura-despidieron-a-la-FILU-2022-768x512.jpg 768w, https:\/\/www.uv.mx\/filu\/files\/2022\/11\/Musica-y-literatura-despidieron-a-la-FILU-2022.jpg 1500w\" sizes=\"auto, (max-width: 300px) 100vw, 300px\" \/><\/a>\n\t\t\t<\/div><\/figure><figure class='gallery-item'>\n\t\t\t<div class='gallery-icon landscape'>\n\t\t\t\t<a href='https:\/\/www.uv.mx\/filu\/files\/2022\/11\/Clausura-FILU.jpg'><img loading=\"lazy\" decoding=\"async\" width=\"300\" height=\"200\" src=\"https:\/\/www.uv.mx\/filu\/files\/2022\/11\/Clausura-FILU-300x200.jpg\" class=\"attachment-medium size-medium\" alt=\"\" srcset=\"https:\/\/www.uv.mx\/filu\/files\/2022\/11\/Clausura-FILU-300x200.jpg 300w, https:\/\/www.uv.mx\/filu\/files\/2022\/11\/Clausura-FILU-1024x683.jpg 1024w, https:\/\/www.uv.mx\/filu\/files\/2022\/11\/Clausura-FILU-768x512.jpg 768w, https:\/\/www.uv.mx\/filu\/files\/2022\/11\/Clausura-FILU.jpg 1500w\" sizes=\"auto, (max-width: 300px) 100vw, 300px\" \/><\/a>\n\t\t\t<\/div><\/figure><figure class='gallery-item'>\n\t\t\t<div class='gallery-icon landscape'>\n\t\t\t\t<a href='https:\/\/www.uv.mx\/filu\/files\/2022\/11\/Judith-Guadalupe-Paez-dio-detalles-sobre-la-edicion-de-la-FILU-2022.jpg'><img loading=\"lazy\" decoding=\"async\" width=\"300\" height=\"200\" src=\"https:\/\/www.uv.mx\/filu\/files\/2022\/11\/Judith-Guadalupe-Paez-dio-detalles-sobre-la-edicion-de-la-FILU-2022-300x200.jpg\" class=\"attachment-medium size-medium\" alt=\"\" srcset=\"https:\/\/www.uv.mx\/filu\/files\/2022\/11\/Judith-Guadalupe-Paez-dio-detalles-sobre-la-edicion-de-la-FILU-2022-300x200.jpg 300w, https:\/\/www.uv.mx\/filu\/files\/2022\/11\/Judith-Guadalupe-Paez-dio-detalles-sobre-la-edicion-de-la-FILU-2022-1024x683.jpg 1024w, https:\/\/www.uv.mx\/filu\/files\/2022\/11\/Judith-Guadalupe-Paez-dio-detalles-sobre-la-edicion-de-la-FILU-2022-768x512.jpg 768w, https:\/\/www.uv.mx\/filu\/files\/2022\/11\/Judith-Guadalupe-Paez-dio-detalles-sobre-la-edicion-de-la-FILU-2022.jpg 1500w\" sizes=\"auto, (max-width: 300px) 100vw, 300px\" \/><\/a>\n\t\t\t<\/div><\/figure><figure class='gallery-item'>\n\t\t\t<div class='gallery-icon landscape'>\n\t\t\t\t<a href='https:\/\/www.uv.mx\/filu\/files\/2022\/11\/La-escritora-Laura-Restrepo-participo-en-la-clausura-de-la-FILU.jpg'><img loading=\"lazy\" decoding=\"async\" width=\"300\" height=\"200\" src=\"https:\/\/www.uv.mx\/filu\/files\/2022\/11\/La-escritora-Laura-Restrepo-participo-en-la-clausura-de-la-FILU-300x200.jpg\" class=\"attachment-medium size-medium\" alt=\"\" srcset=\"https:\/\/www.uv.mx\/filu\/files\/2022\/11\/La-escritora-Laura-Restrepo-participo-en-la-clausura-de-la-FILU-300x200.jpg 300w, https:\/\/www.uv.mx\/filu\/files\/2022\/11\/La-escritora-Laura-Restrepo-participo-en-la-clausura-de-la-FILU-1024x683.jpg 1024w, https:\/\/www.uv.mx\/filu\/files\/2022\/11\/La-escritora-Laura-Restrepo-participo-en-la-clausura-de-la-FILU-768x512.jpg 768w, https:\/\/www.uv.mx\/filu\/files\/2022\/11\/La-escritora-Laura-Restrepo-participo-en-la-clausura-de-la-FILU.jpg 1500w\" sizes=\"auto, (max-width: 300px) 100vw, 300px\" \/><\/a>\n\t\t\t<\/div><\/figure><figure class='gallery-item'>\n\t\t\t<div class='gallery-icon landscape'>\n\t\t\t\t<a href='https:\/\/www.uv.mx\/filu\/files\/2022\/11\/Martin-Aguilar-Sanchez-clausuro-la-FILU-2022.jpg'><img loading=\"lazy\" decoding=\"async\" width=\"300\" height=\"200\" src=\"https:\/\/www.uv.mx\/filu\/files\/2022\/11\/Martin-Aguilar-Sanchez-clausuro-la-FILU-2022-300x200.jpg\" class=\"attachment-medium size-medium\" alt=\"\" srcset=\"https:\/\/www.uv.mx\/filu\/files\/2022\/11\/Martin-Aguilar-Sanchez-clausuro-la-FILU-2022-300x200.jpg 300w, https:\/\/www.uv.mx\/filu\/files\/2022\/11\/Martin-Aguilar-Sanchez-clausuro-la-FILU-2022-1024x683.jpg 1024w, https:\/\/www.uv.mx\/filu\/files\/2022\/11\/Martin-Aguilar-Sanchez-clausuro-la-FILU-2022-768x512.jpg 768w, https:\/\/www.uv.mx\/filu\/files\/2022\/11\/Martin-Aguilar-Sanchez-clausuro-la-FILU-2022.jpg 1500w\" sizes=\"auto, (max-width: 300px) 100vw, 300px\" \/><\/a>\n\t\t\t<\/div><\/figure><figure class='gallery-item'>\n\t\t\t<div class='gallery-icon landscape'>\n\t\t\t\t<a href='https:\/\/www.uv.mx\/filu\/files\/2022\/11\/Musica-y-literatura-despidieron-a-la-FILU-2022-2.jpg'><img loading=\"lazy\" decoding=\"async\" width=\"300\" height=\"200\" src=\"https:\/\/www.uv.mx\/filu\/files\/2022\/11\/Musica-y-literatura-despidieron-a-la-FILU-2022-2-300x200.jpg\" class=\"attachment-medium size-medium\" alt=\"\" srcset=\"https:\/\/www.uv.mx\/filu\/files\/2022\/11\/Musica-y-literatura-despidieron-a-la-FILU-2022-2-300x200.jpg 300w, https:\/\/www.uv.mx\/filu\/files\/2022\/11\/Musica-y-literatura-despidieron-a-la-FILU-2022-2-1024x683.jpg 1024w, https:\/\/www.uv.mx\/filu\/files\/2022\/11\/Musica-y-literatura-despidieron-a-la-FILU-2022-2-768x512.jpg 768w, https:\/\/www.uv.mx\/filu\/files\/2022\/11\/Musica-y-literatura-despidieron-a-la-FILU-2022-2.jpg 1500w\" sizes=\"auto, (max-width: 300px) 100vw, 300px\" \/><\/a>\n\t\t\t<\/div><\/figure>\n\t\t<\/div>\n\n<p>&nbsp;<\/p>\n<h4>Aspectos<\/h4>\n<div id='gallery-26' class='gallery galleryid-8581 gallery-columns-3 gallery-size-medium'><figure class='gallery-item'>\n\t\t\t<div class='gallery-icon landscape'>\n\t\t\t\t<a href='https:\/\/www.uv.mx\/filu\/files\/2022\/11\/Stands-de-libros-3.jpg'><img loading=\"lazy\" decoding=\"async\" width=\"300\" height=\"200\" src=\"https:\/\/www.uv.mx\/filu\/files\/2022\/11\/Stands-de-libros-3-300x200.jpg\" class=\"attachment-medium size-medium\" alt=\"\" srcset=\"https:\/\/www.uv.mx\/filu\/files\/2022\/11\/Stands-de-libros-3-300x200.jpg 300w, https:\/\/www.uv.mx\/filu\/files\/2022\/11\/Stands-de-libros-3-1024x683.jpg 1024w, https:\/\/www.uv.mx\/filu\/files\/2022\/11\/Stands-de-libros-3-768x512.jpg 768w, https:\/\/www.uv.mx\/filu\/files\/2022\/11\/Stands-de-libros-3.jpg 1500w\" sizes=\"auto, (max-width: 300px) 100vw, 300px\" \/><\/a>\n\t\t\t<\/div><\/figure><figure class='gallery-item'>\n\t\t\t<div class='gallery-icon landscape'>\n\t\t\t\t<a href='https:\/\/www.uv.mx\/filu\/files\/2022\/11\/stand-UV.jpg'><img loading=\"lazy\" decoding=\"async\" width=\"300\" height=\"300\" src=\"https:\/\/www.uv.mx\/filu\/files\/2022\/11\/stand-UV-300x300.jpg\" class=\"attachment-medium size-medium\" alt=\"\" srcset=\"https:\/\/www.uv.mx\/filu\/files\/2022\/11\/stand-UV-300x300.jpg 300w, https:\/\/www.uv.mx\/filu\/files\/2022\/11\/stand-UV-150x150.jpg 150w, https:\/\/www.uv.mx\/filu\/files\/2022\/11\/stand-UV.jpg 526w\" sizes=\"auto, (max-width: 300px) 100vw, 300px\" \/><\/a>\n\t\t\t<\/div><\/figure><figure class='gallery-item'>\n\t\t\t<div class='gallery-icon landscape'>\n\t\t\t\t<a href='https:\/\/www.uv.mx\/filu\/files\/2022\/11\/Stand-libros-FILU-2022.jpg'><img loading=\"lazy\" decoding=\"async\" width=\"300\" height=\"200\" src=\"https:\/\/www.uv.mx\/filu\/files\/2022\/11\/Stand-libros-FILU-2022-300x200.jpg\" class=\"attachment-medium size-medium\" alt=\"\" srcset=\"https:\/\/www.uv.mx\/filu\/files\/2022\/11\/Stand-libros-FILU-2022-300x200.jpg 300w, https:\/\/www.uv.mx\/filu\/files\/2022\/11\/Stand-libros-FILU-2022-1024x683.jpg 1024w, https:\/\/www.uv.mx\/filu\/files\/2022\/11\/Stand-libros-FILU-2022-768x512.jpg 768w, https:\/\/www.uv.mx\/filu\/files\/2022\/11\/Stand-libros-FILU-2022.jpg 1500w\" sizes=\"auto, (max-width: 300px) 100vw, 300px\" \/><\/a>\n\t\t\t<\/div><\/figure><figure class='gallery-item'>\n\t\t\t<div class='gallery-icon landscape'>\n\t\t\t\t<a href='https:\/\/www.uv.mx\/filu\/files\/2022\/11\/Stand-de-libros.jpg'><img loading=\"lazy\" decoding=\"async\" width=\"300\" height=\"200\" src=\"https:\/\/www.uv.mx\/filu\/files\/2022\/11\/Stand-de-libros-300x200.jpg\" class=\"attachment-medium size-medium\" alt=\"\" srcset=\"https:\/\/www.uv.mx\/filu\/files\/2022\/11\/Stand-de-libros-300x200.jpg 300w, https:\/\/www.uv.mx\/filu\/files\/2022\/11\/Stand-de-libros-1024x683.jpg 1024w, https:\/\/www.uv.mx\/filu\/files\/2022\/11\/Stand-de-libros-768x512.jpg 768w, https:\/\/www.uv.mx\/filu\/files\/2022\/11\/Stand-de-libros.jpg 1500w\" sizes=\"auto, (max-width: 300px) 100vw, 300px\" \/><\/a>\n\t\t\t<\/div><\/figure><figure class='gallery-item'>\n\t\t\t<div class='gallery-icon portrait'>\n\t\t\t\t<a href='https:\/\/www.uv.mx\/filu\/files\/2022\/11\/Los-lectores-se-encuentran-en-la-FILU.jpg'><img loading=\"lazy\" decoding=\"async\" width=\"225\" height=\"300\" src=\"https:\/\/www.uv.mx\/filu\/files\/2022\/11\/Los-lectores-se-encuentran-en-la-FILU-225x300.jpg\" class=\"attachment-medium size-medium\" alt=\"\" srcset=\"https:\/\/www.uv.mx\/filu\/files\/2022\/11\/Los-lectores-se-encuentran-en-la-FILU-225x300.jpg 225w, https:\/\/www.uv.mx\/filu\/files\/2022\/11\/Los-lectores-se-encuentran-en-la-FILU.jpg 450w\" sizes=\"auto, (max-width: 225px) 100vw, 225px\" \/><\/a>\n\t\t\t<\/div><\/figure><figure class='gallery-item'>\n\t\t\t<div class='gallery-icon landscape'>\n\t\t\t\t<a href='https:\/\/www.uv.mx\/filu\/files\/2022\/11\/Los-lectores-se-encuentran-en-la-FILU-2.jpg'><img loading=\"lazy\" decoding=\"async\" width=\"300\" height=\"225\" src=\"https:\/\/www.uv.mx\/filu\/files\/2022\/11\/Los-lectores-se-encuentran-en-la-FILU-2-300x225.jpg\" class=\"attachment-medium size-medium\" alt=\"\" srcset=\"https:\/\/www.uv.mx\/filu\/files\/2022\/11\/Los-lectores-se-encuentran-en-la-FILU-2-300x225.jpg 300w, https:\/\/www.uv.mx\/filu\/files\/2022\/11\/Los-lectores-se-encuentran-en-la-FILU-2-1024x768.jpg 1024w, https:\/\/www.uv.mx\/filu\/files\/2022\/11\/Los-lectores-se-encuentran-en-la-FILU-2-768x576.jpg 768w, https:\/\/www.uv.mx\/filu\/files\/2022\/11\/Los-lectores-se-encuentran-en-la-FILU-2-1536x1152.jpg 1536w, https:\/\/www.uv.mx\/filu\/files\/2022\/11\/Los-lectores-se-encuentran-en-la-FILU-2.jpg 2048w\" sizes=\"auto, (max-width: 300px) 100vw, 300px\" \/><\/a>\n\t\t\t<\/div><\/figure><figure class='gallery-item'>\n\t\t\t<div class='gallery-icon landscape'>\n\t\t\t\t<a href='https:\/\/www.uv.mx\/filu\/files\/2022\/11\/Expositores-1.jpg'><img loading=\"lazy\" decoding=\"async\" width=\"300\" height=\"200\" src=\"https:\/\/www.uv.mx\/filu\/files\/2022\/11\/Expositores-1-300x200.jpg\" class=\"attachment-medium size-medium\" alt=\"\" srcset=\"https:\/\/www.uv.mx\/filu\/files\/2022\/11\/Expositores-1-300x200.jpg 300w, https:\/\/www.uv.mx\/filu\/files\/2022\/11\/Expositores-1-1024x683.jpg 1024w, https:\/\/www.uv.mx\/filu\/files\/2022\/11\/Expositores-1-768x512.jpg 768w, https:\/\/www.uv.mx\/filu\/files\/2022\/11\/Expositores-1.jpg 1500w\" sizes=\"auto, (max-width: 300px) 100vw, 300px\" \/><\/a>\n\t\t\t<\/div><\/figure><figure class='gallery-item'>\n\t\t\t<div class='gallery-icon landscape'>\n\t\t\t\t<a href='https:\/\/www.uv.mx\/filu\/files\/2022\/11\/Expositores-2-clausura.jpg'><img loading=\"lazy\" decoding=\"async\" width=\"300\" height=\"200\" src=\"https:\/\/www.uv.mx\/filu\/files\/2022\/11\/Expositores-2-clausura-300x200.jpg\" class=\"attachment-medium size-medium\" alt=\"\" srcset=\"https:\/\/www.uv.mx\/filu\/files\/2022\/11\/Expositores-2-clausura-300x200.jpg 300w, https:\/\/www.uv.mx\/filu\/files\/2022\/11\/Expositores-2-clausura-1024x683.jpg 1024w, https:\/\/www.uv.mx\/filu\/files\/2022\/11\/Expositores-2-clausura-768x512.jpg 768w, https:\/\/www.uv.mx\/filu\/files\/2022\/11\/Expositores-2-clausura.jpg 1500w\" sizes=\"auto, (max-width: 300px) 100vw, 300px\" \/><\/a>\n\t\t\t<\/div><\/figure><figure class='gallery-item'>\n\t\t\t<div class='gallery-icon landscape'>\n\t\t\t\t<a href='https:\/\/www.uv.mx\/filu\/files\/2022\/11\/Expositores-3-clausura.jpg'><img loading=\"lazy\" decoding=\"async\" width=\"300\" height=\"200\" src=\"https:\/\/www.uv.mx\/filu\/files\/2022\/11\/Expositores-3-clausura-300x200.jpg\" class=\"attachment-medium size-medium\" alt=\"\" srcset=\"https:\/\/www.uv.mx\/filu\/files\/2022\/11\/Expositores-3-clausura-300x200.jpg 300w, https:\/\/www.uv.mx\/filu\/files\/2022\/11\/Expositores-3-clausura-1024x683.jpg 1024w, https:\/\/www.uv.mx\/filu\/files\/2022\/11\/Expositores-3-clausura-768x512.jpg 768w, https:\/\/www.uv.mx\/filu\/files\/2022\/11\/Expositores-3-clausura.jpg 1500w\" sizes=\"auto, (max-width: 300px) 100vw, 300px\" \/><\/a>\n\t\t\t<\/div><\/figure><figure class='gallery-item'>\n\t\t\t<div class='gallery-icon landscape'>\n\t\t\t\t<a href='https:\/\/www.uv.mx\/filu\/files\/2022\/11\/Jovenes-comprando-libros-1.jpg'><img loading=\"lazy\" decoding=\"async\" width=\"300\" height=\"200\" src=\"https:\/\/www.uv.mx\/filu\/files\/2022\/11\/Jovenes-comprando-libros-1-300x200.jpg\" class=\"attachment-medium size-medium\" alt=\"\" srcset=\"https:\/\/www.uv.mx\/filu\/files\/2022\/11\/Jovenes-comprando-libros-1-300x200.jpg 300w, https:\/\/www.uv.mx\/filu\/files\/2022\/11\/Jovenes-comprando-libros-1-1024x683.jpg 1024w, https:\/\/www.uv.mx\/filu\/files\/2022\/11\/Jovenes-comprando-libros-1-768x512.jpg 768w, https:\/\/www.uv.mx\/filu\/files\/2022\/11\/Jovenes-comprando-libros-1.jpg 1500w\" sizes=\"auto, (max-width: 300px) 100vw, 300px\" \/><\/a>\n\t\t\t<\/div><\/figure><figure class='gallery-item'>\n\t\t\t<div class='gallery-icon landscape'>\n\t\t\t\t<a href='https:\/\/www.uv.mx\/filu\/files\/2022\/11\/Jovenes-comprando-libros-3.jpg'><img loading=\"lazy\" decoding=\"async\" width=\"300\" height=\"200\" src=\"https:\/\/www.uv.mx\/filu\/files\/2022\/11\/Jovenes-comprando-libros-3-300x200.jpg\" class=\"attachment-medium size-medium\" alt=\"\" srcset=\"https:\/\/www.uv.mx\/filu\/files\/2022\/11\/Jovenes-comprando-libros-3-300x200.jpg 300w, https:\/\/www.uv.mx\/filu\/files\/2022\/11\/Jovenes-comprando-libros-3-1024x683.jpg 1024w, https:\/\/www.uv.mx\/filu\/files\/2022\/11\/Jovenes-comprando-libros-3-768x512.jpg 768w, https:\/\/www.uv.mx\/filu\/files\/2022\/11\/Jovenes-comprando-libros-3.jpg 1500w\" sizes=\"auto, (max-width: 300px) 100vw, 300px\" \/><\/a>\n\t\t\t<\/div><\/figure><figure class='gallery-item'>\n\t\t\t<div class='gallery-icon landscape'>\n\t\t\t\t<a href='https:\/\/www.uv.mx\/filu\/files\/2022\/11\/Jovenes-comprando-libros-6.jpg'><img loading=\"lazy\" decoding=\"async\" width=\"300\" height=\"200\" src=\"https:\/\/www.uv.mx\/filu\/files\/2022\/11\/Jovenes-comprando-libros-6-300x200.jpg\" class=\"attachment-medium size-medium\" alt=\"\" srcset=\"https:\/\/www.uv.mx\/filu\/files\/2022\/11\/Jovenes-comprando-libros-6-300x200.jpg 300w, https:\/\/www.uv.mx\/filu\/files\/2022\/11\/Jovenes-comprando-libros-6-1024x683.jpg 1024w, https:\/\/www.uv.mx\/filu\/files\/2022\/11\/Jovenes-comprando-libros-6-768x512.jpg 768w, https:\/\/www.uv.mx\/filu\/files\/2022\/11\/Jovenes-comprando-libros-6.jpg 1500w\" sizes=\"auto, (max-width: 300px) 100vw, 300px\" \/><\/a>\n\t\t\t<\/div><\/figure><figure class='gallery-item'>\n\t\t\t<div class='gallery-icon landscape'>\n\t\t\t\t<a href='https:\/\/www.uv.mx\/filu\/files\/2022\/11\/Jovenes-comprando-libros.jpg'><img loading=\"lazy\" decoding=\"async\" width=\"300\" height=\"200\" src=\"https:\/\/www.uv.mx\/filu\/files\/2022\/11\/Jovenes-comprando-libros-300x200.jpg\" class=\"attachment-medium size-medium\" alt=\"\" srcset=\"https:\/\/www.uv.mx\/filu\/files\/2022\/11\/Jovenes-comprando-libros-300x200.jpg 300w, https:\/\/www.uv.mx\/filu\/files\/2022\/11\/Jovenes-comprando-libros-1024x683.jpg 1024w, https:\/\/www.uv.mx\/filu\/files\/2022\/11\/Jovenes-comprando-libros-768x512.jpg 768w, https:\/\/www.uv.mx\/filu\/files\/2022\/11\/Jovenes-comprando-libros.jpg 1500w\" sizes=\"auto, (max-width: 300px) 100vw, 300px\" \/><\/a>\n\t\t\t<\/div><\/figure>\n\t\t<\/div>\n\n\n","protected":false},"excerpt":{"rendered":"<p>Presentaci\u00f3n art\u00edstica: Orbis Tertius UV interpreta Gospel, Blues y Swing para gente peque\u00f1a &nbsp; Presentaci\u00f3n del libro Todo est\u00e1 permitido y nada es para tanto &nbsp; Conversatorio: Culturas y ritmos juveniles &nbsp; Presentaci\u00f3n del libro C\u00f3mo ser antirracista &nbsp; Presentaci\u00f3n del libro Laboratorio de la corrupci\u00f3n pol\u00edtica. Veracruz (Miguel Alem\u00e1n Vald\u00e9s 1934-1952) &nbsp; Presentaci\u00f3n del [&hellip;]<\/p>\n","protected":false},"author":1795,"featured_media":0,"comment_status":"closed","ping_status":"closed","sticky":false,"template":"","format":"standard","meta":{"footnotes":""},"categories":[27],"tags":[],"class_list":["post-8581","post","type-post","status-publish","format-standard","hentry","category-galeria2022"],"_links":{"self":[{"href":"https:\/\/www.uv.mx\/filu\/wp-json\/wp\/v2\/posts\/8581","targetHints":{"allow":["GET"]}}],"collection":[{"href":"https:\/\/www.uv.mx\/filu\/wp-json\/wp\/v2\/posts"}],"about":[{"href":"https:\/\/www.uv.mx\/filu\/wp-json\/wp\/v2\/types\/post"}],"author":[{"embeddable":true,"href":"https:\/\/www.uv.mx\/filu\/wp-json\/wp\/v2\/users\/1795"}],"replies":[{"embeddable":true,"href":"https:\/\/www.uv.mx\/filu\/wp-json\/wp\/v2\/comments?post=8581"}],"version-history":[{"count":2,"href":"https:\/\/www.uv.mx\/filu\/wp-json\/wp\/v2\/posts\/8581\/revisions"}],"predecessor-version":[{"id":9682,"href":"https:\/\/www.uv.mx\/filu\/wp-json\/wp\/v2\/posts\/8581\/revisions\/9682"}],"wp:attachment":[{"href":"https:\/\/www.uv.mx\/filu\/wp-json\/wp\/v2\/media?parent=8581"}],"wp:term":[{"taxonomy":"category","embeddable":true,"href":"https:\/\/www.uv.mx\/filu\/wp-json\/wp\/v2\/categories?post=8581"},{"taxonomy":"post_tag","embeddable":true,"href":"https:\/\/www.uv.mx\/filu\/wp-json\/wp\/v2\/tags?post=8581"}],"curies":[{"name":"wp","href":"https:\/\/api.w.org\/{rel}","templated":true}]}}