
{"id":8528,"date":"2022-11-22T10:42:40","date_gmt":"2022-11-22T16:42:40","guid":{"rendered":"https:\/\/www.uv.mx\/filu\/?p=8528"},"modified":"2023-10-03T10:11:25","modified_gmt":"2023-10-03T15:11:25","slug":"galeria-10-septiembre-2022","status":"publish","type":"post","link":"https:\/\/www.uv.mx\/filu\/galeria2022\/galeria-10-septiembre-2022\/","title":{"rendered":"Galer\u00eda 10 septiembre 2022"},"content":{"rendered":"<h4>Presentaci\u00f3n del libro Necesidad de m\u00fasica<\/h4>\n<div id='gallery-1' class='gallery galleryid-8528 gallery-columns-3 gallery-size-medium'><figure class='gallery-item'>\n\t\t\t<div class='gallery-icon landscape'>\n\t\t\t\t<a href='https:\/\/www.uv.mx\/filu\/files\/2022\/11\/34-Alfredo-Escobar-Moreno-1.jpg'><img loading=\"lazy\" decoding=\"async\" width=\"300\" height=\"200\" src=\"https:\/\/www.uv.mx\/filu\/files\/2022\/11\/34-Alfredo-Escobar-Moreno-1-300x200.jpg\" class=\"attachment-medium size-medium\" alt=\"\" srcset=\"https:\/\/www.uv.mx\/filu\/files\/2022\/11\/34-Alfredo-Escobar-Moreno-1-300x200.jpg 300w, https:\/\/www.uv.mx\/filu\/files\/2022\/11\/34-Alfredo-Escobar-Moreno-1-768x512.jpg 768w, https:\/\/www.uv.mx\/filu\/files\/2022\/11\/34-Alfredo-Escobar-Moreno-1.jpg 800w\" sizes=\"auto, (max-width: 300px) 100vw, 300px\" \/><\/a>\n\t\t\t<\/div><\/figure><figure class='gallery-item'>\n\t\t\t<div class='gallery-icon landscape'>\n\t\t\t\t<a href='https:\/\/www.uv.mx\/filu\/files\/2022\/11\/35-Alfredo-Escobar-Moreno.jpg'><img loading=\"lazy\" decoding=\"async\" width=\"300\" height=\"200\" src=\"https:\/\/www.uv.mx\/filu\/files\/2022\/11\/35-Alfredo-Escobar-Moreno-300x200.jpg\" class=\"attachment-medium size-medium\" alt=\"\" srcset=\"https:\/\/www.uv.mx\/filu\/files\/2022\/11\/35-Alfredo-Escobar-Moreno-300x200.jpg 300w, https:\/\/www.uv.mx\/filu\/files\/2022\/11\/35-Alfredo-Escobar-Moreno-768x512.jpg 768w, https:\/\/www.uv.mx\/filu\/files\/2022\/11\/35-Alfredo-Escobar-Moreno.jpg 800w\" sizes=\"auto, (max-width: 300px) 100vw, 300px\" \/><\/a>\n\t\t\t<\/div><\/figure>\n\t\t<\/div>\n\n<p>&nbsp;<\/p>\n<h4>Presentaci\u00f3n del libro Breve historia de nuestro neoliberalismo. Poder y cultura en M\u00e9xico<\/h4>\n<div id='gallery-2' class='gallery galleryid-8528 gallery-columns-3 gallery-size-medium'><figure class='gallery-item'>\n\t\t\t<div class='gallery-icon landscape'>\n\t\t\t\t<a href='https:\/\/www.uv.mx\/filu\/files\/2022\/11\/Breve-historia-de-nuestro-neoliberalismo.-Poder-y-cultura-en-Mexico-scaled.jpg'><img loading=\"lazy\" decoding=\"async\" width=\"300\" height=\"225\" src=\"https:\/\/www.uv.mx\/filu\/files\/2022\/11\/Breve-historia-de-nuestro-neoliberalismo.-Poder-y-cultura-en-Mexico-300x225.jpg\" class=\"attachment-medium size-medium\" alt=\"\" srcset=\"https:\/\/www.uv.mx\/filu\/files\/2022\/11\/Breve-historia-de-nuestro-neoliberalismo.-Poder-y-cultura-en-Mexico-300x225.jpg 300w, https:\/\/www.uv.mx\/filu\/files\/2022\/11\/Breve-historia-de-nuestro-neoliberalismo.-Poder-y-cultura-en-Mexico-1024x768.jpg 1024w, https:\/\/www.uv.mx\/filu\/files\/2022\/11\/Breve-historia-de-nuestro-neoliberalismo.-Poder-y-cultura-en-Mexico-768x576.jpg 768w, https:\/\/www.uv.mx\/filu\/files\/2022\/11\/Breve-historia-de-nuestro-neoliberalismo.-Poder-y-cultura-en-Mexico-1536x1152.jpg 1536w, https:\/\/www.uv.mx\/filu\/files\/2022\/11\/Breve-historia-de-nuestro-neoliberalismo.-Poder-y-cultura-en-Mexico-2048x1536.jpg 2048w\" sizes=\"auto, (max-width: 300px) 100vw, 300px\" \/><\/a>\n\t\t\t<\/div><\/figure><figure class='gallery-item'>\n\t\t\t<div class='gallery-icon landscape'>\n\t\t\t\t<a href='https:\/\/www.uv.mx\/filu\/files\/2022\/11\/Presentacion-libro-Rafael-Lemus-Nuestro-neoliberalismo-scaled.jpg'><img loading=\"lazy\" decoding=\"async\" width=\"300\" height=\"225\" src=\"https:\/\/www.uv.mx\/filu\/files\/2022\/11\/Presentacion-libro-Rafael-Lemus-Nuestro-neoliberalismo-300x225.jpg\" class=\"attachment-medium size-medium\" alt=\"\" srcset=\"https:\/\/www.uv.mx\/filu\/files\/2022\/11\/Presentacion-libro-Rafael-Lemus-Nuestro-neoliberalismo-300x225.jpg 300w, https:\/\/www.uv.mx\/filu\/files\/2022\/11\/Presentacion-libro-Rafael-Lemus-Nuestro-neoliberalismo-1024x768.jpg 1024w, https:\/\/www.uv.mx\/filu\/files\/2022\/11\/Presentacion-libro-Rafael-Lemus-Nuestro-neoliberalismo-768x576.jpg 768w, https:\/\/www.uv.mx\/filu\/files\/2022\/11\/Presentacion-libro-Rafael-Lemus-Nuestro-neoliberalismo-1536x1152.jpg 1536w, https:\/\/www.uv.mx\/filu\/files\/2022\/11\/Presentacion-libro-Rafael-Lemus-Nuestro-neoliberalismo-2048x1536.jpg 2048w\" sizes=\"auto, (max-width: 300px) 100vw, 300px\" \/><\/a>\n\t\t\t<\/div><\/figure><figure class='gallery-item'>\n\t\t\t<div class='gallery-icon landscape'>\n\t\t\t\t<a href='https:\/\/www.uv.mx\/filu\/files\/2022\/11\/WhatsApp-Image-2022-12-05-at-11.34.26.jpeg'><img loading=\"lazy\" decoding=\"async\" width=\"300\" height=\"225\" src=\"https:\/\/www.uv.mx\/filu\/files\/2022\/11\/WhatsApp-Image-2022-12-05-at-11.34.26-300x225.jpeg\" class=\"attachment-medium size-medium\" alt=\"\" srcset=\"https:\/\/www.uv.mx\/filu\/files\/2022\/11\/WhatsApp-Image-2022-12-05-at-11.34.26-300x225.jpeg 300w, https:\/\/www.uv.mx\/filu\/files\/2022\/11\/WhatsApp-Image-2022-12-05-at-11.34.26-768x576.jpeg 768w, https:\/\/www.uv.mx\/filu\/files\/2022\/11\/WhatsApp-Image-2022-12-05-at-11.34.26.jpeg 1024w\" sizes=\"auto, (max-width: 300px) 100vw, 300px\" \/><\/a>\n\t\t\t<\/div><\/figure>\n\t\t<\/div>\n\n<p>&nbsp;<\/p>\n<h4>Presentaci\u00f3n del libro Cerezas en Par\u00eds<\/h4>\n<div id='gallery-3' class='gallery galleryid-8528 gallery-columns-3 gallery-size-medium'><figure class='gallery-item'>\n\t\t\t<div class='gallery-icon landscape'>\n\t\t\t\t<a href='https:\/\/www.uv.mx\/filu\/files\/2022\/11\/35-Cerezas-en-Paris.jpg'><img loading=\"lazy\" decoding=\"async\" width=\"300\" height=\"200\" src=\"https:\/\/www.uv.mx\/filu\/files\/2022\/11\/35-Cerezas-en-Paris-300x200.jpg\" class=\"attachment-medium size-medium\" alt=\"\" srcset=\"https:\/\/www.uv.mx\/filu\/files\/2022\/11\/35-Cerezas-en-Paris-300x200.jpg 300w, https:\/\/www.uv.mx\/filu\/files\/2022\/11\/35-Cerezas-en-Paris-768x512.jpg 768w, https:\/\/www.uv.mx\/filu\/files\/2022\/11\/35-Cerezas-en-Paris.jpg 800w\" sizes=\"auto, (max-width: 300px) 100vw, 300px\" \/><\/a>\n\t\t\t<\/div><\/figure><figure class='gallery-item'>\n\t\t\t<div class='gallery-icon landscape'>\n\t\t\t\t<a href='https:\/\/www.uv.mx\/filu\/files\/2022\/11\/36-Cerezas-en-Paris.jpg'><img loading=\"lazy\" decoding=\"async\" width=\"300\" height=\"200\" src=\"https:\/\/www.uv.mx\/filu\/files\/2022\/11\/36-Cerezas-en-Paris-300x200.jpg\" class=\"attachment-medium size-medium\" alt=\"\" srcset=\"https:\/\/www.uv.mx\/filu\/files\/2022\/11\/36-Cerezas-en-Paris-300x200.jpg 300w, https:\/\/www.uv.mx\/filu\/files\/2022\/11\/36-Cerezas-en-Paris-768x512.jpg 768w, https:\/\/www.uv.mx\/filu\/files\/2022\/11\/36-Cerezas-en-Paris.jpg 800w\" sizes=\"auto, (max-width: 300px) 100vw, 300px\" \/><\/a>\n\t\t\t<\/div><\/figure><figure class='gallery-item'>\n\t\t\t<div class='gallery-icon landscape'>\n\t\t\t\t<a href='https:\/\/www.uv.mx\/filu\/files\/2022\/11\/37-Cerezas-en-Paris.jpg'><img loading=\"lazy\" decoding=\"async\" width=\"300\" height=\"200\" src=\"https:\/\/www.uv.mx\/filu\/files\/2022\/11\/37-Cerezas-en-Paris-300x200.jpg\" class=\"attachment-medium size-medium\" alt=\"\" srcset=\"https:\/\/www.uv.mx\/filu\/files\/2022\/11\/37-Cerezas-en-Paris-300x200.jpg 300w, https:\/\/www.uv.mx\/filu\/files\/2022\/11\/37-Cerezas-en-Paris-768x512.jpg 768w, https:\/\/www.uv.mx\/filu\/files\/2022\/11\/37-Cerezas-en-Paris.jpg 800w\" sizes=\"auto, (max-width: 300px) 100vw, 300px\" \/><\/a>\n\t\t\t<\/div><\/figure>\n\t\t<\/div>\n\n<p>&nbsp;<\/p>\n<h4>Presentaci\u00f3n del libro Contra el \u00e1ngel<\/h4>\n<div id='gallery-4' class='gallery galleryid-8528 gallery-columns-3 gallery-size-medium'><figure class='gallery-item'>\n\t\t\t<div class='gallery-icon landscape'>\n\t\t\t\t<a href='https:\/\/www.uv.mx\/filu\/files\/2022\/11\/41-Contra-el-angel.jpg'><img loading=\"lazy\" decoding=\"async\" width=\"300\" height=\"200\" src=\"https:\/\/www.uv.mx\/filu\/files\/2022\/11\/41-Contra-el-angel-300x200.jpg\" class=\"attachment-medium size-medium\" alt=\"\" srcset=\"https:\/\/www.uv.mx\/filu\/files\/2022\/11\/41-Contra-el-angel-300x200.jpg 300w, https:\/\/www.uv.mx\/filu\/files\/2022\/11\/41-Contra-el-angel-768x512.jpg 768w, https:\/\/www.uv.mx\/filu\/files\/2022\/11\/41-Contra-el-angel.jpg 800w\" sizes=\"auto, (max-width: 300px) 100vw, 300px\" \/><\/a>\n\t\t\t<\/div><\/figure><figure class='gallery-item'>\n\t\t\t<div class='gallery-icon landscape'>\n\t\t\t\t<a href='https:\/\/www.uv.mx\/filu\/files\/2022\/11\/42-Contra-el-angel.jpg'><img loading=\"lazy\" decoding=\"async\" width=\"300\" height=\"200\" src=\"https:\/\/www.uv.mx\/filu\/files\/2022\/11\/42-Contra-el-angel-300x200.jpg\" class=\"attachment-medium size-medium\" alt=\"\" srcset=\"https:\/\/www.uv.mx\/filu\/files\/2022\/11\/42-Contra-el-angel-300x200.jpg 300w, https:\/\/www.uv.mx\/filu\/files\/2022\/11\/42-Contra-el-angel-768x512.jpg 768w, https:\/\/www.uv.mx\/filu\/files\/2022\/11\/42-Contra-el-angel.jpg 800w\" sizes=\"auto, (max-width: 300px) 100vw, 300px\" \/><\/a>\n\t\t\t<\/div><\/figure>\n\t\t<\/div>\n\n<p>&nbsp;<\/p>\n<h4>Presentaci\u00f3n del libro El atuendo de los libros<\/h4>\n<div id='gallery-5' class='gallery galleryid-8528 gallery-columns-3 gallery-size-medium'><figure class='gallery-item'>\n\t\t\t<div class='gallery-icon landscape'>\n\t\t\t\t<a href='https:\/\/www.uv.mx\/filu\/files\/2022\/11\/38-El-atuendo-de-los-libros.jpg'><img loading=\"lazy\" decoding=\"async\" width=\"300\" height=\"200\" src=\"https:\/\/www.uv.mx\/filu\/files\/2022\/11\/38-El-atuendo-de-los-libros-300x200.jpg\" class=\"attachment-medium size-medium\" alt=\"\" srcset=\"https:\/\/www.uv.mx\/filu\/files\/2022\/11\/38-El-atuendo-de-los-libros-300x200.jpg 300w, https:\/\/www.uv.mx\/filu\/files\/2022\/11\/38-El-atuendo-de-los-libros-768x512.jpg 768w, https:\/\/www.uv.mx\/filu\/files\/2022\/11\/38-El-atuendo-de-los-libros.jpg 800w\" sizes=\"auto, (max-width: 300px) 100vw, 300px\" \/><\/a>\n\t\t\t<\/div><\/figure><figure class='gallery-item'>\n\t\t\t<div class='gallery-icon landscape'>\n\t\t\t\t<a href='https:\/\/www.uv.mx\/filu\/files\/2022\/11\/39-El-atuendo-de-los-libros.jpg'><img loading=\"lazy\" decoding=\"async\" width=\"300\" height=\"200\" src=\"https:\/\/www.uv.mx\/filu\/files\/2022\/11\/39-El-atuendo-de-los-libros-300x200.jpg\" class=\"attachment-medium size-medium\" alt=\"\" srcset=\"https:\/\/www.uv.mx\/filu\/files\/2022\/11\/39-El-atuendo-de-los-libros-300x200.jpg 300w, https:\/\/www.uv.mx\/filu\/files\/2022\/11\/39-El-atuendo-de-los-libros-768x512.jpg 768w, https:\/\/www.uv.mx\/filu\/files\/2022\/11\/39-El-atuendo-de-los-libros.jpg 800w\" sizes=\"auto, (max-width: 300px) 100vw, 300px\" \/><\/a>\n\t\t\t<\/div><\/figure><figure class='gallery-item'>\n\t\t\t<div class='gallery-icon landscape'>\n\t\t\t\t<a href='https:\/\/www.uv.mx\/filu\/files\/2022\/11\/40-El-atuendo-de-los-libros.jpg'><img loading=\"lazy\" decoding=\"async\" width=\"300\" height=\"200\" src=\"https:\/\/www.uv.mx\/filu\/files\/2022\/11\/40-El-atuendo-de-los-libros-300x200.jpg\" class=\"attachment-medium size-medium\" alt=\"\" srcset=\"https:\/\/www.uv.mx\/filu\/files\/2022\/11\/40-El-atuendo-de-los-libros-300x200.jpg 300w, https:\/\/www.uv.mx\/filu\/files\/2022\/11\/40-El-atuendo-de-los-libros-768x512.jpg 768w, https:\/\/www.uv.mx\/filu\/files\/2022\/11\/40-El-atuendo-de-los-libros.jpg 800w\" sizes=\"auto, (max-width: 300px) 100vw, 300px\" \/><\/a>\n\t\t\t<\/div><\/figure>\n\t\t<\/div>\n\n<p>&nbsp;<\/p>\n<h4>Presentaci\u00f3n del libro Mi amigo Pechuga<\/h4>\n<div id='gallery-6' class='gallery galleryid-8528 gallery-columns-3 gallery-size-medium'><figure class='gallery-item'>\n\t\t\t<div class='gallery-icon landscape'>\n\t\t\t\t<a href='https:\/\/www.uv.mx\/filu\/files\/2022\/11\/01-Mi-amigo-pechuga.jpg'><img loading=\"lazy\" decoding=\"async\" width=\"300\" height=\"200\" src=\"https:\/\/www.uv.mx\/filu\/files\/2022\/11\/01-Mi-amigo-pechuga-300x200.jpg\" class=\"attachment-medium size-medium\" alt=\"\" srcset=\"https:\/\/www.uv.mx\/filu\/files\/2022\/11\/01-Mi-amigo-pechuga-300x200.jpg 300w, https:\/\/www.uv.mx\/filu\/files\/2022\/11\/01-Mi-amigo-pechuga-768x512.jpg 768w, https:\/\/www.uv.mx\/filu\/files\/2022\/11\/01-Mi-amigo-pechuga.jpg 800w\" sizes=\"auto, (max-width: 300px) 100vw, 300px\" \/><\/a>\n\t\t\t<\/div><\/figure><figure class='gallery-item'>\n\t\t\t<div class='gallery-icon landscape'>\n\t\t\t\t<a href='https:\/\/www.uv.mx\/filu\/files\/2022\/11\/08-Mi-amigo-pechuga.jpg'><img loading=\"lazy\" decoding=\"async\" width=\"300\" height=\"200\" src=\"https:\/\/www.uv.mx\/filu\/files\/2022\/11\/08-Mi-amigo-pechuga-300x200.jpg\" class=\"attachment-medium size-medium\" alt=\"\" srcset=\"https:\/\/www.uv.mx\/filu\/files\/2022\/11\/08-Mi-amigo-pechuga-300x200.jpg 300w, https:\/\/www.uv.mx\/filu\/files\/2022\/11\/08-Mi-amigo-pechuga-768x512.jpg 768w, https:\/\/www.uv.mx\/filu\/files\/2022\/11\/08-Mi-amigo-pechuga.jpg 800w\" sizes=\"auto, (max-width: 300px) 100vw, 300px\" \/><\/a>\n\t\t\t<\/div><\/figure><figure class='gallery-item'>\n\t\t\t<div class='gallery-icon landscape'>\n\t\t\t\t<a href='https:\/\/www.uv.mx\/filu\/files\/2022\/11\/14-Mi-amigo-pechuga.jpg'><img loading=\"lazy\" decoding=\"async\" width=\"300\" height=\"200\" src=\"https:\/\/www.uv.mx\/filu\/files\/2022\/11\/14-Mi-amigo-pechuga-300x200.jpg\" class=\"attachment-medium size-medium\" alt=\"\" srcset=\"https:\/\/www.uv.mx\/filu\/files\/2022\/11\/14-Mi-amigo-pechuga-300x200.jpg 300w, https:\/\/www.uv.mx\/filu\/files\/2022\/11\/14-Mi-amigo-pechuga-768x512.jpg 768w, https:\/\/www.uv.mx\/filu\/files\/2022\/11\/14-Mi-amigo-pechuga.jpg 800w\" sizes=\"auto, (max-width: 300px) 100vw, 300px\" \/><\/a>\n\t\t\t<\/div><\/figure><figure class='gallery-item'>\n\t\t\t<div class='gallery-icon landscape'>\n\t\t\t\t<a href='https:\/\/www.uv.mx\/filu\/files\/2022\/11\/16-Mi-amigo-pechuga.jpg'><img loading=\"lazy\" decoding=\"async\" width=\"300\" height=\"200\" src=\"https:\/\/www.uv.mx\/filu\/files\/2022\/11\/16-Mi-amigo-pechuga-300x200.jpg\" class=\"attachment-medium size-medium\" alt=\"\" srcset=\"https:\/\/www.uv.mx\/filu\/files\/2022\/11\/16-Mi-amigo-pechuga-300x200.jpg 300w, https:\/\/www.uv.mx\/filu\/files\/2022\/11\/16-Mi-amigo-pechuga-768x512.jpg 768w, https:\/\/www.uv.mx\/filu\/files\/2022\/11\/16-Mi-amigo-pechuga.jpg 800w\" sizes=\"auto, (max-width: 300px) 100vw, 300px\" \/><\/a>\n\t\t\t<\/div><\/figure>\n\t\t<\/div>\n\n<p>&nbsp;<\/p>\n<h4>Presentaci\u00f3n del libro Carmen Berenguer. Plaza tomada. Poes\u00eda (1983-2020)<\/h4>\n<div id='gallery-7' class='gallery galleryid-8528 gallery-columns-3 gallery-size-medium'><figure class='gallery-item'>\n\t\t\t<div class='gallery-icon landscape'>\n\t\t\t\t<a href='https:\/\/www.uv.mx\/filu\/files\/2022\/11\/01-plaza-tomada.jpg'><img loading=\"lazy\" decoding=\"async\" width=\"300\" height=\"200\" src=\"https:\/\/www.uv.mx\/filu\/files\/2022\/11\/01-plaza-tomada-300x200.jpg\" class=\"attachment-medium size-medium\" alt=\"\" srcset=\"https:\/\/www.uv.mx\/filu\/files\/2022\/11\/01-plaza-tomada-300x200.jpg 300w, https:\/\/www.uv.mx\/filu\/files\/2022\/11\/01-plaza-tomada-768x512.jpg 768w, https:\/\/www.uv.mx\/filu\/files\/2022\/11\/01-plaza-tomada.jpg 800w\" sizes=\"auto, (max-width: 300px) 100vw, 300px\" \/><\/a>\n\t\t\t<\/div><\/figure><figure class='gallery-item'>\n\t\t\t<div class='gallery-icon landscape'>\n\t\t\t\t<a href='https:\/\/www.uv.mx\/filu\/files\/2022\/11\/07-Plaza-Tomada.jpg'><img loading=\"lazy\" decoding=\"async\" width=\"300\" height=\"200\" src=\"https:\/\/www.uv.mx\/filu\/files\/2022\/11\/07-Plaza-Tomada-300x200.jpg\" class=\"attachment-medium size-medium\" alt=\"\" srcset=\"https:\/\/www.uv.mx\/filu\/files\/2022\/11\/07-Plaza-Tomada-300x200.jpg 300w, https:\/\/www.uv.mx\/filu\/files\/2022\/11\/07-Plaza-Tomada-768x512.jpg 768w, https:\/\/www.uv.mx\/filu\/files\/2022\/11\/07-Plaza-Tomada.jpg 800w\" sizes=\"auto, (max-width: 300px) 100vw, 300px\" \/><\/a>\n\t\t\t<\/div><\/figure><figure class='gallery-item'>\n\t\t\t<div class='gallery-icon landscape'>\n\t\t\t\t<a href='https:\/\/www.uv.mx\/filu\/files\/2022\/11\/12-Plaza-Tomada.jpg'><img loading=\"lazy\" decoding=\"async\" width=\"300\" height=\"200\" src=\"https:\/\/www.uv.mx\/filu\/files\/2022\/11\/12-Plaza-Tomada-300x200.jpg\" class=\"attachment-medium size-medium\" alt=\"\" srcset=\"https:\/\/www.uv.mx\/filu\/files\/2022\/11\/12-Plaza-Tomada-300x200.jpg 300w, https:\/\/www.uv.mx\/filu\/files\/2022\/11\/12-Plaza-Tomada-768x512.jpg 768w, https:\/\/www.uv.mx\/filu\/files\/2022\/11\/12-Plaza-Tomada.jpg 800w\" sizes=\"auto, (max-width: 300px) 100vw, 300px\" \/><\/a>\n\t\t\t<\/div><\/figure><figure class='gallery-item'>\n\t\t\t<div class='gallery-icon landscape'>\n\t\t\t\t<a href='https:\/\/www.uv.mx\/filu\/files\/2022\/11\/17-Plaza-Tomada.jpg'><img loading=\"lazy\" decoding=\"async\" width=\"300\" height=\"200\" src=\"https:\/\/www.uv.mx\/filu\/files\/2022\/11\/17-Plaza-Tomada-300x200.jpg\" class=\"attachment-medium size-medium\" alt=\"\" srcset=\"https:\/\/www.uv.mx\/filu\/files\/2022\/11\/17-Plaza-Tomada-300x200.jpg 300w, https:\/\/www.uv.mx\/filu\/files\/2022\/11\/17-Plaza-Tomada-768x512.jpg 768w, https:\/\/www.uv.mx\/filu\/files\/2022\/11\/17-Plaza-Tomada.jpg 800w\" sizes=\"auto, (max-width: 300px) 100vw, 300px\" \/><\/a>\n\t\t\t<\/div><\/figure>\n\t\t<\/div>\n\n<p>&nbsp;<\/p>\n<h4>Presentaci\u00f3n del libro Representaciones sociales, educaci\u00f3n y an\u00e1lisis cualitativo con IRaMuTeQ<\/h4>\n<div id='gallery-8' class='gallery galleryid-8528 gallery-columns-3 gallery-size-medium'><figure class='gallery-item'>\n\t\t\t<div class='gallery-icon landscape'>\n\t\t\t\t<a href='https:\/\/www.uv.mx\/filu\/files\/2022\/11\/46-Representaciones-sociales-educacion-y-analisis-cualitativo.jpg'><img loading=\"lazy\" decoding=\"async\" width=\"300\" height=\"200\" src=\"https:\/\/www.uv.mx\/filu\/files\/2022\/11\/46-Representaciones-sociales-educacion-y-analisis-cualitativo-300x200.jpg\" class=\"attachment-medium size-medium\" alt=\"\" srcset=\"https:\/\/www.uv.mx\/filu\/files\/2022\/11\/46-Representaciones-sociales-educacion-y-analisis-cualitativo-300x200.jpg 300w, https:\/\/www.uv.mx\/filu\/files\/2022\/11\/46-Representaciones-sociales-educacion-y-analisis-cualitativo-768x512.jpg 768w, https:\/\/www.uv.mx\/filu\/files\/2022\/11\/46-Representaciones-sociales-educacion-y-analisis-cualitativo.jpg 800w\" sizes=\"auto, (max-width: 300px) 100vw, 300px\" \/><\/a>\n\t\t\t<\/div><\/figure><figure class='gallery-item'>\n\t\t\t<div class='gallery-icon landscape'>\n\t\t\t\t<a href='https:\/\/www.uv.mx\/filu\/files\/2022\/11\/47-Representaciones-sociales-educacion-y-analisis-cualitativo.jpg'><img loading=\"lazy\" decoding=\"async\" width=\"300\" height=\"200\" src=\"https:\/\/www.uv.mx\/filu\/files\/2022\/11\/47-Representaciones-sociales-educacion-y-analisis-cualitativo-300x200.jpg\" class=\"attachment-medium size-medium\" alt=\"\" srcset=\"https:\/\/www.uv.mx\/filu\/files\/2022\/11\/47-Representaciones-sociales-educacion-y-analisis-cualitativo-300x200.jpg 300w, https:\/\/www.uv.mx\/filu\/files\/2022\/11\/47-Representaciones-sociales-educacion-y-analisis-cualitativo-768x512.jpg 768w, https:\/\/www.uv.mx\/filu\/files\/2022\/11\/47-Representaciones-sociales-educacion-y-analisis-cualitativo.jpg 800w\" sizes=\"auto, (max-width: 300px) 100vw, 300px\" \/><\/a>\n\t\t\t<\/div><\/figure><figure class='gallery-item'>\n\t\t\t<div class='gallery-icon landscape'>\n\t\t\t\t<a href='https:\/\/www.uv.mx\/filu\/files\/2022\/11\/48-Representaciones-sociales-educacion-y-analisis-cualitativo.jpg'><img loading=\"lazy\" decoding=\"async\" width=\"300\" height=\"200\" src=\"https:\/\/www.uv.mx\/filu\/files\/2022\/11\/48-Representaciones-sociales-educacion-y-analisis-cualitativo-300x200.jpg\" class=\"attachment-medium size-medium\" alt=\"\" srcset=\"https:\/\/www.uv.mx\/filu\/files\/2022\/11\/48-Representaciones-sociales-educacion-y-analisis-cualitativo-300x200.jpg 300w, https:\/\/www.uv.mx\/filu\/files\/2022\/11\/48-Representaciones-sociales-educacion-y-analisis-cualitativo-768x512.jpg 768w, https:\/\/www.uv.mx\/filu\/files\/2022\/11\/48-Representaciones-sociales-educacion-y-analisis-cualitativo.jpg 800w\" sizes=\"auto, (max-width: 300px) 100vw, 300px\" \/><\/a>\n\t\t\t<\/div><\/figure>\n\t\t<\/div>\n\n<p>&nbsp;<\/p>\n<h4>Taller de ciencias: Feria de la Luz<\/h4>\n<div id='gallery-9' class='gallery galleryid-8528 gallery-columns-3 gallery-size-medium'><figure class='gallery-item'>\n\t\t\t<div class='gallery-icon landscape'>\n\t\t\t\t<a href='https:\/\/www.uv.mx\/filu\/files\/2022\/11\/01-Taller-de-Ciencia-Luz.jpg'><img loading=\"lazy\" decoding=\"async\" width=\"300\" height=\"200\" src=\"https:\/\/www.uv.mx\/filu\/files\/2022\/11\/01-Taller-de-Ciencia-Luz-300x200.jpg\" class=\"attachment-medium size-medium\" alt=\"\" srcset=\"https:\/\/www.uv.mx\/filu\/files\/2022\/11\/01-Taller-de-Ciencia-Luz-300x200.jpg 300w, https:\/\/www.uv.mx\/filu\/files\/2022\/11\/01-Taller-de-Ciencia-Luz-768x512.jpg 768w, https:\/\/www.uv.mx\/filu\/files\/2022\/11\/01-Taller-de-Ciencia-Luz.jpg 800w\" sizes=\"auto, (max-width: 300px) 100vw, 300px\" \/><\/a>\n\t\t\t<\/div><\/figure><figure class='gallery-item'>\n\t\t\t<div class='gallery-icon landscape'>\n\t\t\t\t<a href='https:\/\/www.uv.mx\/filu\/files\/2022\/11\/04-Taller-de-Ciencia-Luz.jpg'><img loading=\"lazy\" decoding=\"async\" width=\"300\" height=\"200\" src=\"https:\/\/www.uv.mx\/filu\/files\/2022\/11\/04-Taller-de-Ciencia-Luz-300x200.jpg\" class=\"attachment-medium size-medium\" alt=\"\" srcset=\"https:\/\/www.uv.mx\/filu\/files\/2022\/11\/04-Taller-de-Ciencia-Luz-300x200.jpg 300w, https:\/\/www.uv.mx\/filu\/files\/2022\/11\/04-Taller-de-Ciencia-Luz-768x512.jpg 768w, https:\/\/www.uv.mx\/filu\/files\/2022\/11\/04-Taller-de-Ciencia-Luz.jpg 800w\" sizes=\"auto, (max-width: 300px) 100vw, 300px\" \/><\/a>\n\t\t\t<\/div><\/figure><figure class='gallery-item'>\n\t\t\t<div class='gallery-icon landscape'>\n\t\t\t\t<a href='https:\/\/www.uv.mx\/filu\/files\/2022\/11\/17-Taller-de-Ciencia-Luz.jpg'><img loading=\"lazy\" decoding=\"async\" width=\"300\" height=\"200\" src=\"https:\/\/www.uv.mx\/filu\/files\/2022\/11\/17-Taller-de-Ciencia-Luz-300x200.jpg\" class=\"attachment-medium size-medium\" alt=\"\" srcset=\"https:\/\/www.uv.mx\/filu\/files\/2022\/11\/17-Taller-de-Ciencia-Luz-300x200.jpg 300w, https:\/\/www.uv.mx\/filu\/files\/2022\/11\/17-Taller-de-Ciencia-Luz-768x512.jpg 768w, https:\/\/www.uv.mx\/filu\/files\/2022\/11\/17-Taller-de-Ciencia-Luz.jpg 800w\" sizes=\"auto, (max-width: 300px) 100vw, 300px\" \/><\/a>\n\t\t\t<\/div><\/figure><figure class='gallery-item'>\n\t\t\t<div class='gallery-icon landscape'>\n\t\t\t\t<a href='https:\/\/www.uv.mx\/filu\/files\/2022\/11\/19-Taller-de-Ciencia-Luz.jpg'><img loading=\"lazy\" decoding=\"async\" width=\"300\" height=\"200\" src=\"https:\/\/www.uv.mx\/filu\/files\/2022\/11\/19-Taller-de-Ciencia-Luz-300x200.jpg\" class=\"attachment-medium size-medium\" alt=\"\" srcset=\"https:\/\/www.uv.mx\/filu\/files\/2022\/11\/19-Taller-de-Ciencia-Luz-300x200.jpg 300w, https:\/\/www.uv.mx\/filu\/files\/2022\/11\/19-Taller-de-Ciencia-Luz-768x512.jpg 768w, https:\/\/www.uv.mx\/filu\/files\/2022\/11\/19-Taller-de-Ciencia-Luz.jpg 800w\" sizes=\"auto, (max-width: 300px) 100vw, 300px\" \/><\/a>\n\t\t\t<\/div><\/figure><figure class='gallery-item'>\n\t\t\t<div class='gallery-icon landscape'>\n\t\t\t\t<a href='https:\/\/www.uv.mx\/filu\/files\/2022\/11\/28-Taller-de-Ciencia-Luz.jpg'><img loading=\"lazy\" decoding=\"async\" width=\"300\" height=\"200\" src=\"https:\/\/www.uv.mx\/filu\/files\/2022\/11\/28-Taller-de-Ciencia-Luz-300x200.jpg\" class=\"attachment-medium size-medium\" alt=\"\" srcset=\"https:\/\/www.uv.mx\/filu\/files\/2022\/11\/28-Taller-de-Ciencia-Luz-300x200.jpg 300w, https:\/\/www.uv.mx\/filu\/files\/2022\/11\/28-Taller-de-Ciencia-Luz-768x512.jpg 768w, https:\/\/www.uv.mx\/filu\/files\/2022\/11\/28-Taller-de-Ciencia-Luz.jpg 800w\" sizes=\"auto, (max-width: 300px) 100vw, 300px\" \/><\/a>\n\t\t\t<\/div><\/figure>\n\t\t<\/div>\n\n<p>&nbsp;<\/p>\n<h4>Taller: Germinados. Alimentaci\u00f3n saludable<\/h4>\n<div id='gallery-10' class='gallery galleryid-8528 gallery-columns-3 gallery-size-medium'><figure class='gallery-item'>\n\t\t\t<div class='gallery-icon landscape'>\n\t\t\t\t<a href='https:\/\/www.uv.mx\/filu\/files\/2022\/11\/01-Taller-de-Germinados.jpg'><img loading=\"lazy\" decoding=\"async\" width=\"300\" height=\"200\" src=\"https:\/\/www.uv.mx\/filu\/files\/2022\/11\/01-Taller-de-Germinados-300x200.jpg\" class=\"attachment-medium size-medium\" alt=\"\" srcset=\"https:\/\/www.uv.mx\/filu\/files\/2022\/11\/01-Taller-de-Germinados-300x200.jpg 300w, https:\/\/www.uv.mx\/filu\/files\/2022\/11\/01-Taller-de-Germinados-768x512.jpg 768w, https:\/\/www.uv.mx\/filu\/files\/2022\/11\/01-Taller-de-Germinados.jpg 800w\" sizes=\"auto, (max-width: 300px) 100vw, 300px\" \/><\/a>\n\t\t\t<\/div><\/figure><figure class='gallery-item'>\n\t\t\t<div class='gallery-icon landscape'>\n\t\t\t\t<a href='https:\/\/www.uv.mx\/filu\/files\/2022\/11\/05-Taller-de-Germinados.jpg'><img loading=\"lazy\" decoding=\"async\" width=\"300\" height=\"200\" src=\"https:\/\/www.uv.mx\/filu\/files\/2022\/11\/05-Taller-de-Germinados-300x200.jpg\" class=\"attachment-medium size-medium\" alt=\"\" srcset=\"https:\/\/www.uv.mx\/filu\/files\/2022\/11\/05-Taller-de-Germinados-300x200.jpg 300w, https:\/\/www.uv.mx\/filu\/files\/2022\/11\/05-Taller-de-Germinados-768x512.jpg 768w, https:\/\/www.uv.mx\/filu\/files\/2022\/11\/05-Taller-de-Germinados.jpg 800w\" sizes=\"auto, (max-width: 300px) 100vw, 300px\" \/><\/a>\n\t\t\t<\/div><\/figure><figure class='gallery-item'>\n\t\t\t<div class='gallery-icon landscape'>\n\t\t\t\t<a href='https:\/\/www.uv.mx\/filu\/files\/2022\/11\/08-Taller-de-Germinados.jpg'><img loading=\"lazy\" decoding=\"async\" width=\"300\" height=\"200\" src=\"https:\/\/www.uv.mx\/filu\/files\/2022\/11\/08-Taller-de-Germinados-300x200.jpg\" class=\"attachment-medium size-medium\" alt=\"\" srcset=\"https:\/\/www.uv.mx\/filu\/files\/2022\/11\/08-Taller-de-Germinados-300x200.jpg 300w, https:\/\/www.uv.mx\/filu\/files\/2022\/11\/08-Taller-de-Germinados-768x512.jpg 768w, https:\/\/www.uv.mx\/filu\/files\/2022\/11\/08-Taller-de-Germinados.jpg 800w\" sizes=\"auto, (max-width: 300px) 100vw, 300px\" \/><\/a>\n\t\t\t<\/div><\/figure><figure class='gallery-item'>\n\t\t\t<div class='gallery-icon landscape'>\n\t\t\t\t<a href='https:\/\/www.uv.mx\/filu\/files\/2022\/11\/17-Taller-de-Germinados.jpg'><img loading=\"lazy\" decoding=\"async\" width=\"300\" height=\"200\" src=\"https:\/\/www.uv.mx\/filu\/files\/2022\/11\/17-Taller-de-Germinados-300x200.jpg\" class=\"attachment-medium size-medium\" alt=\"\" srcset=\"https:\/\/www.uv.mx\/filu\/files\/2022\/11\/17-Taller-de-Germinados-300x200.jpg 300w, https:\/\/www.uv.mx\/filu\/files\/2022\/11\/17-Taller-de-Germinados-768x512.jpg 768w, https:\/\/www.uv.mx\/filu\/files\/2022\/11\/17-Taller-de-Germinados.jpg 800w\" sizes=\"auto, (max-width: 300px) 100vw, 300px\" \/><\/a>\n\t\t\t<\/div><\/figure><figure class='gallery-item'>\n\t\t\t<div class='gallery-icon landscape'>\n\t\t\t\t<a href='https:\/\/www.uv.mx\/filu\/files\/2022\/11\/33-Taller-de-Germinados.jpg'><img loading=\"lazy\" decoding=\"async\" width=\"300\" height=\"200\" src=\"https:\/\/www.uv.mx\/filu\/files\/2022\/11\/33-Taller-de-Germinados-300x200.jpg\" class=\"attachment-medium size-medium\" alt=\"\" srcset=\"https:\/\/www.uv.mx\/filu\/files\/2022\/11\/33-Taller-de-Germinados-300x200.jpg 300w, https:\/\/www.uv.mx\/filu\/files\/2022\/11\/33-Taller-de-Germinados-768x512.jpg 768w, https:\/\/www.uv.mx\/filu\/files\/2022\/11\/33-Taller-de-Germinados.jpg 800w\" sizes=\"auto, (max-width: 300px) 100vw, 300px\" \/><\/a>\n\t\t\t<\/div><\/figure>\n\t\t<\/div>\n\n<p>&nbsp;<\/p>\n<h4>Taller: \u00bfBasura? Aprendamos a disminuir los residuos que generamos<\/h4>\n<div id='gallery-11' class='gallery galleryid-8528 gallery-columns-3 gallery-size-medium'><figure class='gallery-item'>\n\t\t\t<div class='gallery-icon landscape'>\n\t\t\t\t<a href='https:\/\/www.uv.mx\/filu\/files\/2022\/11\/49-Taller-Basura-Filu-Ninos.jpg'><img loading=\"lazy\" decoding=\"async\" width=\"300\" height=\"200\" src=\"https:\/\/www.uv.mx\/filu\/files\/2022\/11\/49-Taller-Basura-Filu-Ninos-300x200.jpg\" class=\"attachment-medium size-medium\" alt=\"\" srcset=\"https:\/\/www.uv.mx\/filu\/files\/2022\/11\/49-Taller-Basura-Filu-Ninos-300x200.jpg 300w, https:\/\/www.uv.mx\/filu\/files\/2022\/11\/49-Taller-Basura-Filu-Ninos-768x512.jpg 768w, https:\/\/www.uv.mx\/filu\/files\/2022\/11\/49-Taller-Basura-Filu-Ninos.jpg 800w\" sizes=\"auto, (max-width: 300px) 100vw, 300px\" \/><\/a>\n\t\t\t<\/div><\/figure><figure class='gallery-item'>\n\t\t\t<div class='gallery-icon landscape'>\n\t\t\t\t<a href='https:\/\/www.uv.mx\/filu\/files\/2022\/11\/50-Talller-Basura-Filu-Ninos.jpg'><img loading=\"lazy\" decoding=\"async\" width=\"300\" height=\"200\" src=\"https:\/\/www.uv.mx\/filu\/files\/2022\/11\/50-Talller-Basura-Filu-Ninos-300x200.jpg\" class=\"attachment-medium size-medium\" alt=\"\" srcset=\"https:\/\/www.uv.mx\/filu\/files\/2022\/11\/50-Talller-Basura-Filu-Ninos-300x200.jpg 300w, https:\/\/www.uv.mx\/filu\/files\/2022\/11\/50-Talller-Basura-Filu-Ninos-768x512.jpg 768w, https:\/\/www.uv.mx\/filu\/files\/2022\/11\/50-Talller-Basura-Filu-Ninos.jpg 800w\" sizes=\"auto, (max-width: 300px) 100vw, 300px\" \/><\/a>\n\t\t\t<\/div><\/figure>\n\t\t<\/div>\n\n<p>&nbsp;<\/p>\n<h4>Presentaci\u00f3n del libro Tres amigos, un maserati y los se\u00f1ores mayas del tiempo<\/h4>\n<div id='gallery-12' class='gallery galleryid-8528 gallery-columns-3 gallery-size-medium'><figure class='gallery-item'>\n\t\t\t<div class='gallery-icon landscape'>\n\t\t\t\t<a href='https:\/\/www.uv.mx\/filu\/files\/2022\/11\/01-tres-amigos-y-un-maserati.jpg'><img loading=\"lazy\" decoding=\"async\" width=\"300\" height=\"200\" src=\"https:\/\/www.uv.mx\/filu\/files\/2022\/11\/01-tres-amigos-y-un-maserati-300x200.jpg\" class=\"attachment-medium size-medium\" alt=\"\" srcset=\"https:\/\/www.uv.mx\/filu\/files\/2022\/11\/01-tres-amigos-y-un-maserati-300x200.jpg 300w, https:\/\/www.uv.mx\/filu\/files\/2022\/11\/01-tres-amigos-y-un-maserati-768x512.jpg 768w, https:\/\/www.uv.mx\/filu\/files\/2022\/11\/01-tres-amigos-y-un-maserati.jpg 800w\" sizes=\"auto, (max-width: 300px) 100vw, 300px\" \/><\/a>\n\t\t\t<\/div><\/figure><figure class='gallery-item'>\n\t\t\t<div class='gallery-icon landscape'>\n\t\t\t\t<a href='https:\/\/www.uv.mx\/filu\/files\/2022\/11\/04-tres-amigos-y-un-maserati.jpg'><img loading=\"lazy\" decoding=\"async\" width=\"300\" height=\"200\" src=\"https:\/\/www.uv.mx\/filu\/files\/2022\/11\/04-tres-amigos-y-un-maserati-300x200.jpg\" class=\"attachment-medium size-medium\" alt=\"\" srcset=\"https:\/\/www.uv.mx\/filu\/files\/2022\/11\/04-tres-amigos-y-un-maserati-300x200.jpg 300w, https:\/\/www.uv.mx\/filu\/files\/2022\/11\/04-tres-amigos-y-un-maserati-768x512.jpg 768w, https:\/\/www.uv.mx\/filu\/files\/2022\/11\/04-tres-amigos-y-un-maserati.jpg 800w\" sizes=\"auto, (max-width: 300px) 100vw, 300px\" \/><\/a>\n\t\t\t<\/div><\/figure><figure class='gallery-item'>\n\t\t\t<div class='gallery-icon landscape'>\n\t\t\t\t<a href='https:\/\/www.uv.mx\/filu\/files\/2022\/11\/07-tres-amigos-y-un-maserati.jpg'><img loading=\"lazy\" decoding=\"async\" width=\"300\" height=\"200\" src=\"https:\/\/www.uv.mx\/filu\/files\/2022\/11\/07-tres-amigos-y-un-maserati-300x200.jpg\" class=\"attachment-medium size-medium\" alt=\"\" srcset=\"https:\/\/www.uv.mx\/filu\/files\/2022\/11\/07-tres-amigos-y-un-maserati-300x200.jpg 300w, https:\/\/www.uv.mx\/filu\/files\/2022\/11\/07-tres-amigos-y-un-maserati-768x512.jpg 768w, https:\/\/www.uv.mx\/filu\/files\/2022\/11\/07-tres-amigos-y-un-maserati.jpg 800w\" sizes=\"auto, (max-width: 300px) 100vw, 300px\" \/><\/a>\n\t\t\t<\/div><\/figure><figure class='gallery-item'>\n\t\t\t<div class='gallery-icon landscape'>\n\t\t\t\t<a href='https:\/\/www.uv.mx\/filu\/files\/2022\/11\/19-tres-amigos-y-un-maserati.jpg'><img loading=\"lazy\" decoding=\"async\" width=\"300\" height=\"200\" src=\"https:\/\/www.uv.mx\/filu\/files\/2022\/11\/19-tres-amigos-y-un-maserati-300x200.jpg\" class=\"attachment-medium size-medium\" alt=\"\" srcset=\"https:\/\/www.uv.mx\/filu\/files\/2022\/11\/19-tres-amigos-y-un-maserati-300x200.jpg 300w, https:\/\/www.uv.mx\/filu\/files\/2022\/11\/19-tres-amigos-y-un-maserati-768x512.jpg 768w, https:\/\/www.uv.mx\/filu\/files\/2022\/11\/19-tres-amigos-y-un-maserati.jpg 800w\" sizes=\"auto, (max-width: 300px) 100vw, 300px\" \/><\/a>\n\t\t\t<\/div><\/figure>\n\t\t<\/div>\n\n<p>&nbsp;<\/p>\n<h4>Presentaci\u00f3n del libro Verdad es belleza. Memorias indiscretas<\/h4>\n<div id='gallery-13' class='gallery galleryid-8528 gallery-columns-3 gallery-size-medium'><figure class='gallery-item'>\n\t\t\t<div class='gallery-icon landscape'>\n\t\t\t\t<a href='https:\/\/www.uv.mx\/filu\/files\/2022\/11\/01-Verdad-es-belleza.jpg'><img loading=\"lazy\" decoding=\"async\" width=\"300\" height=\"200\" src=\"https:\/\/www.uv.mx\/filu\/files\/2022\/11\/01-Verdad-es-belleza-300x200.jpg\" class=\"attachment-medium size-medium\" alt=\"\" srcset=\"https:\/\/www.uv.mx\/filu\/files\/2022\/11\/01-Verdad-es-belleza-300x200.jpg 300w, https:\/\/www.uv.mx\/filu\/files\/2022\/11\/01-Verdad-es-belleza-768x512.jpg 768w, https:\/\/www.uv.mx\/filu\/files\/2022\/11\/01-Verdad-es-belleza.jpg 800w\" sizes=\"auto, (max-width: 300px) 100vw, 300px\" \/><\/a>\n\t\t\t<\/div><\/figure><figure class='gallery-item'>\n\t\t\t<div class='gallery-icon landscape'>\n\t\t\t\t<a href='https:\/\/www.uv.mx\/filu\/files\/2022\/11\/06-Verdad-es-belleza.jpg'><img loading=\"lazy\" decoding=\"async\" width=\"300\" height=\"200\" src=\"https:\/\/www.uv.mx\/filu\/files\/2022\/11\/06-Verdad-es-belleza-300x200.jpg\" class=\"attachment-medium size-medium\" alt=\"\" srcset=\"https:\/\/www.uv.mx\/filu\/files\/2022\/11\/06-Verdad-es-belleza-300x200.jpg 300w, https:\/\/www.uv.mx\/filu\/files\/2022\/11\/06-Verdad-es-belleza-768x512.jpg 768w, https:\/\/www.uv.mx\/filu\/files\/2022\/11\/06-Verdad-es-belleza.jpg 800w\" sizes=\"auto, (max-width: 300px) 100vw, 300px\" \/><\/a>\n\t\t\t<\/div><\/figure><figure class='gallery-item'>\n\t\t\t<div class='gallery-icon landscape'>\n\t\t\t\t<a href='https:\/\/www.uv.mx\/filu\/files\/2022\/11\/27-Verdad-es-belleza.jpg'><img loading=\"lazy\" decoding=\"async\" width=\"300\" height=\"200\" src=\"https:\/\/www.uv.mx\/filu\/files\/2022\/11\/27-Verdad-es-belleza-300x200.jpg\" class=\"attachment-medium size-medium\" alt=\"\" srcset=\"https:\/\/www.uv.mx\/filu\/files\/2022\/11\/27-Verdad-es-belleza-300x200.jpg 300w, https:\/\/www.uv.mx\/filu\/files\/2022\/11\/27-Verdad-es-belleza-768x512.jpg 768w, https:\/\/www.uv.mx\/filu\/files\/2022\/11\/27-Verdad-es-belleza.jpg 800w\" sizes=\"auto, (max-width: 300px) 100vw, 300px\" \/><\/a>\n\t\t\t<\/div><\/figure>\n\t\t<\/div>\n\n<p>&nbsp;<\/p>\n<h4>Presentaci\u00f3n art\u00edstica: Xalli Big Band UV. Para que no me olvides<\/h4>\n<div id='gallery-14' class='gallery galleryid-8528 gallery-columns-3 gallery-size-medium'><figure class='gallery-item'>\n\t\t\t<div class='gallery-icon landscape'>\n\t\t\t\t<a href='https:\/\/www.uv.mx\/filu\/files\/2022\/11\/43-Presentacion-Xalli-Big-Band.jpg'><img loading=\"lazy\" decoding=\"async\" width=\"300\" height=\"200\" src=\"https:\/\/www.uv.mx\/filu\/files\/2022\/11\/43-Presentacion-Xalli-Big-Band-300x200.jpg\" class=\"attachment-medium size-medium\" alt=\"\" srcset=\"https:\/\/www.uv.mx\/filu\/files\/2022\/11\/43-Presentacion-Xalli-Big-Band-300x200.jpg 300w, https:\/\/www.uv.mx\/filu\/files\/2022\/11\/43-Presentacion-Xalli-Big-Band-768x512.jpg 768w, https:\/\/www.uv.mx\/filu\/files\/2022\/11\/43-Presentacion-Xalli-Big-Band.jpg 800w\" sizes=\"auto, (max-width: 300px) 100vw, 300px\" \/><\/a>\n\t\t\t<\/div><\/figure><figure class='gallery-item'>\n\t\t\t<div class='gallery-icon landscape'>\n\t\t\t\t<a href='https:\/\/www.uv.mx\/filu\/files\/2022\/11\/44-Presentacion-Xalli-Big-Band.jpg'><img loading=\"lazy\" decoding=\"async\" width=\"300\" height=\"200\" src=\"https:\/\/www.uv.mx\/filu\/files\/2022\/11\/44-Presentacion-Xalli-Big-Band-300x200.jpg\" class=\"attachment-medium size-medium\" alt=\"\" srcset=\"https:\/\/www.uv.mx\/filu\/files\/2022\/11\/44-Presentacion-Xalli-Big-Band-300x200.jpg 300w, https:\/\/www.uv.mx\/filu\/files\/2022\/11\/44-Presentacion-Xalli-Big-Band-768x512.jpg 768w, https:\/\/www.uv.mx\/filu\/files\/2022\/11\/44-Presentacion-Xalli-Big-Band.jpg 800w\" sizes=\"auto, (max-width: 300px) 100vw, 300px\" \/><\/a>\n\t\t\t<\/div><\/figure><figure class='gallery-item'>\n\t\t\t<div class='gallery-icon landscape'>\n\t\t\t\t<a href='https:\/\/www.uv.mx\/filu\/files\/2022\/11\/45-Presentacion-Xalli-Big-Band.jpg'><img loading=\"lazy\" decoding=\"async\" width=\"300\" height=\"200\" src=\"https:\/\/www.uv.mx\/filu\/files\/2022\/11\/45-Presentacion-Xalli-Big-Band-300x200.jpg\" class=\"attachment-medium size-medium\" alt=\"\" srcset=\"https:\/\/www.uv.mx\/filu\/files\/2022\/11\/45-Presentacion-Xalli-Big-Band-300x200.jpg 300w, https:\/\/www.uv.mx\/filu\/files\/2022\/11\/45-Presentacion-Xalli-Big-Band-768x512.jpg 768w, https:\/\/www.uv.mx\/filu\/files\/2022\/11\/45-Presentacion-Xalli-Big-Band.jpg 800w\" sizes=\"auto, (max-width: 300px) 100vw, 300px\" \/><\/a>\n\t\t\t<\/div><\/figure>\n\t\t<\/div>\n\n<p>&nbsp;<\/p>\n<h4>Taller: Fomento a la lectura<\/h4>\n<div id='gallery-15' class='gallery galleryid-8528 gallery-columns-3 gallery-size-thumbnail'><figure class='gallery-item'>\n\t\t\t<div class='gallery-icon landscape'>\n\t\t\t\t<a href='https:\/\/www.uv.mx\/filu\/galeria2022\/galeria-10-septiembre-2022\/attachment\/taller-fomento-a-la-lectura-1\/'><img loading=\"lazy\" decoding=\"async\" width=\"150\" height=\"150\" src=\"https:\/\/www.uv.mx\/filu\/files\/2022\/11\/Taller-fomento-a-la-lectura-1-150x150.jpg\" class=\"attachment-thumbnail size-thumbnail\" alt=\"\" \/><\/a>\n\t\t\t<\/div><\/figure><figure class='gallery-item'>\n\t\t\t<div class='gallery-icon landscape'>\n\t\t\t\t<a href='https:\/\/www.uv.mx\/filu\/galeria2022\/galeria-10-septiembre-2022\/attachment\/taller-fomento-a-la-lectura-2\/'><img loading=\"lazy\" decoding=\"async\" width=\"150\" height=\"150\" src=\"https:\/\/www.uv.mx\/filu\/files\/2022\/11\/Taller-Fomento-a-la-lectura-2-150x150.jpg\" class=\"attachment-thumbnail size-thumbnail\" alt=\"\" \/><\/a>\n\t\t\t<\/div><\/figure><figure class='gallery-item'>\n\t\t\t<div class='gallery-icon landscape'>\n\t\t\t\t<a href='https:\/\/www.uv.mx\/filu\/galeria2022\/galeria-10-septiembre-2022\/attachment\/taller-fomento-a-la-lectura-3\/'><img loading=\"lazy\" decoding=\"async\" width=\"150\" height=\"150\" src=\"https:\/\/www.uv.mx\/filu\/files\/2022\/11\/Taller-fomento-a-la-lectura-3-150x150.jpg\" class=\"attachment-thumbnail size-thumbnail\" alt=\"\" \/><\/a>\n\t\t\t<\/div><\/figure>\n\t\t<\/div>\n\n<p>&nbsp;<\/p>\n<h4>Presentaci\u00f3n del libro El ombligo del mar<\/h4>\n<div id='gallery-16' class='gallery galleryid-8528 gallery-columns-3 gallery-size-medium'><figure class='gallery-item'>\n\t\t\t<div class='gallery-icon landscape'>\n\t\t\t\t<a href='https:\/\/www.uv.mx\/filu\/files\/2022\/11\/Presentacion-del-ombligo-del-mar-5.jpg'><img loading=\"lazy\" decoding=\"async\" width=\"300\" height=\"200\" src=\"https:\/\/www.uv.mx\/filu\/files\/2022\/11\/Presentacion-del-ombligo-del-mar-5-300x200.jpg\" class=\"attachment-medium size-medium\" alt=\"\" srcset=\"https:\/\/www.uv.mx\/filu\/files\/2022\/11\/Presentacion-del-ombligo-del-mar-5-300x200.jpg 300w, https:\/\/www.uv.mx\/filu\/files\/2022\/11\/Presentacion-del-ombligo-del-mar-5-768x512.jpg 768w, https:\/\/www.uv.mx\/filu\/files\/2022\/11\/Presentacion-del-ombligo-del-mar-5.jpg 800w\" sizes=\"auto, (max-width: 300px) 100vw, 300px\" \/><\/a>\n\t\t\t<\/div><\/figure><figure class='gallery-item'>\n\t\t\t<div class='gallery-icon landscape'>\n\t\t\t\t<a href='https:\/\/www.uv.mx\/filu\/files\/2022\/11\/Presentacion-El-ombligo-del-mar-3.jpg'><img loading=\"lazy\" decoding=\"async\" width=\"300\" height=\"200\" src=\"https:\/\/www.uv.mx\/filu\/files\/2022\/11\/Presentacion-El-ombligo-del-mar-3-300x200.jpg\" class=\"attachment-medium size-medium\" alt=\"\" srcset=\"https:\/\/www.uv.mx\/filu\/files\/2022\/11\/Presentacion-El-ombligo-del-mar-3-300x200.jpg 300w, https:\/\/www.uv.mx\/filu\/files\/2022\/11\/Presentacion-El-ombligo-del-mar-3-768x512.jpg 768w, https:\/\/www.uv.mx\/filu\/files\/2022\/11\/Presentacion-El-ombligo-del-mar-3.jpg 800w\" sizes=\"auto, (max-width: 300px) 100vw, 300px\" \/><\/a>\n\t\t\t<\/div><\/figure><figure class='gallery-item'>\n\t\t\t<div class='gallery-icon landscape'>\n\t\t\t\t<a href='https:\/\/www.uv.mx\/filu\/files\/2022\/11\/Presentacion-libro-El-ombligo-del-mar-2.jpg'><img loading=\"lazy\" decoding=\"async\" width=\"300\" height=\"200\" src=\"https:\/\/www.uv.mx\/filu\/files\/2022\/11\/Presentacion-libro-El-ombligo-del-mar-2-300x200.jpg\" class=\"attachment-medium size-medium\" alt=\"\" srcset=\"https:\/\/www.uv.mx\/filu\/files\/2022\/11\/Presentacion-libro-El-ombligo-del-mar-2-300x200.jpg 300w, https:\/\/www.uv.mx\/filu\/files\/2022\/11\/Presentacion-libro-El-ombligo-del-mar-2-768x512.jpg 768w, https:\/\/www.uv.mx\/filu\/files\/2022\/11\/Presentacion-libro-El-ombligo-del-mar-2.jpg 800w\" sizes=\"auto, (max-width: 300px) 100vw, 300px\" \/><\/a>\n\t\t\t<\/div><\/figure><figure class='gallery-item'>\n\t\t\t<div class='gallery-icon landscape'>\n\t\t\t\t<a href='https:\/\/www.uv.mx\/filu\/files\/2022\/11\/Presentacion-libro-El-ombligo-del-mar.jpg'><img loading=\"lazy\" decoding=\"async\" width=\"300\" height=\"200\" src=\"https:\/\/www.uv.mx\/filu\/files\/2022\/11\/Presentacion-libro-El-ombligo-del-mar-300x200.jpg\" class=\"attachment-medium size-medium\" alt=\"\" srcset=\"https:\/\/www.uv.mx\/filu\/files\/2022\/11\/Presentacion-libro-El-ombligo-del-mar-300x200.jpg 300w, https:\/\/www.uv.mx\/filu\/files\/2022\/11\/Presentacion-libro-El-ombligo-del-mar.jpg 593w\" sizes=\"auto, (max-width: 300px) 100vw, 300px\" \/><\/a>\n\t\t\t<\/div><\/figure>\n\t\t<\/div>\n\n<p>&nbsp;<\/p>\n<h4>Presentaci\u00f3n del libro Asesina \u00edntima<\/h4>\n<div id='gallery-17' class='gallery galleryid-8528 gallery-columns-3 gallery-size-medium'><figure class='gallery-item'>\n\t\t\t<div class='gallery-icon landscape'>\n\t\t\t\t<a href='https:\/\/www.uv.mx\/filu\/files\/2022\/11\/Presentacion-Asesina-intima-4.jpg'><img loading=\"lazy\" decoding=\"async\" width=\"300\" height=\"200\" src=\"https:\/\/www.uv.mx\/filu\/files\/2022\/11\/Presentacion-Asesina-intima-4-300x200.jpg\" class=\"attachment-medium size-medium\" alt=\"\" srcset=\"https:\/\/www.uv.mx\/filu\/files\/2022\/11\/Presentacion-Asesina-intima-4-300x200.jpg 300w, https:\/\/www.uv.mx\/filu\/files\/2022\/11\/Presentacion-Asesina-intima-4-1024x683.jpg 1024w, https:\/\/www.uv.mx\/filu\/files\/2022\/11\/Presentacion-Asesina-intima-4-768x512.jpg 768w, https:\/\/www.uv.mx\/filu\/files\/2022\/11\/Presentacion-Asesina-intima-4.jpg 1500w\" sizes=\"auto, (max-width: 300px) 100vw, 300px\" \/><\/a>\n\t\t\t<\/div><\/figure><figure class='gallery-item'>\n\t\t\t<div class='gallery-icon landscape'>\n\t\t\t\t<a href='https:\/\/www.uv.mx\/filu\/files\/2022\/11\/Presentacion-artistica-Asesina-intima-3.jpg'><img loading=\"lazy\" decoding=\"async\" width=\"300\" height=\"200\" src=\"https:\/\/www.uv.mx\/filu\/files\/2022\/11\/Presentacion-artistica-Asesina-intima-3-300x200.jpg\" class=\"attachment-medium size-medium\" alt=\"\" srcset=\"https:\/\/www.uv.mx\/filu\/files\/2022\/11\/Presentacion-artistica-Asesina-intima-3-300x200.jpg 300w, https:\/\/www.uv.mx\/filu\/files\/2022\/11\/Presentacion-artistica-Asesina-intima-3-1024x683.jpg 1024w, https:\/\/www.uv.mx\/filu\/files\/2022\/11\/Presentacion-artistica-Asesina-intima-3-768x512.jpg 768w, https:\/\/www.uv.mx\/filu\/files\/2022\/11\/Presentacion-artistica-Asesina-intima-3.jpg 1500w\" sizes=\"auto, (max-width: 300px) 100vw, 300px\" \/><\/a>\n\t\t\t<\/div><\/figure><figure class='gallery-item'>\n\t\t\t<div class='gallery-icon landscape'>\n\t\t\t\t<a href='https:\/\/www.uv.mx\/filu\/files\/2022\/11\/Presentacion-Asesina-intima-mesa-6.jpg'><img loading=\"lazy\" decoding=\"async\" width=\"300\" height=\"200\" src=\"https:\/\/www.uv.mx\/filu\/files\/2022\/11\/Presentacion-Asesina-intima-mesa-6-300x200.jpg\" class=\"attachment-medium size-medium\" alt=\"\" srcset=\"https:\/\/www.uv.mx\/filu\/files\/2022\/11\/Presentacion-Asesina-intima-mesa-6-300x200.jpg 300w, https:\/\/www.uv.mx\/filu\/files\/2022\/11\/Presentacion-Asesina-intima-mesa-6-1024x683.jpg 1024w, https:\/\/www.uv.mx\/filu\/files\/2022\/11\/Presentacion-Asesina-intima-mesa-6-768x512.jpg 768w, https:\/\/www.uv.mx\/filu\/files\/2022\/11\/Presentacion-Asesina-intima-mesa-6.jpg 1500w\" sizes=\"auto, (max-width: 300px) 100vw, 300px\" \/><\/a>\n\t\t\t<\/div><\/figure><figure class='gallery-item'>\n\t\t\t<div class='gallery-icon landscape'>\n\t\t\t\t<a href='https:\/\/www.uv.mx\/filu\/files\/2022\/11\/Presentacion-libro-Asesina-intima-2.jpg'><img loading=\"lazy\" decoding=\"async\" width=\"300\" height=\"200\" src=\"https:\/\/www.uv.mx\/filu\/files\/2022\/11\/Presentacion-libro-Asesina-intima-2-300x200.jpg\" class=\"attachment-medium size-medium\" alt=\"\" srcset=\"https:\/\/www.uv.mx\/filu\/files\/2022\/11\/Presentacion-libro-Asesina-intima-2-300x200.jpg 300w, https:\/\/www.uv.mx\/filu\/files\/2022\/11\/Presentacion-libro-Asesina-intima-2-1024x683.jpg 1024w, https:\/\/www.uv.mx\/filu\/files\/2022\/11\/Presentacion-libro-Asesina-intima-2-768x512.jpg 768w, https:\/\/www.uv.mx\/filu\/files\/2022\/11\/Presentacion-libro-Asesina-intima-2.jpg 1500w\" sizes=\"auto, (max-width: 300px) 100vw, 300px\" \/><\/a>\n\t\t\t<\/div><\/figure><figure class='gallery-item'>\n\t\t\t<div class='gallery-icon landscape'>\n\t\t\t\t<a href='https:\/\/www.uv.mx\/filu\/files\/2022\/11\/Presentacion-libro-Asesina-intima.jpg'><img loading=\"lazy\" decoding=\"async\" width=\"300\" height=\"200\" src=\"https:\/\/www.uv.mx\/filu\/files\/2022\/11\/Presentacion-libro-Asesina-intima-300x200.jpg\" class=\"attachment-medium size-medium\" alt=\"\" srcset=\"https:\/\/www.uv.mx\/filu\/files\/2022\/11\/Presentacion-libro-Asesina-intima-300x200.jpg 300w, https:\/\/www.uv.mx\/filu\/files\/2022\/11\/Presentacion-libro-Asesina-intima-1024x683.jpg 1024w, https:\/\/www.uv.mx\/filu\/files\/2022\/11\/Presentacion-libro-Asesina-intima-768x512.jpg 768w, https:\/\/www.uv.mx\/filu\/files\/2022\/11\/Presentacion-libro-Asesina-intima.jpg 1500w\" sizes=\"auto, (max-width: 300px) 100vw, 300px\" \/><\/a>\n\t\t\t<\/div><\/figure>\n\t\t<\/div>\n\n<p>&nbsp;<\/p>\n<h4>Presentaci\u00f3n del libro Falsa guerra<\/h4>\n<div id='gallery-18' class='gallery galleryid-8528 gallery-columns-3 gallery-size-medium'><figure class='gallery-item'>\n\t\t\t<div class='gallery-icon landscape'>\n\t\t\t\t<a href='https:\/\/www.uv.mx\/filu\/files\/2022\/11\/Portada-Falsa-Guerra.jpg'><img loading=\"lazy\" decoding=\"async\" width=\"300\" height=\"200\" src=\"https:\/\/www.uv.mx\/filu\/files\/2022\/11\/Portada-Falsa-Guerra-300x200.jpg\" class=\"attachment-medium size-medium\" alt=\"\" srcset=\"https:\/\/www.uv.mx\/filu\/files\/2022\/11\/Portada-Falsa-Guerra-300x200.jpg 300w, https:\/\/www.uv.mx\/filu\/files\/2022\/11\/Portada-Falsa-Guerra.jpg 593w\" sizes=\"auto, (max-width: 300px) 100vw, 300px\" \/><\/a>\n\t\t\t<\/div><\/figure><figure class='gallery-item'>\n\t\t\t<div class='gallery-icon landscape'>\n\t\t\t\t<a href='https:\/\/www.uv.mx\/filu\/files\/2022\/11\/Presentacion-Falsa-Guerra.jpg'><img loading=\"lazy\" decoding=\"async\" width=\"300\" height=\"200\" src=\"https:\/\/www.uv.mx\/filu\/files\/2022\/11\/Presentacion-Falsa-Guerra-300x200.jpg\" class=\"attachment-medium size-medium\" alt=\"\" srcset=\"https:\/\/www.uv.mx\/filu\/files\/2022\/11\/Presentacion-Falsa-Guerra-300x200.jpg 300w, https:\/\/www.uv.mx\/filu\/files\/2022\/11\/Presentacion-Falsa-Guerra-1024x683.jpg 1024w, https:\/\/www.uv.mx\/filu\/files\/2022\/11\/Presentacion-Falsa-Guerra-768x512.jpg 768w, https:\/\/www.uv.mx\/filu\/files\/2022\/11\/Presentacion-Falsa-Guerra-1536x1024.jpg 1536w, https:\/\/www.uv.mx\/filu\/files\/2022\/11\/Presentacion-Falsa-Guerra.jpg 2048w\" sizes=\"auto, (max-width: 300px) 100vw, 300px\" \/><\/a>\n\t\t\t<\/div><\/figure>\n\t\t<\/div>\n\n<p>&nbsp;<\/p>\n<h4>Presentaci\u00f3n art\u00edstica: Paco Arag\u00f3n y su guitarra flamenca<\/h4>\n<div id='gallery-19' class='gallery galleryid-8528 gallery-columns-3 gallery-size-medium'><figure class='gallery-item'>\n\t\t\t<div class='gallery-icon landscape'>\n\t\t\t\t<a href='https:\/\/www.uv.mx\/filu\/files\/2022\/11\/Paco-Aragon-y-su-guitarra-flamenca-2.jpg'><img loading=\"lazy\" decoding=\"async\" width=\"300\" height=\"200\" src=\"https:\/\/www.uv.mx\/filu\/files\/2022\/11\/Paco-Aragon-y-su-guitarra-flamenca-2-300x200.jpg\" class=\"attachment-medium size-medium\" alt=\"\" srcset=\"https:\/\/www.uv.mx\/filu\/files\/2022\/11\/Paco-Aragon-y-su-guitarra-flamenca-2-300x200.jpg 300w, https:\/\/www.uv.mx\/filu\/files\/2022\/11\/Paco-Aragon-y-su-guitarra-flamenca-2-1024x683.jpg 1024w, https:\/\/www.uv.mx\/filu\/files\/2022\/11\/Paco-Aragon-y-su-guitarra-flamenca-2-768x512.jpg 768w, https:\/\/www.uv.mx\/filu\/files\/2022\/11\/Paco-Aragon-y-su-guitarra-flamenca-2.jpg 1500w\" sizes=\"auto, (max-width: 300px) 100vw, 300px\" \/><\/a>\n\t\t\t<\/div><\/figure><figure class='gallery-item'>\n\t\t\t<div class='gallery-icon landscape'>\n\t\t\t\t<a href='https:\/\/www.uv.mx\/filu\/files\/2022\/11\/Paco-Aragon-y-su-guitarra-flamenca-3.jpg'><img loading=\"lazy\" decoding=\"async\" width=\"300\" height=\"200\" src=\"https:\/\/www.uv.mx\/filu\/files\/2022\/11\/Paco-Aragon-y-su-guitarra-flamenca-3-300x200.jpg\" class=\"attachment-medium size-medium\" alt=\"\" srcset=\"https:\/\/www.uv.mx\/filu\/files\/2022\/11\/Paco-Aragon-y-su-guitarra-flamenca-3-300x200.jpg 300w, https:\/\/www.uv.mx\/filu\/files\/2022\/11\/Paco-Aragon-y-su-guitarra-flamenca-3-1024x683.jpg 1024w, https:\/\/www.uv.mx\/filu\/files\/2022\/11\/Paco-Aragon-y-su-guitarra-flamenca-3-768x512.jpg 768w, https:\/\/www.uv.mx\/filu\/files\/2022\/11\/Paco-Aragon-y-su-guitarra-flamenca-3.jpg 1500w\" sizes=\"auto, (max-width: 300px) 100vw, 300px\" \/><\/a>\n\t\t\t<\/div><\/figure><figure class='gallery-item'>\n\t\t\t<div class='gallery-icon landscape'>\n\t\t\t\t<a href='https:\/\/www.uv.mx\/filu\/files\/2022\/11\/Paco-Aragon-y-su-guitarra-flamenca.jpg'><img loading=\"lazy\" decoding=\"async\" width=\"300\" height=\"200\" src=\"https:\/\/www.uv.mx\/filu\/files\/2022\/11\/Paco-Aragon-y-su-guitarra-flamenca-300x200.jpg\" class=\"attachment-medium size-medium\" alt=\"\" srcset=\"https:\/\/www.uv.mx\/filu\/files\/2022\/11\/Paco-Aragon-y-su-guitarra-flamenca-300x200.jpg 300w, https:\/\/www.uv.mx\/filu\/files\/2022\/11\/Paco-Aragon-y-su-guitarra-flamenca.jpg 593w\" sizes=\"auto, (max-width: 300px) 100vw, 300px\" \/><\/a>\n\t\t\t<\/div><\/figure><figure class='gallery-item'>\n\t\t\t<div class='gallery-icon landscape'>\n\t\t\t\t<a href='https:\/\/www.uv.mx\/filu\/files\/2022\/11\/Presentacion-artistica-Paco-Aragon.jpg'><img loading=\"lazy\" decoding=\"async\" width=\"300\" height=\"200\" src=\"https:\/\/www.uv.mx\/filu\/files\/2022\/11\/Presentacion-artistica-Paco-Aragon-300x200.jpg\" class=\"attachment-medium size-medium\" alt=\"\" srcset=\"https:\/\/www.uv.mx\/filu\/files\/2022\/11\/Presentacion-artistica-Paco-Aragon-300x200.jpg 300w, https:\/\/www.uv.mx\/filu\/files\/2022\/11\/Presentacion-artistica-Paco-Aragon.jpg 593w\" sizes=\"auto, (max-width: 300px) 100vw, 300px\" \/><\/a>\n\t\t\t<\/div><\/figure>\n\t\t<\/div>\n\n<p>&nbsp;<\/p>\n<h4>Presentaci\u00f3n libro Los ca\u00eddos<\/h4>\n<div id='gallery-20' class='gallery galleryid-8528 gallery-columns-3 gallery-size-medium'><figure class='gallery-item'>\n\t\t\t<div class='gallery-icon landscape'>\n\t\t\t\t<a href='https:\/\/www.uv.mx\/filu\/files\/2022\/11\/Presentacion-libro-Los-caidos-2.jpg'><img loading=\"lazy\" decoding=\"async\" width=\"300\" height=\"200\" src=\"https:\/\/www.uv.mx\/filu\/files\/2022\/11\/Presentacion-libro-Los-caidos-2-300x200.jpg\" class=\"attachment-medium size-medium\" alt=\"\" srcset=\"https:\/\/www.uv.mx\/filu\/files\/2022\/11\/Presentacion-libro-Los-caidos-2-300x200.jpg 300w, https:\/\/www.uv.mx\/filu\/files\/2022\/11\/Presentacion-libro-Los-caidos-2-1024x683.jpg 1024w, https:\/\/www.uv.mx\/filu\/files\/2022\/11\/Presentacion-libro-Los-caidos-2-768x512.jpg 768w, https:\/\/www.uv.mx\/filu\/files\/2022\/11\/Presentacion-libro-Los-caidos-2-1536x1024.jpg 1536w, https:\/\/www.uv.mx\/filu\/files\/2022\/11\/Presentacion-libro-Los-caidos-2.jpg 2048w\" sizes=\"auto, (max-width: 300px) 100vw, 300px\" \/><\/a>\n\t\t\t<\/div><\/figure><figure class='gallery-item'>\n\t\t\t<div class='gallery-icon landscape'>\n\t\t\t\t<a href='https:\/\/www.uv.mx\/filu\/files\/2022\/11\/Presentacion-libro-Los-caidos.jpg'><img loading=\"lazy\" decoding=\"async\" width=\"300\" height=\"200\" src=\"https:\/\/www.uv.mx\/filu\/files\/2022\/11\/Presentacion-libro-Los-caidos-300x200.jpg\" class=\"attachment-medium size-medium\" alt=\"\" srcset=\"https:\/\/www.uv.mx\/filu\/files\/2022\/11\/Presentacion-libro-Los-caidos-300x200.jpg 300w, https:\/\/www.uv.mx\/filu\/files\/2022\/11\/Presentacion-libro-Los-caidos-1024x683.jpg 1024w, https:\/\/www.uv.mx\/filu\/files\/2022\/11\/Presentacion-libro-Los-caidos-768x512.jpg 768w, https:\/\/www.uv.mx\/filu\/files\/2022\/11\/Presentacion-libro-Los-caidos-1536x1024.jpg 1536w, https:\/\/www.uv.mx\/filu\/files\/2022\/11\/Presentacion-libro-Los-caidos.jpg 2048w\" sizes=\"auto, (max-width: 300px) 100vw, 300px\" \/><\/a>\n\t\t\t<\/div><\/figure>\n\t\t<\/div>\n\n<p>&nbsp;<\/p>\n<h4>Presentaci\u00f3n del libro Fidel, 17 aproximaciones<\/h4>\n<div id='gallery-21' class='gallery galleryid-8528 gallery-columns-3 gallery-size-medium'><figure class='gallery-item'>\n\t\t\t<div class='gallery-icon landscape'>\n\t\t\t\t<a href='https:\/\/www.uv.mx\/filu\/files\/2022\/11\/Dario-Salinas-Presento-el-libro-Fidel-17-aproximaciones.jpg'><img loading=\"lazy\" decoding=\"async\" width=\"300\" height=\"200\" src=\"https:\/\/www.uv.mx\/filu\/files\/2022\/11\/Dario-Salinas-Presento-el-libro-Fidel-17-aproximaciones-300x200.jpg\" class=\"attachment-medium size-medium\" alt=\"\" srcset=\"https:\/\/www.uv.mx\/filu\/files\/2022\/11\/Dario-Salinas-Presento-el-libro-Fidel-17-aproximaciones-300x200.jpg 300w, https:\/\/www.uv.mx\/filu\/files\/2022\/11\/Dario-Salinas-Presento-el-libro-Fidel-17-aproximaciones-1024x683.jpg 1024w, https:\/\/www.uv.mx\/filu\/files\/2022\/11\/Dario-Salinas-Presento-el-libro-Fidel-17-aproximaciones-768x512.jpg 768w, https:\/\/www.uv.mx\/filu\/files\/2022\/11\/Dario-Salinas-Presento-el-libro-Fidel-17-aproximaciones-1536x1024.jpg 1536w, https:\/\/www.uv.mx\/filu\/files\/2022\/11\/Dario-Salinas-Presento-el-libro-Fidel-17-aproximaciones.jpg 2048w\" sizes=\"auto, (max-width: 300px) 100vw, 300px\" \/><\/a>\n\t\t\t<\/div><\/figure><figure class='gallery-item'>\n\t\t\t<div class='gallery-icon landscape'>\n\t\t\t\t<a href='https:\/\/www.uv.mx\/filu\/files\/2022\/11\/Francisco-Perez-Arce-y-Dario-Salinas-Presentaron-Fidel.jpg'><img loading=\"lazy\" decoding=\"async\" width=\"300\" height=\"200\" src=\"https:\/\/www.uv.mx\/filu\/files\/2022\/11\/Francisco-Perez-Arce-y-Dario-Salinas-Presentaron-Fidel-300x200.jpg\" class=\"attachment-medium size-medium\" alt=\"\" srcset=\"https:\/\/www.uv.mx\/filu\/files\/2022\/11\/Francisco-Perez-Arce-y-Dario-Salinas-Presentaron-Fidel-300x200.jpg 300w, https:\/\/www.uv.mx\/filu\/files\/2022\/11\/Francisco-Perez-Arce-y-Dario-Salinas-Presentaron-Fidel-1024x683.jpg 1024w, https:\/\/www.uv.mx\/filu\/files\/2022\/11\/Francisco-Perez-Arce-y-Dario-Salinas-Presentaron-Fidel-768x512.jpg 768w, https:\/\/www.uv.mx\/filu\/files\/2022\/11\/Francisco-Perez-Arce-y-Dario-Salinas-Presentaron-Fidel-1536x1024.jpg 1536w, https:\/\/www.uv.mx\/filu\/files\/2022\/11\/Francisco-Perez-Arce-y-Dario-Salinas-Presentaron-Fidel.jpg 2048w\" sizes=\"auto, (max-width: 300px) 100vw, 300px\" \/><\/a>\n\t\t\t<\/div><\/figure><figure class='gallery-item'>\n\t\t\t<div class='gallery-icon landscape'>\n\t\t\t\t<a href='https:\/\/www.uv.mx\/filu\/files\/2022\/11\/Portada-libro-Fidel-17-aproximaciones.jpg'><img loading=\"lazy\" decoding=\"async\" width=\"300\" height=\"200\" src=\"https:\/\/www.uv.mx\/filu\/files\/2022\/11\/Portada-libro-Fidel-17-aproximaciones-300x200.jpg\" class=\"attachment-medium size-medium\" alt=\"\" srcset=\"https:\/\/www.uv.mx\/filu\/files\/2022\/11\/Portada-libro-Fidel-17-aproximaciones-300x200.jpg 300w, https:\/\/www.uv.mx\/filu\/files\/2022\/11\/Portada-libro-Fidel-17-aproximaciones-1024x683.jpg 1024w, https:\/\/www.uv.mx\/filu\/files\/2022\/11\/Portada-libro-Fidel-17-aproximaciones-768x512.jpg 768w, https:\/\/www.uv.mx\/filu\/files\/2022\/11\/Portada-libro-Fidel-17-aproximaciones-1536x1024.jpg 1536w, https:\/\/www.uv.mx\/filu\/files\/2022\/11\/Portada-libro-Fidel-17-aproximaciones.jpg 2048w\" sizes=\"auto, (max-width: 300px) 100vw, 300px\" \/><\/a>\n\t\t\t<\/div><\/figure>\n\t\t<\/div>\n\n<p>&nbsp;<\/p>\n<h4>Presentaci\u00f3n del libro Ella entr\u00f3 por la ventana del ba\u00f1o<\/h4>\n<div id='gallery-22' class='gallery galleryid-8528 gallery-columns-3 gallery-size-medium'><figure class='gallery-item'>\n\t\t\t<div class='gallery-icon landscape'>\n\t\t\t\t<a href='https:\/\/www.uv.mx\/filu\/files\/2022\/11\/Presentacion-libro-Ella-entro-por-la-ventana-Elmer.jpg'><img loading=\"lazy\" decoding=\"async\" width=\"300\" height=\"200\" src=\"https:\/\/www.uv.mx\/filu\/files\/2022\/11\/Presentacion-libro-Ella-entro-por-la-ventana-Elmer-300x200.jpg\" class=\"attachment-medium size-medium\" alt=\"\" srcset=\"https:\/\/www.uv.mx\/filu\/files\/2022\/11\/Presentacion-libro-Ella-entro-por-la-ventana-Elmer-300x200.jpg 300w, https:\/\/www.uv.mx\/filu\/files\/2022\/11\/Presentacion-libro-Ella-entro-por-la-ventana-Elmer.jpg 593w\" sizes=\"auto, (max-width: 300px) 100vw, 300px\" \/><\/a>\n\t\t\t<\/div><\/figure><figure class='gallery-item'>\n\t\t\t<div class='gallery-icon landscape'>\n\t\t\t\t<a href='https:\/\/www.uv.mx\/filu\/files\/2022\/11\/Presentacion-libro-Ella-entro-por-la-ventana-Parra.jpg'><img loading=\"lazy\" decoding=\"async\" width=\"300\" height=\"200\" src=\"https:\/\/www.uv.mx\/filu\/files\/2022\/11\/Presentacion-libro-Ella-entro-por-la-ventana-Parra-300x200.jpg\" class=\"attachment-medium size-medium\" alt=\"\" srcset=\"https:\/\/www.uv.mx\/filu\/files\/2022\/11\/Presentacion-libro-Ella-entro-por-la-ventana-Parra-300x200.jpg 300w, https:\/\/www.uv.mx\/filu\/files\/2022\/11\/Presentacion-libro-Ella-entro-por-la-ventana-Parra.jpg 593w\" sizes=\"auto, (max-width: 300px) 100vw, 300px\" \/><\/a>\n\t\t\t<\/div><\/figure><figure class='gallery-item'>\n\t\t\t<div class='gallery-icon landscape'>\n\t\t\t\t<a href='https:\/\/www.uv.mx\/filu\/files\/2022\/11\/Presentacion-libro-Ella-entro-por-la-ventana.jpg'><img loading=\"lazy\" decoding=\"async\" width=\"300\" height=\"200\" src=\"https:\/\/www.uv.mx\/filu\/files\/2022\/11\/Presentacion-libro-Ella-entro-por-la-ventana-300x200.jpg\" class=\"attachment-medium size-medium\" alt=\"\" srcset=\"https:\/\/www.uv.mx\/filu\/files\/2022\/11\/Presentacion-libro-Ella-entro-por-la-ventana-300x200.jpg 300w, https:\/\/www.uv.mx\/filu\/files\/2022\/11\/Presentacion-libro-Ella-entro-por-la-ventana.jpg 593w\" sizes=\"auto, (max-width: 300px) 100vw, 300px\" \/><\/a>\n\t\t\t<\/div><\/figure><figure class='gallery-item'>\n\t\t\t<div class='gallery-icon landscape'>\n\t\t\t\t<a href='https:\/\/www.uv.mx\/filu\/files\/2022\/11\/Presentacion-libro-Ella-entro-por-la-ventana-Firmas.jpg'><img loading=\"lazy\" decoding=\"async\" width=\"300\" height=\"200\" src=\"https:\/\/www.uv.mx\/filu\/files\/2022\/11\/Presentacion-libro-Ella-entro-por-la-ventana-Firmas-300x200.jpg\" class=\"attachment-medium size-medium\" alt=\"\" srcset=\"https:\/\/www.uv.mx\/filu\/files\/2022\/11\/Presentacion-libro-Ella-entro-por-la-ventana-Firmas-300x200.jpg 300w, https:\/\/www.uv.mx\/filu\/files\/2022\/11\/Presentacion-libro-Ella-entro-por-la-ventana-Firmas-1024x683.jpg 1024w, https:\/\/www.uv.mx\/filu\/files\/2022\/11\/Presentacion-libro-Ella-entro-por-la-ventana-Firmas-768x512.jpg 768w, https:\/\/www.uv.mx\/filu\/files\/2022\/11\/Presentacion-libro-Ella-entro-por-la-ventana-Firmas.jpg 1500w\" sizes=\"auto, (max-width: 300px) 100vw, 300px\" \/><\/a>\n\t\t\t<\/div><\/figure><figure class='gallery-item'>\n\t\t\t<div class='gallery-icon landscape'>\n\t\t\t\t<a href='https:\/\/www.uv.mx\/filu\/files\/2022\/11\/Presentacion-libro-Ella-entro-por-la-ventana-participantes.jpg'><img loading=\"lazy\" decoding=\"async\" width=\"300\" height=\"200\" src=\"https:\/\/www.uv.mx\/filu\/files\/2022\/11\/Presentacion-libro-Ella-entro-por-la-ventana-participantes-300x200.jpg\" class=\"attachment-medium size-medium\" alt=\"\" srcset=\"https:\/\/www.uv.mx\/filu\/files\/2022\/11\/Presentacion-libro-Ella-entro-por-la-ventana-participantes-300x200.jpg 300w, https:\/\/www.uv.mx\/filu\/files\/2022\/11\/Presentacion-libro-Ella-entro-por-la-ventana-participantes-1024x683.jpg 1024w, https:\/\/www.uv.mx\/filu\/files\/2022\/11\/Presentacion-libro-Ella-entro-por-la-ventana-participantes-768x512.jpg 768w, https:\/\/www.uv.mx\/filu\/files\/2022\/11\/Presentacion-libro-Ella-entro-por-la-ventana-participantes.jpg 1500w\" sizes=\"auto, (max-width: 300px) 100vw, 300px\" \/><\/a>\n\t\t\t<\/div><\/figure>\n\t\t<\/div>\n\n<p>&nbsp;<\/p>\n<h4>Presentaci\u00f3n del libro Tinta para la memoria<\/h4>\n<p><div id='gallery-23' class='gallery galleryid-8528 gallery-columns-3 gallery-size-medium'><figure class='gallery-item'>\n\t\t\t<div class='gallery-icon landscape'>\n\t\t\t\t<a href='https:\/\/www.uv.mx\/filu\/files\/2022\/11\/Portada-libro-Memoria-contra-el-olvido.jpg'><img loading=\"lazy\" decoding=\"async\" width=\"300\" height=\"200\" src=\"https:\/\/www.uv.mx\/filu\/files\/2022\/11\/Portada-libro-Memoria-contra-el-olvido-300x200.jpg\" class=\"attachment-medium size-medium\" alt=\"\" srcset=\"https:\/\/www.uv.mx\/filu\/files\/2022\/11\/Portada-libro-Memoria-contra-el-olvido-300x200.jpg 300w, https:\/\/www.uv.mx\/filu\/files\/2022\/11\/Portada-libro-Memoria-contra-el-olvido-1024x683.jpg 1024w, https:\/\/www.uv.mx\/filu\/files\/2022\/11\/Portada-libro-Memoria-contra-el-olvido-768x512.jpg 768w, https:\/\/www.uv.mx\/filu\/files\/2022\/11\/Portada-libro-Memoria-contra-el-olvido-1536x1024.jpg 1536w, https:\/\/www.uv.mx\/filu\/files\/2022\/11\/Portada-libro-Memoria-contra-el-olvido.jpg 2048w\" sizes=\"auto, (max-width: 300px) 100vw, 300px\" \/><\/a>\n\t\t\t<\/div><\/figure><figure class='gallery-item'>\n\t\t\t<div class='gallery-icon landscape'>\n\t\t\t\t<a href='https:\/\/www.uv.mx\/filu\/files\/2022\/11\/Presentacion-libro-Memoria-contra-el-olvido.jpg'><img loading=\"lazy\" decoding=\"async\" width=\"300\" height=\"200\" src=\"https:\/\/www.uv.mx\/filu\/files\/2022\/11\/Presentacion-libro-Memoria-contra-el-olvido-300x200.jpg\" class=\"attachment-medium size-medium\" alt=\"\" srcset=\"https:\/\/www.uv.mx\/filu\/files\/2022\/11\/Presentacion-libro-Memoria-contra-el-olvido-300x200.jpg 300w, https:\/\/www.uv.mx\/filu\/files\/2022\/11\/Presentacion-libro-Memoria-contra-el-olvido-1024x683.jpg 1024w, https:\/\/www.uv.mx\/filu\/files\/2022\/11\/Presentacion-libro-Memoria-contra-el-olvido-768x512.jpg 768w, https:\/\/www.uv.mx\/filu\/files\/2022\/11\/Presentacion-libro-Memoria-contra-el-olvido-1536x1024.jpg 1536w, https:\/\/www.uv.mx\/filu\/files\/2022\/11\/Presentacion-libro-Memoria-contra-el-olvido.jpg 2048w\" sizes=\"auto, (max-width: 300px) 100vw, 300px\" \/><\/a>\n\t\t\t<\/div><\/figure><figure class='gallery-item'>\n\t\t\t<div class='gallery-icon landscape'>\n\t\t\t\t<a href='https:\/\/www.uv.mx\/filu\/files\/2022\/11\/Presentacion-libro-Memoria-contra-el-olvido-2.jpg'><img loading=\"lazy\" decoding=\"async\" width=\"300\" height=\"200\" src=\"https:\/\/www.uv.mx\/filu\/files\/2022\/11\/Presentacion-libro-Memoria-contra-el-olvido-2-300x200.jpg\" class=\"attachment-medium size-medium\" alt=\"\" srcset=\"https:\/\/www.uv.mx\/filu\/files\/2022\/11\/Presentacion-libro-Memoria-contra-el-olvido-2-300x200.jpg 300w, https:\/\/www.uv.mx\/filu\/files\/2022\/11\/Presentacion-libro-Memoria-contra-el-olvido-2-1024x683.jpg 1024w, https:\/\/www.uv.mx\/filu\/files\/2022\/11\/Presentacion-libro-Memoria-contra-el-olvido-2-768x512.jpg 768w, https:\/\/www.uv.mx\/filu\/files\/2022\/11\/Presentacion-libro-Memoria-contra-el-olvido-2-1536x1024.jpg 1536w, https:\/\/www.uv.mx\/filu\/files\/2022\/11\/Presentacion-libro-Memoria-contra-el-olvido-2.jpg 2048w\" sizes=\"auto, (max-width: 300px) 100vw, 300px\" \/><\/a>\n\t\t\t<\/div><\/figure><figure class='gallery-item'>\n\t\t\t<div class='gallery-icon landscape'>\n\t\t\t\t<a href='https:\/\/www.uv.mx\/filu\/files\/2022\/11\/Presentacion-libro-Memoria-contra-el-olvido-3.jpg'><img loading=\"lazy\" decoding=\"async\" width=\"300\" height=\"200\" src=\"https:\/\/www.uv.mx\/filu\/files\/2022\/11\/Presentacion-libro-Memoria-contra-el-olvido-3-300x200.jpg\" class=\"attachment-medium size-medium\" alt=\"\" srcset=\"https:\/\/www.uv.mx\/filu\/files\/2022\/11\/Presentacion-libro-Memoria-contra-el-olvido-3-300x200.jpg 300w, https:\/\/www.uv.mx\/filu\/files\/2022\/11\/Presentacion-libro-Memoria-contra-el-olvido-3-1024x683.jpg 1024w, https:\/\/www.uv.mx\/filu\/files\/2022\/11\/Presentacion-libro-Memoria-contra-el-olvido-3-768x512.jpg 768w, https:\/\/www.uv.mx\/filu\/files\/2022\/11\/Presentacion-libro-Memoria-contra-el-olvido-3-1536x1024.jpg 1536w, https:\/\/www.uv.mx\/filu\/files\/2022\/11\/Presentacion-libro-Memoria-contra-el-olvido-3.jpg 2048w\" sizes=\"auto, (max-width: 300px) 100vw, 300px\" \/><\/a>\n\t\t\t<\/div><\/figure><figure class='gallery-item'>\n\t\t\t<div class='gallery-icon landscape'>\n\t\t\t\t<a href='https:\/\/www.uv.mx\/filu\/files\/2022\/11\/Presentacion-libro-Memoria-contra-el-olvido-1.jpg'><img loading=\"lazy\" decoding=\"async\" width=\"300\" height=\"200\" src=\"https:\/\/www.uv.mx\/filu\/files\/2022\/11\/Presentacion-libro-Memoria-contra-el-olvido-1-300x200.jpg\" class=\"attachment-medium size-medium\" alt=\"\" srcset=\"https:\/\/www.uv.mx\/filu\/files\/2022\/11\/Presentacion-libro-Memoria-contra-el-olvido-1-300x200.jpg 300w, https:\/\/www.uv.mx\/filu\/files\/2022\/11\/Presentacion-libro-Memoria-contra-el-olvido-1-1024x683.jpg 1024w, https:\/\/www.uv.mx\/filu\/files\/2022\/11\/Presentacion-libro-Memoria-contra-el-olvido-1-768x512.jpg 768w, https:\/\/www.uv.mx\/filu\/files\/2022\/11\/Presentacion-libro-Memoria-contra-el-olvido-1-1536x1024.jpg 1536w, https:\/\/www.uv.mx\/filu\/files\/2022\/11\/Presentacion-libro-Memoria-contra-el-olvido-1.jpg 2048w\" sizes=\"auto, (max-width: 300px) 100vw, 300px\" \/><\/a>\n\t\t\t<\/div><\/figure>\n\t\t<\/div>\n<br \/>\n&nbsp;<\/p>\n<h4>Mesa: 65 a\u00f1os de la Editorial de la Universidad Veracruzana<\/h4>\n<p> <div id='gallery-24' class='gallery galleryid-8528 gallery-columns-3 gallery-size-medium'><figure class='gallery-item'>\n\t\t\t<div class='gallery-icon landscape'>\n\t\t\t\t<a href='https:\/\/www.uv.mx\/filu\/files\/2022\/11\/Mesa-65-anos-de-la-Editorial-UV-2.jpg'><img loading=\"lazy\" decoding=\"async\" width=\"300\" height=\"200\" src=\"https:\/\/www.uv.mx\/filu\/files\/2022\/11\/Mesa-65-anos-de-la-Editorial-UV-2-300x200.jpg\" class=\"attachment-medium size-medium\" alt=\"\" srcset=\"https:\/\/www.uv.mx\/filu\/files\/2022\/11\/Mesa-65-anos-de-la-Editorial-UV-2-300x200.jpg 300w, https:\/\/www.uv.mx\/filu\/files\/2022\/11\/Mesa-65-anos-de-la-Editorial-UV-2-1024x683.jpg 1024w, https:\/\/www.uv.mx\/filu\/files\/2022\/11\/Mesa-65-anos-de-la-Editorial-UV-2-768x512.jpg 768w, https:\/\/www.uv.mx\/filu\/files\/2022\/11\/Mesa-65-anos-de-la-Editorial-UV-2.jpg 1500w\" sizes=\"auto, (max-width: 300px) 100vw, 300px\" \/><\/a>\n\t\t\t<\/div><\/figure><figure class='gallery-item'>\n\t\t\t<div class='gallery-icon landscape'>\n\t\t\t\t<a href='https:\/\/www.uv.mx\/filu\/files\/2022\/11\/Mesa-65-anos-de-la-Editorial-UV.jpg'><img loading=\"lazy\" decoding=\"async\" width=\"300\" height=\"200\" src=\"https:\/\/www.uv.mx\/filu\/files\/2022\/11\/Mesa-65-anos-de-la-Editorial-UV-300x200.jpg\" class=\"attachment-medium size-medium\" alt=\"\" srcset=\"https:\/\/www.uv.mx\/filu\/files\/2022\/11\/Mesa-65-anos-de-la-Editorial-UV-300x200.jpg 300w, https:\/\/www.uv.mx\/filu\/files\/2022\/11\/Mesa-65-anos-de-la-Editorial-UV.jpg 593w\" sizes=\"auto, (max-width: 300px) 100vw, 300px\" \/><\/a>\n\t\t\t<\/div><\/figure><figure class='gallery-item'>\n\t\t\t<div class='gallery-icon landscape'>\n\t\t\t\t<a href='https:\/\/www.uv.mx\/filu\/files\/2022\/11\/Mesa-65-anos-de-la-Editorial-UV-Agustin-del-Moral.jpg'><img loading=\"lazy\" decoding=\"async\" width=\"300\" height=\"200\" src=\"https:\/\/www.uv.mx\/filu\/files\/2022\/11\/Mesa-65-anos-de-la-Editorial-UV-Agustin-del-Moral-300x200.jpg\" class=\"attachment-medium size-medium\" alt=\"\" srcset=\"https:\/\/www.uv.mx\/filu\/files\/2022\/11\/Mesa-65-anos-de-la-Editorial-UV-Agustin-del-Moral-300x200.jpg 300w, https:\/\/www.uv.mx\/filu\/files\/2022\/11\/Mesa-65-anos-de-la-Editorial-UV-Agustin-del-Moral-1024x683.jpg 1024w, https:\/\/www.uv.mx\/filu\/files\/2022\/11\/Mesa-65-anos-de-la-Editorial-UV-Agustin-del-Moral-768x512.jpg 768w, https:\/\/www.uv.mx\/filu\/files\/2022\/11\/Mesa-65-anos-de-la-Editorial-UV-Agustin-del-Moral.jpg 1500w\" sizes=\"auto, (max-width: 300px) 100vw, 300px\" \/><\/a>\n\t\t\t<\/div><\/figure><figure class='gallery-item'>\n\t\t\t<div class='gallery-icon landscape'>\n\t\t\t\t<a href='https:\/\/www.uv.mx\/filu\/files\/2022\/11\/Mesa-65-anos-de-la-Editorial-UV-Celia-del-Palacio.jpg'><img loading=\"lazy\" decoding=\"async\" width=\"300\" height=\"200\" src=\"https:\/\/www.uv.mx\/filu\/files\/2022\/11\/Mesa-65-anos-de-la-Editorial-UV-Celia-del-Palacio-300x200.jpg\" class=\"attachment-medium size-medium\" alt=\"\" srcset=\"https:\/\/www.uv.mx\/filu\/files\/2022\/11\/Mesa-65-anos-de-la-Editorial-UV-Celia-del-Palacio-300x200.jpg 300w, https:\/\/www.uv.mx\/filu\/files\/2022\/11\/Mesa-65-anos-de-la-Editorial-UV-Celia-del-Palacio.jpg 593w\" sizes=\"auto, (max-width: 300px) 100vw, 300px\" \/><\/a>\n\t\t\t<\/div><\/figure><figure class='gallery-item'>\n\t\t\t<div class='gallery-icon landscape'>\n\t\t\t\t<a href='https:\/\/www.uv.mx\/filu\/files\/2022\/11\/Mesa-65-anos-de-la-Editorial-UV-Joaquin-Diez-Canedo.jpg'><img loading=\"lazy\" decoding=\"async\" width=\"300\" height=\"200\" src=\"https:\/\/www.uv.mx\/filu\/files\/2022\/11\/Mesa-65-anos-de-la-Editorial-UV-Joaquin-Diez-Canedo-300x200.jpg\" class=\"attachment-medium size-medium\" alt=\"\" srcset=\"https:\/\/www.uv.mx\/filu\/files\/2022\/11\/Mesa-65-anos-de-la-Editorial-UV-Joaquin-Diez-Canedo-300x200.jpg 300w, https:\/\/www.uv.mx\/filu\/files\/2022\/11\/Mesa-65-anos-de-la-Editorial-UV-Joaquin-Diez-Canedo-1024x683.jpg 1024w, https:\/\/www.uv.mx\/filu\/files\/2022\/11\/Mesa-65-anos-de-la-Editorial-UV-Joaquin-Diez-Canedo-768x512.jpg 768w, https:\/\/www.uv.mx\/filu\/files\/2022\/11\/Mesa-65-anos-de-la-Editorial-UV-Joaquin-Diez-Canedo.jpg 1500w\" sizes=\"auto, (max-width: 300px) 100vw, 300px\" \/><\/a>\n\t\t\t<\/div><\/figure><figure class='gallery-item'>\n\t\t\t<div class='gallery-icon landscape'>\n\t\t\t\t<a href='https:\/\/www.uv.mx\/filu\/files\/2022\/11\/Mesa-65-anos-de-la-Editorial-UV-Mario-Munoz.jpg'><img loading=\"lazy\" decoding=\"async\" width=\"300\" height=\"200\" src=\"https:\/\/www.uv.mx\/filu\/files\/2022\/11\/Mesa-65-anos-de-la-Editorial-UV-Mario-Munoz-300x200.jpg\" class=\"attachment-medium size-medium\" alt=\"\" srcset=\"https:\/\/www.uv.mx\/filu\/files\/2022\/11\/Mesa-65-anos-de-la-Editorial-UV-Mario-Munoz-300x200.jpg 300w, https:\/\/www.uv.mx\/filu\/files\/2022\/11\/Mesa-65-anos-de-la-Editorial-UV-Mario-Munoz.jpg 593w\" sizes=\"auto, (max-width: 300px) 100vw, 300px\" \/><\/a>\n\t\t\t<\/div><\/figure>\n\t\t<\/div>\n<br \/>\n&nbsp;<\/p>\n<h4>Presentaci\u00f3n del libro Los muertos y el periodista<\/h4>\n<p> <div id='gallery-25' class='gallery galleryid-8528 gallery-columns-3 gallery-size-medium'><figure class='gallery-item'>\n\t\t\t<div class='gallery-icon landscape'>\n\t\t\t\t<a href='https:\/\/www.uv.mx\/filu\/files\/2022\/11\/Los-muertos-y-el-periodista-1.jpg'><img loading=\"lazy\" decoding=\"async\" width=\"300\" height=\"200\" src=\"https:\/\/www.uv.mx\/filu\/files\/2022\/11\/Los-muertos-y-el-periodista-1-300x200.jpg\" class=\"attachment-medium size-medium\" alt=\"\" srcset=\"https:\/\/www.uv.mx\/filu\/files\/2022\/11\/Los-muertos-y-el-periodista-1-300x200.jpg 300w, https:\/\/www.uv.mx\/filu\/files\/2022\/11\/Los-muertos-y-el-periodista-1-1024x683.jpg 1024w, https:\/\/www.uv.mx\/filu\/files\/2022\/11\/Los-muertos-y-el-periodista-1-768x512.jpg 768w, https:\/\/www.uv.mx\/filu\/files\/2022\/11\/Los-muertos-y-el-periodista-1-1536x1024.jpg 1536w, https:\/\/www.uv.mx\/filu\/files\/2022\/11\/Los-muertos-y-el-periodista-1.jpg 2048w\" sizes=\"auto, (max-width: 300px) 100vw, 300px\" \/><\/a>\n\t\t\t<\/div><\/figure><figure class='gallery-item'>\n\t\t\t<div class='gallery-icon landscape'>\n\t\t\t\t<a href='https:\/\/www.uv.mx\/filu\/files\/2022\/11\/Los-muertos-y-el-periodista.jpg'><img loading=\"lazy\" decoding=\"async\" width=\"300\" height=\"200\" src=\"https:\/\/www.uv.mx\/filu\/files\/2022\/11\/Los-muertos-y-el-periodista-300x200.jpg\" class=\"attachment-medium size-medium\" alt=\"\" srcset=\"https:\/\/www.uv.mx\/filu\/files\/2022\/11\/Los-muertos-y-el-periodista-300x200.jpg 300w, https:\/\/www.uv.mx\/filu\/files\/2022\/11\/Los-muertos-y-el-periodista.jpg 593w\" sizes=\"auto, (max-width: 300px) 100vw, 300px\" \/><\/a>\n\t\t\t<\/div><\/figure>\n\t\t<\/div>\n<br \/>\n&nbsp;<\/p>\n<h4>Presentaci\u00f3n de los libros Hipocondr\u00eda moral, y Las cosas como son y otras fantas\u00edas<\/h4>\n<p><div id='gallery-26' class='gallery galleryid-8528 gallery-columns-3 gallery-size-medium'><figure class='gallery-item'>\n\t\t\t<div class='gallery-icon landscape'>\n\t\t\t\t<a href='https:\/\/www.uv.mx\/filu\/files\/2022\/11\/Las-cosas-como-son-y-otras-fantasias-Pau-Luque.jpg'><img loading=\"lazy\" decoding=\"async\" width=\"300\" height=\"200\" src=\"https:\/\/www.uv.mx\/filu\/files\/2022\/11\/Las-cosas-como-son-y-otras-fantasias-Pau-Luque-300x200.jpg\" class=\"attachment-medium size-medium\" alt=\"\" srcset=\"https:\/\/www.uv.mx\/filu\/files\/2022\/11\/Las-cosas-como-son-y-otras-fantasias-Pau-Luque-300x200.jpg 300w, https:\/\/www.uv.mx\/filu\/files\/2022\/11\/Las-cosas-como-son-y-otras-fantasias-Pau-Luque-1024x683.jpg 1024w, https:\/\/www.uv.mx\/filu\/files\/2022\/11\/Las-cosas-como-son-y-otras-fantasias-Pau-Luque-768x512.jpg 768w, https:\/\/www.uv.mx\/filu\/files\/2022\/11\/Las-cosas-como-son-y-otras-fantasias-Pau-Luque-1536x1024.jpg 1536w, https:\/\/www.uv.mx\/filu\/files\/2022\/11\/Las-cosas-como-son-y-otras-fantasias-Pau-Luque.jpg 2048w\" sizes=\"auto, (max-width: 300px) 100vw, 300px\" \/><\/a>\n\t\t\t<\/div><\/figure><figure class='gallery-item'>\n\t\t\t<div class='gallery-icon landscape'>\n\t\t\t\t<a href='https:\/\/www.uv.mx\/filu\/files\/2022\/11\/100922-Presentacion-libro-Hipocondria-Moral-Natalia-Carrillo.jpg'><img loading=\"lazy\" decoding=\"async\" width=\"300\" height=\"192\" src=\"https:\/\/www.uv.mx\/filu\/files\/2022\/11\/100922-Presentacion-libro-Hipocondria-Moral-Natalia-Carrillo-300x192.jpg\" class=\"attachment-medium size-medium\" alt=\"\" srcset=\"https:\/\/www.uv.mx\/filu\/files\/2022\/11\/100922-Presentacion-libro-Hipocondria-Moral-Natalia-Carrillo-300x192.jpg 300w, https:\/\/www.uv.mx\/filu\/files\/2022\/11\/100922-Presentacion-libro-Hipocondria-Moral-Natalia-Carrillo.jpg 600w\" sizes=\"auto, (max-width: 300px) 100vw, 300px\" \/><\/a>\n\t\t\t<\/div><\/figure>\n\t\t<\/div>\n<br \/>\n&nbsp;<\/p>\n<h4>Presentaci\u00f3n del libro Canci\u00f3n de antiguos amantes<\/h4>\n<p><div id='gallery-27' class='gallery galleryid-8528 gallery-columns-3 gallery-size-medium'><figure class='gallery-item'>\n\t\t\t<div class='gallery-icon landscape'>\n\t\t\t\t<a href='https:\/\/www.uv.mx\/filu\/files\/2022\/11\/10_libro-laura-restrepo.jpg'><img loading=\"lazy\" decoding=\"async\" width=\"300\" height=\"200\" src=\"https:\/\/www.uv.mx\/filu\/files\/2022\/11\/10_libro-laura-restrepo-300x200.jpg\" class=\"attachment-medium size-medium\" alt=\"\" srcset=\"https:\/\/www.uv.mx\/filu\/files\/2022\/11\/10_libro-laura-restrepo-300x200.jpg 300w, https:\/\/www.uv.mx\/filu\/files\/2022\/11\/10_libro-laura-restrepo-1024x683.jpg 1024w, https:\/\/www.uv.mx\/filu\/files\/2022\/11\/10_libro-laura-restrepo-768x512.jpg 768w, https:\/\/www.uv.mx\/filu\/files\/2022\/11\/10_libro-laura-restrepo.jpg 1500w\" sizes=\"auto, (max-width: 300px) 100vw, 300px\" \/><\/a>\n\t\t\t<\/div><\/figure><figure class='gallery-item'>\n\t\t\t<div class='gallery-icon landscape'>\n\t\t\t\t<a href='https:\/\/www.uv.mx\/filu\/files\/2022\/11\/10_libro-laura-restrepo_2.jpg'><img loading=\"lazy\" decoding=\"async\" width=\"300\" height=\"200\" src=\"https:\/\/www.uv.mx\/filu\/files\/2022\/11\/10_libro-laura-restrepo_2-300x200.jpg\" class=\"attachment-medium size-medium\" alt=\"\" srcset=\"https:\/\/www.uv.mx\/filu\/files\/2022\/11\/10_libro-laura-restrepo_2-300x200.jpg 300w, https:\/\/www.uv.mx\/filu\/files\/2022\/11\/10_libro-laura-restrepo_2-1024x683.jpg 1024w, https:\/\/www.uv.mx\/filu\/files\/2022\/11\/10_libro-laura-restrepo_2-768x512.jpg 768w, https:\/\/www.uv.mx\/filu\/files\/2022\/11\/10_libro-laura-restrepo_2.jpg 1500w\" sizes=\"auto, (max-width: 300px) 100vw, 300px\" \/><\/a>\n\t\t\t<\/div><\/figure><figure class='gallery-item'>\n\t\t\t<div class='gallery-icon landscape'>\n\t\t\t\t<a href='https:\/\/www.uv.mx\/filu\/files\/2022\/11\/10_libro-laura-restrepo_7.jpg'><img loading=\"lazy\" decoding=\"async\" width=\"300\" height=\"200\" src=\"https:\/\/www.uv.mx\/filu\/files\/2022\/11\/10_libro-laura-restrepo_7-300x200.jpg\" class=\"attachment-medium size-medium\" alt=\"\" srcset=\"https:\/\/www.uv.mx\/filu\/files\/2022\/11\/10_libro-laura-restrepo_7-300x200.jpg 300w, https:\/\/www.uv.mx\/filu\/files\/2022\/11\/10_libro-laura-restrepo_7-1024x683.jpg 1024w, https:\/\/www.uv.mx\/filu\/files\/2022\/11\/10_libro-laura-restrepo_7-768x512.jpg 768w, https:\/\/www.uv.mx\/filu\/files\/2022\/11\/10_libro-laura-restrepo_7.jpg 1500w\" sizes=\"auto, (max-width: 300px) 100vw, 300px\" \/><\/a>\n\t\t\t<\/div><\/figure><figure class='gallery-item'>\n\t\t\t<div class='gallery-icon landscape'>\n\t\t\t\t<a href='https:\/\/www.uv.mx\/filu\/files\/2022\/11\/10_libro-laura-restrepo_10.jpg'><img loading=\"lazy\" decoding=\"async\" width=\"300\" height=\"200\" src=\"https:\/\/www.uv.mx\/filu\/files\/2022\/11\/10_libro-laura-restrepo_10-300x200.jpg\" class=\"attachment-medium size-medium\" alt=\"\" srcset=\"https:\/\/www.uv.mx\/filu\/files\/2022\/11\/10_libro-laura-restrepo_10-300x200.jpg 300w, https:\/\/www.uv.mx\/filu\/files\/2022\/11\/10_libro-laura-restrepo_10-1024x683.jpg 1024w, https:\/\/www.uv.mx\/filu\/files\/2022\/11\/10_libro-laura-restrepo_10-768x512.jpg 768w, https:\/\/www.uv.mx\/filu\/files\/2022\/11\/10_libro-laura-restrepo_10.jpg 1500w\" sizes=\"auto, (max-width: 300px) 100vw, 300px\" \/><\/a>\n\t\t\t<\/div><\/figure>\n\t\t<\/div>\n<br \/>\n&nbsp;<\/p>\n<h4>Presentaci\u00f3n del libro Los ni\u00f1os del agua<\/h4>\n<p><div id='gallery-28' class='gallery galleryid-8528 gallery-columns-3 gallery-size-medium'><figure class='gallery-item'>\n\t\t\t<div class='gallery-icon landscape'>\n\t\t\t\t<a href='https:\/\/www.uv.mx\/filu\/files\/2022\/11\/10_libro-los-ninos-del-agua.jpg'><img loading=\"lazy\" decoding=\"async\" width=\"300\" height=\"200\" src=\"https:\/\/www.uv.mx\/filu\/files\/2022\/11\/10_libro-los-ninos-del-agua-300x200.jpg\" class=\"attachment-medium size-medium\" alt=\"\" srcset=\"https:\/\/www.uv.mx\/filu\/files\/2022\/11\/10_libro-los-ninos-del-agua-300x200.jpg 300w, https:\/\/www.uv.mx\/filu\/files\/2022\/11\/10_libro-los-ninos-del-agua-1024x683.jpg 1024w, https:\/\/www.uv.mx\/filu\/files\/2022\/11\/10_libro-los-ninos-del-agua-768x512.jpg 768w, https:\/\/www.uv.mx\/filu\/files\/2022\/11\/10_libro-los-ninos-del-agua.jpg 1500w\" sizes=\"auto, (max-width: 300px) 100vw, 300px\" \/><\/a>\n\t\t\t<\/div><\/figure><figure class='gallery-item'>\n\t\t\t<div class='gallery-icon landscape'>\n\t\t\t\t<a href='https:\/\/www.uv.mx\/filu\/files\/2022\/11\/10_libro-los-ninos-del-agua_1.jpg'><img loading=\"lazy\" decoding=\"async\" width=\"300\" height=\"200\" src=\"https:\/\/www.uv.mx\/filu\/files\/2022\/11\/10_libro-los-ninos-del-agua_1-300x200.jpg\" class=\"attachment-medium size-medium\" alt=\"\" srcset=\"https:\/\/www.uv.mx\/filu\/files\/2022\/11\/10_libro-los-ninos-del-agua_1-300x200.jpg 300w, https:\/\/www.uv.mx\/filu\/files\/2022\/11\/10_libro-los-ninos-del-agua_1-1024x683.jpg 1024w, https:\/\/www.uv.mx\/filu\/files\/2022\/11\/10_libro-los-ninos-del-agua_1-768x512.jpg 768w, https:\/\/www.uv.mx\/filu\/files\/2022\/11\/10_libro-los-ninos-del-agua_1.jpg 1500w\" sizes=\"auto, (max-width: 300px) 100vw, 300px\" \/><\/a>\n\t\t\t<\/div><\/figure><figure class='gallery-item'>\n\t\t\t<div class='gallery-icon landscape'>\n\t\t\t\t<a href='https:\/\/www.uv.mx\/filu\/files\/2022\/11\/10_libro-los-ninos-del-agua_2.jpg'><img loading=\"lazy\" decoding=\"async\" width=\"300\" height=\"200\" src=\"https:\/\/www.uv.mx\/filu\/files\/2022\/11\/10_libro-los-ninos-del-agua_2-300x200.jpg\" class=\"attachment-medium size-medium\" alt=\"\" srcset=\"https:\/\/www.uv.mx\/filu\/files\/2022\/11\/10_libro-los-ninos-del-agua_2-300x200.jpg 300w, https:\/\/www.uv.mx\/filu\/files\/2022\/11\/10_libro-los-ninos-del-agua_2-1024x683.jpg 1024w, https:\/\/www.uv.mx\/filu\/files\/2022\/11\/10_libro-los-ninos-del-agua_2-768x512.jpg 768w, https:\/\/www.uv.mx\/filu\/files\/2022\/11\/10_libro-los-ninos-del-agua_2.jpg 1500w\" sizes=\"auto, (max-width: 300px) 100vw, 300px\" \/><\/a>\n\t\t\t<\/div><\/figure><figure class='gallery-item'>\n\t\t\t<div class='gallery-icon landscape'>\n\t\t\t\t<a href='https:\/\/www.uv.mx\/filu\/files\/2022\/11\/10_libro-los-ninos-del-agua_3.jpg'><img loading=\"lazy\" decoding=\"async\" width=\"300\" height=\"200\" src=\"https:\/\/www.uv.mx\/filu\/files\/2022\/11\/10_libro-los-ninos-del-agua_3-300x200.jpg\" class=\"attachment-medium size-medium\" alt=\"\" srcset=\"https:\/\/www.uv.mx\/filu\/files\/2022\/11\/10_libro-los-ninos-del-agua_3-300x200.jpg 300w, https:\/\/www.uv.mx\/filu\/files\/2022\/11\/10_libro-los-ninos-del-agua_3-1024x683.jpg 1024w, https:\/\/www.uv.mx\/filu\/files\/2022\/11\/10_libro-los-ninos-del-agua_3-768x512.jpg 768w, https:\/\/www.uv.mx\/filu\/files\/2022\/11\/10_libro-los-ninos-del-agua_3.jpg 1500w\" sizes=\"auto, (max-width: 300px) 100vw, 300px\" \/><\/a>\n\t\t\t<\/div><\/figure>\n\t\t<\/div>\n<br \/>\n&nbsp;<\/p>\n<h4>Homenaje a Francisco Haghenbeck<\/h4>\n<p> <div id='gallery-29' class='gallery galleryid-8528 gallery-columns-3 gallery-size-medium'><figure class='gallery-item'>\n\t\t\t<div class='gallery-icon landscape'>\n\t\t\t\t<a href='https:\/\/www.uv.mx\/filu\/files\/2022\/11\/Homenaje-a-Francisco-Haghenbeck-1.jpg'><img loading=\"lazy\" decoding=\"async\" width=\"300\" height=\"200\" src=\"https:\/\/www.uv.mx\/filu\/files\/2022\/11\/Homenaje-a-Francisco-Haghenbeck-1-300x200.jpg\" class=\"attachment-medium size-medium\" alt=\"\" srcset=\"https:\/\/www.uv.mx\/filu\/files\/2022\/11\/Homenaje-a-Francisco-Haghenbeck-1-300x200.jpg 300w, https:\/\/www.uv.mx\/filu\/files\/2022\/11\/Homenaje-a-Francisco-Haghenbeck-1-1024x683.jpg 1024w, https:\/\/www.uv.mx\/filu\/files\/2022\/11\/Homenaje-a-Francisco-Haghenbeck-1-768x512.jpg 768w, https:\/\/www.uv.mx\/filu\/files\/2022\/11\/Homenaje-a-Francisco-Haghenbeck-1-1536x1024.jpg 1536w, https:\/\/www.uv.mx\/filu\/files\/2022\/11\/Homenaje-a-Francisco-Haghenbeck-1.jpg 2048w\" sizes=\"auto, (max-width: 300px) 100vw, 300px\" \/><\/a>\n\t\t\t<\/div><\/figure><figure class='gallery-item'>\n\t\t\t<div class='gallery-icon landscape'>\n\t\t\t\t<a href='https:\/\/www.uv.mx\/filu\/files\/2022\/11\/Homenaje-a-Francisco-Haghenbeck-2.jpg'><img loading=\"lazy\" decoding=\"async\" width=\"300\" height=\"200\" src=\"https:\/\/www.uv.mx\/filu\/files\/2022\/11\/Homenaje-a-Francisco-Haghenbeck-2-300x200.jpg\" class=\"attachment-medium size-medium\" alt=\"\" srcset=\"https:\/\/www.uv.mx\/filu\/files\/2022\/11\/Homenaje-a-Francisco-Haghenbeck-2-300x200.jpg 300w, https:\/\/www.uv.mx\/filu\/files\/2022\/11\/Homenaje-a-Francisco-Haghenbeck-2-1024x683.jpg 1024w, https:\/\/www.uv.mx\/filu\/files\/2022\/11\/Homenaje-a-Francisco-Haghenbeck-2-768x512.jpg 768w, https:\/\/www.uv.mx\/filu\/files\/2022\/11\/Homenaje-a-Francisco-Haghenbeck-2-1536x1024.jpg 1536w, https:\/\/www.uv.mx\/filu\/files\/2022\/11\/Homenaje-a-Francisco-Haghenbeck-2.jpg 2048w\" sizes=\"auto, (max-width: 300px) 100vw, 300px\" \/><\/a>\n\t\t\t<\/div><\/figure><figure class='gallery-item'>\n\t\t\t<div class='gallery-icon landscape'>\n\t\t\t\t<a href='https:\/\/www.uv.mx\/filu\/files\/2022\/11\/Homenaje-a-Francisco-Haghenbeck-3.jpg'><img loading=\"lazy\" decoding=\"async\" width=\"300\" height=\"200\" src=\"https:\/\/www.uv.mx\/filu\/files\/2022\/11\/Homenaje-a-Francisco-Haghenbeck-3-300x200.jpg\" class=\"attachment-medium size-medium\" alt=\"\" srcset=\"https:\/\/www.uv.mx\/filu\/files\/2022\/11\/Homenaje-a-Francisco-Haghenbeck-3-300x200.jpg 300w, https:\/\/www.uv.mx\/filu\/files\/2022\/11\/Homenaje-a-Francisco-Haghenbeck-3-1024x683.jpg 1024w, https:\/\/www.uv.mx\/filu\/files\/2022\/11\/Homenaje-a-Francisco-Haghenbeck-3-768x512.jpg 768w, https:\/\/www.uv.mx\/filu\/files\/2022\/11\/Homenaje-a-Francisco-Haghenbeck-3-1536x1024.jpg 1536w, https:\/\/www.uv.mx\/filu\/files\/2022\/11\/Homenaje-a-Francisco-Haghenbeck-3.jpg 2048w\" sizes=\"auto, (max-width: 300px) 100vw, 300px\" \/><\/a>\n\t\t\t<\/div><\/figure><figure class='gallery-item'>\n\t\t\t<div class='gallery-icon landscape'>\n\t\t\t\t<a href='https:\/\/www.uv.mx\/filu\/files\/2022\/11\/Homenaje-a-Francisco-Haghenbeck.jpg'><img loading=\"lazy\" decoding=\"async\" width=\"300\" height=\"197\" src=\"https:\/\/www.uv.mx\/filu\/files\/2022\/11\/Homenaje-a-Francisco-Haghenbeck-300x197.jpg\" class=\"attachment-medium size-medium\" alt=\"\" srcset=\"https:\/\/www.uv.mx\/filu\/files\/2022\/11\/Homenaje-a-Francisco-Haghenbeck-300x197.jpg 300w, https:\/\/www.uv.mx\/filu\/files\/2022\/11\/Homenaje-a-Francisco-Haghenbeck.jpg 601w\" sizes=\"auto, (max-width: 300px) 100vw, 300px\" \/><\/a>\n\t\t\t<\/div><\/figure><figure class='gallery-item'>\n\t\t\t<div class='gallery-icon landscape'>\n\t\t\t\t<a href='https:\/\/www.uv.mx\/filu\/files\/2022\/11\/Los-escritores-Magali-Velasco-y-Elmer-Mendoza.jpg'><img loading=\"lazy\" decoding=\"async\" width=\"300\" height=\"200\" src=\"https:\/\/www.uv.mx\/filu\/files\/2022\/11\/Los-escritores-Magali-Velasco-y-Elmer-Mendoza-300x200.jpg\" class=\"attachment-medium size-medium\" alt=\"\" srcset=\"https:\/\/www.uv.mx\/filu\/files\/2022\/11\/Los-escritores-Magali-Velasco-y-Elmer-Mendoza-300x200.jpg 300w, https:\/\/www.uv.mx\/filu\/files\/2022\/11\/Los-escritores-Magali-Velasco-y-Elmer-Mendoza-1024x683.jpg 1024w, https:\/\/www.uv.mx\/filu\/files\/2022\/11\/Los-escritores-Magali-Velasco-y-Elmer-Mendoza-768x512.jpg 768w, https:\/\/www.uv.mx\/filu\/files\/2022\/11\/Los-escritores-Magali-Velasco-y-Elmer-Mendoza-1536x1024.jpg 1536w, https:\/\/www.uv.mx\/filu\/files\/2022\/11\/Los-escritores-Magali-Velasco-y-Elmer-Mendoza.jpg 2048w\" sizes=\"auto, (max-width: 300px) 100vw, 300px\" \/><\/a>\n\t\t\t<\/div><\/figure>\n\t\t<\/div>\n<br \/>\n&nbsp;<\/p>\n\n","protected":false},"excerpt":{"rendered":"<p>Presentaci\u00f3n del libro Necesidad de m\u00fasica &nbsp; Presentaci\u00f3n del libro Breve historia de nuestro neoliberalismo. Poder y cultura en M\u00e9xico &nbsp; Presentaci\u00f3n del libro Cerezas en Par\u00eds &nbsp; Presentaci\u00f3n del libro Contra el \u00e1ngel &nbsp; Presentaci\u00f3n del libro El atuendo de los libros &nbsp; Presentaci\u00f3n del libro Mi amigo Pechuga &nbsp; Presentaci\u00f3n del libro Carmen [&hellip;]<\/p>\n","protected":false},"author":1795,"featured_media":0,"comment_status":"closed","ping_status":"closed","sticky":false,"template":"","format":"standard","meta":{"footnotes":""},"categories":[27],"tags":[],"class_list":["post-8528","post","type-post","status-publish","format-standard","hentry","category-galeria2022"],"_links":{"self":[{"href":"https:\/\/www.uv.mx\/filu\/wp-json\/wp\/v2\/posts\/8528","targetHints":{"allow":["GET"]}}],"collection":[{"href":"https:\/\/www.uv.mx\/filu\/wp-json\/wp\/v2\/posts"}],"about":[{"href":"https:\/\/www.uv.mx\/filu\/wp-json\/wp\/v2\/types\/post"}],"author":[{"embeddable":true,"href":"https:\/\/www.uv.mx\/filu\/wp-json\/wp\/v2\/users\/1795"}],"replies":[{"embeddable":true,"href":"https:\/\/www.uv.mx\/filu\/wp-json\/wp\/v2\/comments?post=8528"}],"version-history":[{"count":2,"href":"https:\/\/www.uv.mx\/filu\/wp-json\/wp\/v2\/posts\/8528\/revisions"}],"predecessor-version":[{"id":9678,"href":"https:\/\/www.uv.mx\/filu\/wp-json\/wp\/v2\/posts\/8528\/revisions\/9678"}],"wp:attachment":[{"href":"https:\/\/www.uv.mx\/filu\/wp-json\/wp\/v2\/media?parent=8528"}],"wp:term":[{"taxonomy":"category","embeddable":true,"href":"https:\/\/www.uv.mx\/filu\/wp-json\/wp\/v2\/categories?post=8528"},{"taxonomy":"post_tag","embeddable":true,"href":"https:\/\/www.uv.mx\/filu\/wp-json\/wp\/v2\/tags?post=8528"}],"curies":[{"name":"wp","href":"https:\/\/api.w.org\/{rel}","templated":true}]}}