
{"id":8316,"date":"2022-11-07T20:12:48","date_gmt":"2022-11-08T02:12:48","guid":{"rendered":"https:\/\/www.uv.mx\/filu\/?p=8316"},"modified":"2022-12-08T09:42:53","modified_gmt":"2022-12-08T15:42:53","slug":"galeria-08-de-septiembre-2022","status":"publish","type":"post","link":"https:\/\/www.uv.mx\/filu\/galeria2022\/galeria-08-de-septiembre-2022\/","title":{"rendered":"Galer\u00eda 08 de septiembre 2022"},"content":{"rendered":"<h4>VI Foro Estudiantil Intercultural. Espacio de di\u00e1logo Interdisciplinar<\/h4>\n<p><div id='gallery-1' class='gallery galleryid-8316 gallery-columns-3 gallery-size-medium'><figure class='gallery-item'>\n\t\t\t<div class='gallery-icon landscape'>\n\t\t\t\t<a href='https:\/\/www.uv.mx\/filu\/files\/2022\/11\/080922-CARLOS-VI-Foro-estudiantil-intercultural-1.jpg'><img loading=\"lazy\" decoding=\"async\" width=\"300\" height=\"188\" src=\"https:\/\/www.uv.mx\/filu\/files\/2022\/11\/080922-CARLOS-VI-Foro-estudiantil-intercultural-1-300x188.jpg\" class=\"attachment-medium size-medium\" alt=\"\" srcset=\"https:\/\/www.uv.mx\/filu\/files\/2022\/11\/080922-CARLOS-VI-Foro-estudiantil-intercultural-1-300x188.jpg 300w, https:\/\/www.uv.mx\/filu\/files\/2022\/11\/080922-CARLOS-VI-Foro-estudiantil-intercultural-1.jpg 722w\" sizes=\"auto, (max-width: 300px) 100vw, 300px\" \/><\/a>\n\t\t\t<\/div><\/figure><figure class='gallery-item'>\n\t\t\t<div class='gallery-icon landscape'>\n\t\t\t\t<a href='https:\/\/www.uv.mx\/filu\/files\/2022\/11\/080922-CARLOS-VI-Foro-estudiantil-intercultural-2.jpg'><img loading=\"lazy\" decoding=\"async\" width=\"300\" height=\"192\" src=\"https:\/\/www.uv.mx\/filu\/files\/2022\/11\/080922-CARLOS-VI-Foro-estudiantil-intercultural-2-300x192.jpg\" class=\"attachment-medium size-medium\" alt=\"\" srcset=\"https:\/\/www.uv.mx\/filu\/files\/2022\/11\/080922-CARLOS-VI-Foro-estudiantil-intercultural-2-300x192.jpg 300w, https:\/\/www.uv.mx\/filu\/files\/2022\/11\/080922-CARLOS-VI-Foro-estudiantil-intercultural-2.jpg 722w\" sizes=\"auto, (max-width: 300px) 100vw, 300px\" \/><\/a>\n\t\t\t<\/div><\/figure><figure class='gallery-item'>\n\t\t\t<div class='gallery-icon landscape'>\n\t\t\t\t<a href='https:\/\/www.uv.mx\/filu\/files\/2022\/11\/080922-CARLOS-VI-Foro-estudiantil-intercultural-3.jpg'><img loading=\"lazy\" decoding=\"async\" width=\"300\" height=\"195\" src=\"https:\/\/www.uv.mx\/filu\/files\/2022\/11\/080922-CARLOS-VI-Foro-estudiantil-intercultural-3-300x195.jpg\" class=\"attachment-medium size-medium\" alt=\"\" srcset=\"https:\/\/www.uv.mx\/filu\/files\/2022\/11\/080922-CARLOS-VI-Foro-estudiantil-intercultural-3-300x195.jpg 300w, https:\/\/www.uv.mx\/filu\/files\/2022\/11\/080922-CARLOS-VI-Foro-estudiantil-intercultural-3.jpg 722w\" sizes=\"auto, (max-width: 300px) 100vw, 300px\" \/><\/a>\n\t\t\t<\/div><\/figure><figure class='gallery-item'>\n\t\t\t<div class='gallery-icon landscape'>\n\t\t\t\t<a href='https:\/\/www.uv.mx\/filu\/files\/2022\/11\/080922-CARLOS-VI-Foro-estudiantil-intercultural-4.jpg'><img loading=\"lazy\" decoding=\"async\" width=\"300\" height=\"193\" src=\"https:\/\/www.uv.mx\/filu\/files\/2022\/11\/080922-CARLOS-VI-Foro-estudiantil-intercultural-4-300x193.jpg\" class=\"attachment-medium size-medium\" alt=\"\" srcset=\"https:\/\/www.uv.mx\/filu\/files\/2022\/11\/080922-CARLOS-VI-Foro-estudiantil-intercultural-4-300x193.jpg 300w, https:\/\/www.uv.mx\/filu\/files\/2022\/11\/080922-CARLOS-VI-Foro-estudiantil-intercultural-4.jpg 722w\" sizes=\"auto, (max-width: 300px) 100vw, 300px\" \/><\/a>\n\t\t\t<\/div><\/figure>\n\t\t<\/div>\n<br \/>\n&nbsp;<\/p>\n<h4>Entrega del Doctorado Honoris Causa a Ronald Ferrera Cerrato y Aurelio de los Reyes Garc\u00eda Rojas<\/h4>\n<p><div id='gallery-2' class='gallery galleryid-8316 gallery-columns-3 gallery-size-medium'><figure class='gallery-item'>\n\t\t\t<div class='gallery-icon landscape'>\n\t\t\t\t<a href='https:\/\/www.uv.mx\/filu\/files\/2022\/11\/080922-Doctorado-Honoris-Causa-1.jpg'><img loading=\"lazy\" decoding=\"async\" width=\"300\" height=\"200\" src=\"https:\/\/www.uv.mx\/filu\/files\/2022\/11\/080922-Doctorado-Honoris-Causa-1-300x200.jpg\" class=\"attachment-medium size-medium\" alt=\"\" srcset=\"https:\/\/www.uv.mx\/filu\/files\/2022\/11\/080922-Doctorado-Honoris-Causa-1-300x200.jpg 300w, https:\/\/www.uv.mx\/filu\/files\/2022\/11\/080922-Doctorado-Honoris-Causa-1.jpg 722w\" sizes=\"auto, (max-width: 300px) 100vw, 300px\" \/><\/a>\n\t\t\t<\/div><\/figure><figure class='gallery-item'>\n\t\t\t<div class='gallery-icon landscape'>\n\t\t\t\t<a href='https:\/\/www.uv.mx\/filu\/files\/2022\/11\/8_Aurelio-de-los-Reyes-Garcia.jpg'><img loading=\"lazy\" decoding=\"async\" width=\"300\" height=\"200\" src=\"https:\/\/www.uv.mx\/filu\/files\/2022\/11\/8_Aurelio-de-los-Reyes-Garcia-300x200.jpg\" class=\"attachment-medium size-medium\" alt=\"\" srcset=\"https:\/\/www.uv.mx\/filu\/files\/2022\/11\/8_Aurelio-de-los-Reyes-Garcia-300x200.jpg 300w, https:\/\/www.uv.mx\/filu\/files\/2022\/11\/8_Aurelio-de-los-Reyes-Garcia-1024x683.jpg 1024w, https:\/\/www.uv.mx\/filu\/files\/2022\/11\/8_Aurelio-de-los-Reyes-Garcia-768x512.jpg 768w, https:\/\/www.uv.mx\/filu\/files\/2022\/11\/8_Aurelio-de-los-Reyes-Garcia.jpg 1500w\" sizes=\"auto, (max-width: 300px) 100vw, 300px\" \/><\/a>\n\t\t\t<\/div><\/figure><figure class='gallery-item'>\n\t\t\t<div class='gallery-icon landscape'>\n\t\t\t\t<a href='https:\/\/www.uv.mx\/filu\/files\/2022\/11\/8_Ronald-Ferrera_8.jpg'><img loading=\"lazy\" decoding=\"async\" width=\"300\" height=\"200\" src=\"https:\/\/www.uv.mx\/filu\/files\/2022\/11\/8_Ronald-Ferrera_8-300x200.jpg\" class=\"attachment-medium size-medium\" alt=\"\" srcset=\"https:\/\/www.uv.mx\/filu\/files\/2022\/11\/8_Ronald-Ferrera_8-300x200.jpg 300w, https:\/\/www.uv.mx\/filu\/files\/2022\/11\/8_Ronald-Ferrera_8-1024x683.jpg 1024w, https:\/\/www.uv.mx\/filu\/files\/2022\/11\/8_Ronald-Ferrera_8-768x512.jpg 768w, https:\/\/www.uv.mx\/filu\/files\/2022\/11\/8_Ronald-Ferrera_8.jpg 1500w\" sizes=\"auto, (max-width: 300px) 100vw, 300px\" \/><\/a>\n\t\t\t<\/div><\/figure><figure class='gallery-item'>\n\t\t\t<div class='gallery-icon landscape'>\n\t\t\t\t<a href='https:\/\/www.uv.mx\/filu\/files\/2022\/11\/8_Ronald-Ferrera_11.jpg'><img loading=\"lazy\" decoding=\"async\" width=\"300\" height=\"200\" src=\"https:\/\/www.uv.mx\/filu\/files\/2022\/11\/8_Ronald-Ferrera_11-300x200.jpg\" class=\"attachment-medium size-medium\" alt=\"\" srcset=\"https:\/\/www.uv.mx\/filu\/files\/2022\/11\/8_Ronald-Ferrera_11-300x200.jpg 300w, https:\/\/www.uv.mx\/filu\/files\/2022\/11\/8_Ronald-Ferrera_11-1024x683.jpg 1024w, https:\/\/www.uv.mx\/filu\/files\/2022\/11\/8_Ronald-Ferrera_11-768x512.jpg 768w, https:\/\/www.uv.mx\/filu\/files\/2022\/11\/8_Ronald-Ferrera_11.jpg 1500w\" sizes=\"auto, (max-width: 300px) 100vw, 300px\" \/><\/a>\n\t\t\t<\/div><\/figure><figure class='gallery-item'>\n\t\t\t<div class='gallery-icon landscape'>\n\t\t\t\t<a href='https:\/\/www.uv.mx\/filu\/files\/2022\/11\/8_sep-honoris-causis.jpg'><img loading=\"lazy\" decoding=\"async\" width=\"300\" height=\"200\" src=\"https:\/\/www.uv.mx\/filu\/files\/2022\/11\/8_sep-honoris-causis-300x200.jpg\" class=\"attachment-medium size-medium\" alt=\"\" srcset=\"https:\/\/www.uv.mx\/filu\/files\/2022\/11\/8_sep-honoris-causis-300x200.jpg 300w, https:\/\/www.uv.mx\/filu\/files\/2022\/11\/8_sep-honoris-causis-1024x683.jpg 1024w, https:\/\/www.uv.mx\/filu\/files\/2022\/11\/8_sep-honoris-causis-768x512.jpg 768w, https:\/\/www.uv.mx\/filu\/files\/2022\/11\/8_sep-honoris-causis.jpg 1500w\" sizes=\"auto, (max-width: 300px) 100vw, 300px\" \/><\/a>\n\t\t\t<\/div><\/figure><figure class='gallery-item'>\n\t\t\t<div class='gallery-icon landscape'>\n\t\t\t\t<a href='https:\/\/www.uv.mx\/filu\/files\/2022\/11\/8_sep-honoris-causis_2.jpg'><img loading=\"lazy\" decoding=\"async\" width=\"300\" height=\"200\" src=\"https:\/\/www.uv.mx\/filu\/files\/2022\/11\/8_sep-honoris-causis_2-300x200.jpg\" class=\"attachment-medium size-medium\" alt=\"\" srcset=\"https:\/\/www.uv.mx\/filu\/files\/2022\/11\/8_sep-honoris-causis_2-300x200.jpg 300w, https:\/\/www.uv.mx\/filu\/files\/2022\/11\/8_sep-honoris-causis_2-1024x683.jpg 1024w, https:\/\/www.uv.mx\/filu\/files\/2022\/11\/8_sep-honoris-causis_2-768x512.jpg 768w, https:\/\/www.uv.mx\/filu\/files\/2022\/11\/8_sep-honoris-causis_2.jpg 1500w\" sizes=\"auto, (max-width: 300px) 100vw, 300px\" \/><\/a>\n\t\t\t<\/div><\/figure><figure class='gallery-item'>\n\t\t\t<div class='gallery-icon landscape'>\n\t\t\t\t<a href='https:\/\/www.uv.mx\/filu\/files\/2022\/11\/8_sep-honoris-causis_15.jpg'><img loading=\"lazy\" decoding=\"async\" width=\"300\" height=\"200\" src=\"https:\/\/www.uv.mx\/filu\/files\/2022\/11\/8_sep-honoris-causis_15-300x200.jpg\" class=\"attachment-medium size-medium\" alt=\"\" srcset=\"https:\/\/www.uv.mx\/filu\/files\/2022\/11\/8_sep-honoris-causis_15-300x200.jpg 300w, https:\/\/www.uv.mx\/filu\/files\/2022\/11\/8_sep-honoris-causis_15-1024x683.jpg 1024w, https:\/\/www.uv.mx\/filu\/files\/2022\/11\/8_sep-honoris-causis_15-768x512.jpg 768w, https:\/\/www.uv.mx\/filu\/files\/2022\/11\/8_sep-honoris-causis_15.jpg 1500w\" sizes=\"auto, (max-width: 300px) 100vw, 300px\" \/><\/a>\n\t\t\t<\/div><\/figure><figure class='gallery-item'>\n\t\t\t<div class='gallery-icon landscape'>\n\t\t\t\t<a href='https:\/\/www.uv.mx\/filu\/files\/2022\/11\/8_sep-honoris-causis_17.jpg'><img loading=\"lazy\" decoding=\"async\" width=\"300\" height=\"200\" src=\"https:\/\/www.uv.mx\/filu\/files\/2022\/11\/8_sep-honoris-causis_17-300x200.jpg\" class=\"attachment-medium size-medium\" alt=\"\" srcset=\"https:\/\/www.uv.mx\/filu\/files\/2022\/11\/8_sep-honoris-causis_17-300x200.jpg 300w, https:\/\/www.uv.mx\/filu\/files\/2022\/11\/8_sep-honoris-causis_17-1024x683.jpg 1024w, https:\/\/www.uv.mx\/filu\/files\/2022\/11\/8_sep-honoris-causis_17-768x512.jpg 768w, https:\/\/www.uv.mx\/filu\/files\/2022\/11\/8_sep-honoris-causis_17.jpg 1500w\" sizes=\"auto, (max-width: 300px) 100vw, 300px\" \/><\/a>\n\t\t\t<\/div><\/figure><figure class='gallery-item'>\n\t\t\t<div class='gallery-icon landscape'>\n\t\t\t\t<a href='https:\/\/www.uv.mx\/filu\/files\/2022\/11\/080922-Doctorado-Honoris-Causa-3.jpg'><img loading=\"lazy\" decoding=\"async\" width=\"300\" height=\"189\" src=\"https:\/\/www.uv.mx\/filu\/files\/2022\/11\/080922-Doctorado-Honoris-Causa-3-300x189.jpg\" class=\"attachment-medium size-medium\" alt=\"\" srcset=\"https:\/\/www.uv.mx\/filu\/files\/2022\/11\/080922-Doctorado-Honoris-Causa-3-300x189.jpg 300w, https:\/\/www.uv.mx\/filu\/files\/2022\/11\/080922-Doctorado-Honoris-Causa-3.jpg 722w\" sizes=\"auto, (max-width: 300px) 100vw, 300px\" \/><\/a>\n\t\t\t<\/div><\/figure><figure class='gallery-item'>\n\t\t\t<div class='gallery-icon landscape'>\n\t\t\t\t<a href='https:\/\/www.uv.mx\/filu\/files\/2022\/11\/080922-Doctorado-Honoris-Causa-4.jpg'><img loading=\"lazy\" decoding=\"async\" width=\"300\" height=\"200\" src=\"https:\/\/www.uv.mx\/filu\/files\/2022\/11\/080922-Doctorado-Honoris-Causa-4-300x200.jpg\" class=\"attachment-medium size-medium\" alt=\"\" srcset=\"https:\/\/www.uv.mx\/filu\/files\/2022\/11\/080922-Doctorado-Honoris-Causa-4-300x200.jpg 300w, https:\/\/www.uv.mx\/filu\/files\/2022\/11\/080922-Doctorado-Honoris-Causa-4.jpg 722w\" sizes=\"auto, (max-width: 300px) 100vw, 300px\" \/><\/a>\n\t\t\t<\/div><\/figure>\n\t\t<\/div>\n<br \/>\n&nbsp;<\/p>\n<h4>Conversatorio: Centenario de la llegada de Gabriela Mistral a M\u00e9xico<\/h4>\n<p><div id='gallery-3' class='gallery galleryid-8316 gallery-columns-3 gallery-size-medium'><figure class='gallery-item'>\n\t\t\t<div class='gallery-icon landscape'>\n\t\t\t\t<a href='https:\/\/www.uv.mx\/filu\/files\/2022\/11\/070922-Pablo-Zegers-Blachet-director-de-la-Biblioteca-Nacional-de-Chile-hablo-de-la-obra-y-legado-de-Gabriela-Mistral.jpg'><img loading=\"lazy\" decoding=\"async\" width=\"300\" height=\"200\" src=\"https:\/\/www.uv.mx\/filu\/files\/2022\/11\/070922-Pablo-Zegers-Blachet-director-de-la-Biblioteca-Nacional-de-Chile-hablo-de-la-obra-y-legado-de-Gabriela-Mistral-300x200.jpg\" class=\"attachment-medium size-medium\" alt=\"\" srcset=\"https:\/\/www.uv.mx\/filu\/files\/2022\/11\/070922-Pablo-Zegers-Blachet-director-de-la-Biblioteca-Nacional-de-Chile-hablo-de-la-obra-y-legado-de-Gabriela-Mistral-300x200.jpg 300w, https:\/\/www.uv.mx\/filu\/files\/2022\/11\/070922-Pablo-Zegers-Blachet-director-de-la-Biblioteca-Nacional-de-Chile-hablo-de-la-obra-y-legado-de-Gabriela-Mistral.jpg 722w\" sizes=\"auto, (max-width: 300px) 100vw, 300px\" \/><\/a>\n\t\t\t<\/div><\/figure><figure class='gallery-item'>\n\t\t\t<div class='gallery-icon landscape'>\n\t\t\t\t<a href='https:\/\/www.uv.mx\/filu\/files\/2022\/11\/08092022-Conversatorio-Mistral-1-3.jpg'><img loading=\"lazy\" decoding=\"async\" width=\"300\" height=\"200\" src=\"https:\/\/www.uv.mx\/filu\/files\/2022\/11\/08092022-Conversatorio-Mistral-1-3-300x200.jpg\" class=\"attachment-medium size-medium\" alt=\"\" srcset=\"https:\/\/www.uv.mx\/filu\/files\/2022\/11\/08092022-Conversatorio-Mistral-1-3-300x200.jpg 300w, https:\/\/www.uv.mx\/filu\/files\/2022\/11\/08092022-Conversatorio-Mistral-1-3.jpg 722w\" sizes=\"auto, (max-width: 300px) 100vw, 300px\" \/><\/a>\n\t\t\t<\/div><\/figure><figure class='gallery-item'>\n\t\t\t<div class='gallery-icon landscape'>\n\t\t\t\t<a href='https:\/\/www.uv.mx\/filu\/files\/2022\/11\/08092022-Conversatorio-Mistral-1-2.jpg'><img loading=\"lazy\" decoding=\"async\" width=\"300\" height=\"200\" src=\"https:\/\/www.uv.mx\/filu\/files\/2022\/11\/08092022-Conversatorio-Mistral-1-2-300x200.jpg\" class=\"attachment-medium size-medium\" alt=\"\" srcset=\"https:\/\/www.uv.mx\/filu\/files\/2022\/11\/08092022-Conversatorio-Mistral-1-2-300x200.jpg 300w, https:\/\/www.uv.mx\/filu\/files\/2022\/11\/08092022-Conversatorio-Mistral-1-2.jpg 722w\" sizes=\"auto, (max-width: 300px) 100vw, 300px\" \/><\/a>\n\t\t\t<\/div><\/figure>\n\t\t<\/div>\n<br \/>\n&nbsp;<\/p>\n<h4>Presentaci\u00f3n del libro El renacimiento del son jarocho y el grupo Mono Blanco (1977-2000)<\/h4>\n<p><div id='gallery-4' class='gallery galleryid-8316 gallery-columns-3 gallery-size-medium'><figure class='gallery-item'>\n\t\t\t<div class='gallery-icon landscape'>\n\t\t\t\t<a href='https:\/\/www.uv.mx\/filu\/files\/2022\/11\/Presentacion-Libro-El-resurgimiento-del-son-jarocho-1.jpg'><img loading=\"lazy\" decoding=\"async\" width=\"300\" height=\"189\" src=\"https:\/\/www.uv.mx\/filu\/files\/2022\/11\/Presentacion-Libro-El-resurgimiento-del-son-jarocho-1-300x189.jpg\" class=\"attachment-medium size-medium\" alt=\"\" srcset=\"https:\/\/www.uv.mx\/filu\/files\/2022\/11\/Presentacion-Libro-El-resurgimiento-del-son-jarocho-1-300x189.jpg 300w, https:\/\/www.uv.mx\/filu\/files\/2022\/11\/Presentacion-Libro-El-resurgimiento-del-son-jarocho-1.jpg 722w\" sizes=\"auto, (max-width: 300px) 100vw, 300px\" \/><\/a>\n\t\t\t<\/div><\/figure><figure class='gallery-item'>\n\t\t\t<div class='gallery-icon landscape'>\n\t\t\t\t<a href='https:\/\/www.uv.mx\/filu\/files\/2022\/11\/Presentacion-Libro-El-resurgimiento-del-son-jarocho-3.jpg'><img loading=\"lazy\" decoding=\"async\" width=\"300\" height=\"180\" src=\"https:\/\/www.uv.mx\/filu\/files\/2022\/11\/Presentacion-Libro-El-resurgimiento-del-son-jarocho-3-300x180.jpg\" class=\"attachment-medium size-medium\" alt=\"\" srcset=\"https:\/\/www.uv.mx\/filu\/files\/2022\/11\/Presentacion-Libro-El-resurgimiento-del-son-jarocho-3-300x180.jpg 300w, https:\/\/www.uv.mx\/filu\/files\/2022\/11\/Presentacion-Libro-El-resurgimiento-del-son-jarocho-3.jpg 722w\" sizes=\"auto, (max-width: 300px) 100vw, 300px\" \/><\/a>\n\t\t\t<\/div><\/figure><figure class='gallery-item'>\n\t\t\t<div class='gallery-icon landscape'>\n\t\t\t\t<a href='https:\/\/www.uv.mx\/filu\/files\/2022\/11\/Presentacion-Libro-El-resurgimiento-del-son-jarocho.jpg'><img loading=\"lazy\" decoding=\"async\" width=\"300\" height=\"177\" src=\"https:\/\/www.uv.mx\/filu\/files\/2022\/11\/Presentacion-Libro-El-resurgimiento-del-son-jarocho-300x177.jpg\" class=\"attachment-medium size-medium\" alt=\"\" srcset=\"https:\/\/www.uv.mx\/filu\/files\/2022\/11\/Presentacion-Libro-El-resurgimiento-del-son-jarocho-300x177.jpg 300w, https:\/\/www.uv.mx\/filu\/files\/2022\/11\/Presentacion-Libro-El-resurgimiento-del-son-jarocho.jpg 722w\" sizes=\"auto, (max-width: 300px) 100vw, 300px\" \/><\/a>\n\t\t\t<\/div><\/figure><figure class='gallery-item'>\n\t\t\t<div class='gallery-icon landscape'>\n\t\t\t\t<a href='https:\/\/www.uv.mx\/filu\/files\/2022\/11\/080mono-blanco-1.jpg'><img loading=\"lazy\" decoding=\"async\" width=\"300\" height=\"200\" src=\"https:\/\/www.uv.mx\/filu\/files\/2022\/11\/080mono-blanco-1-300x200.jpg\" class=\"attachment-medium size-medium\" alt=\"\" srcset=\"https:\/\/www.uv.mx\/filu\/files\/2022\/11\/080mono-blanco-1-300x200.jpg 300w, https:\/\/www.uv.mx\/filu\/files\/2022\/11\/080mono-blanco-1-1024x683.jpg 1024w, https:\/\/www.uv.mx\/filu\/files\/2022\/11\/080mono-blanco-1-768x512.jpg 768w, https:\/\/www.uv.mx\/filu\/files\/2022\/11\/080mono-blanco-1.jpg 1500w\" sizes=\"auto, (max-width: 300px) 100vw, 300px\" \/><\/a>\n\t\t\t<\/div><\/figure><figure class='gallery-item'>\n\t\t\t<div class='gallery-icon landscape'>\n\t\t\t\t<a href='https:\/\/www.uv.mx\/filu\/files\/2022\/11\/080mono-blanco-3.jpg'><img loading=\"lazy\" decoding=\"async\" width=\"300\" height=\"200\" src=\"https:\/\/www.uv.mx\/filu\/files\/2022\/11\/080mono-blanco-3-300x200.jpg\" class=\"attachment-medium size-medium\" alt=\"\" srcset=\"https:\/\/www.uv.mx\/filu\/files\/2022\/11\/080mono-blanco-3-300x200.jpg 300w, https:\/\/www.uv.mx\/filu\/files\/2022\/11\/080mono-blanco-3-1024x683.jpg 1024w, https:\/\/www.uv.mx\/filu\/files\/2022\/11\/080mono-blanco-3-768x512.jpg 768w, https:\/\/www.uv.mx\/filu\/files\/2022\/11\/080mono-blanco-3.jpg 1500w\" sizes=\"auto, (max-width: 300px) 100vw, 300px\" \/><\/a>\n\t\t\t<\/div><\/figure><figure class='gallery-item'>\n\t\t\t<div class='gallery-icon landscape'>\n\t\t\t\t<a href='https:\/\/www.uv.mx\/filu\/files\/2022\/11\/080mono-blanco-7.jpg'><img loading=\"lazy\" decoding=\"async\" width=\"300\" height=\"200\" src=\"https:\/\/www.uv.mx\/filu\/files\/2022\/11\/080mono-blanco-7-300x200.jpg\" class=\"attachment-medium size-medium\" alt=\"\" srcset=\"https:\/\/www.uv.mx\/filu\/files\/2022\/11\/080mono-blanco-7-300x200.jpg 300w, https:\/\/www.uv.mx\/filu\/files\/2022\/11\/080mono-blanco-7-1024x683.jpg 1024w, https:\/\/www.uv.mx\/filu\/files\/2022\/11\/080mono-blanco-7-768x512.jpg 768w, https:\/\/www.uv.mx\/filu\/files\/2022\/11\/080mono-blanco-7.jpg 1500w\" sizes=\"auto, (max-width: 300px) 100vw, 300px\" \/><\/a>\n\t\t\t<\/div><\/figure>\n\t\t<\/div>\n<br \/>\n&nbsp;<\/p>\n<h4>Presentaci\u00f3n del libro Juego y arte contempor\u00e1neo. El arte como competencia, azar, simulacro y v\u00e9rtigo<\/h4>\n<p><div id='gallery-5' class='gallery galleryid-8316 gallery-columns-3 gallery-size-medium'><figure class='gallery-item'>\n\t\t\t<div class='gallery-icon landscape'>\n\t\t\t\t<a href='https:\/\/www.uv.mx\/filu\/files\/2022\/11\/080922-Presentacion-del-libro-Juego-y-arte-contemporaneo.-El-arte-como-competencia-azar-simulacro-y-vertigo.jpg'><img loading=\"lazy\" decoding=\"async\" width=\"300\" height=\"200\" src=\"https:\/\/www.uv.mx\/filu\/files\/2022\/11\/080922-Presentacion-del-libro-Juego-y-arte-contemporaneo.-El-arte-como-competencia-azar-simulacro-y-vertigo-300x200.jpg\" class=\"attachment-medium size-medium\" alt=\"\" srcset=\"https:\/\/www.uv.mx\/filu\/files\/2022\/11\/080922-Presentacion-del-libro-Juego-y-arte-contemporaneo.-El-arte-como-competencia-azar-simulacro-y-vertigo-300x200.jpg 300w, https:\/\/www.uv.mx\/filu\/files\/2022\/11\/080922-Presentacion-del-libro-Juego-y-arte-contemporaneo.-El-arte-como-competencia-azar-simulacro-y-vertigo.jpg 593w\" sizes=\"auto, (max-width: 300px) 100vw, 300px\" \/><\/a>\n\t\t\t<\/div><\/figure>\n\t\t<\/div>\n<br \/>\n&nbsp;<\/p>\n<h4>Presentaci\u00f3n del libro Animales Extranjeros<\/h4>\n<p><div id='gallery-6' class='gallery galleryid-8316 gallery-columns-3 gallery-size-medium'><figure class='gallery-item'>\n\t\t\t<div class='gallery-icon landscape'>\n\t\t\t\t<a href='https:\/\/www.uv.mx\/filu\/files\/2022\/11\/Libro-Animales-extranjeros-de-Leon-Plascencia-1.jpg'><img loading=\"lazy\" decoding=\"async\" width=\"300\" height=\"243\" src=\"https:\/\/www.uv.mx\/filu\/files\/2022\/11\/Libro-Animales-extranjeros-de-Leon-Plascencia-1-300x243.jpg\" class=\"attachment-medium size-medium\" alt=\"\" srcset=\"https:\/\/www.uv.mx\/filu\/files\/2022\/11\/Libro-Animales-extranjeros-de-Leon-Plascencia-1-300x243.jpg 300w, https:\/\/www.uv.mx\/filu\/files\/2022\/11\/Libro-Animales-extranjeros-de-Leon-Plascencia-1.jpg 722w\" sizes=\"auto, (max-width: 300px) 100vw, 300px\" \/><\/a>\n\t\t\t<\/div><\/figure><figure class='gallery-item'>\n\t\t\t<div class='gallery-icon landscape'>\n\t\t\t\t<a href='https:\/\/www.uv.mx\/filu\/files\/2022\/11\/Libro-Animales-extranjeros-de-Leon-Plascencia-2.jpg'><img loading=\"lazy\" decoding=\"async\" width=\"300\" height=\"200\" src=\"https:\/\/www.uv.mx\/filu\/files\/2022\/11\/Libro-Animales-extranjeros-de-Leon-Plascencia-2-300x200.jpg\" class=\"attachment-medium size-medium\" alt=\"\" srcset=\"https:\/\/www.uv.mx\/filu\/files\/2022\/11\/Libro-Animales-extranjeros-de-Leon-Plascencia-2-300x200.jpg 300w, https:\/\/www.uv.mx\/filu\/files\/2022\/11\/Libro-Animales-extranjeros-de-Leon-Plascencia-2.jpg 722w\" sizes=\"auto, (max-width: 300px) 100vw, 300px\" \/><\/a>\n\t\t\t<\/div><\/figure>\n\t\t<\/div>\n<br \/>\n&nbsp;<\/p>\n<h4>Publicaciones de Amonite <\/h4>\n<p><div id='gallery-7' class='gallery galleryid-8316 gallery-columns-3 gallery-size-medium'><figure class='gallery-item'>\n\t\t\t<div class='gallery-icon landscape'>\n\t\t\t\t<a href='https:\/\/www.uv.mx\/filu\/files\/2022\/11\/08-Editorial-Amonite-en-la-FILU-1.jpg'><img loading=\"lazy\" decoding=\"async\" width=\"300\" height=\"200\" src=\"https:\/\/www.uv.mx\/filu\/files\/2022\/11\/08-Editorial-Amonite-en-la-FILU-1-300x200.jpg\" class=\"attachment-medium size-medium\" alt=\"\" srcset=\"https:\/\/www.uv.mx\/filu\/files\/2022\/11\/08-Editorial-Amonite-en-la-FILU-1-300x200.jpg 300w, https:\/\/www.uv.mx\/filu\/files\/2022\/11\/08-Editorial-Amonite-en-la-FILU-1.jpg 593w\" sizes=\"auto, (max-width: 300px) 100vw, 300px\" \/><\/a>\n\t\t\t<\/div><\/figure><figure class='gallery-item'>\n\t\t\t<div class='gallery-icon landscape'>\n\t\t\t\t<a href='https:\/\/www.uv.mx\/filu\/files\/2022\/11\/08-Editorial-Amonite-en-la-FILU-2.jpg'><img loading=\"lazy\" decoding=\"async\" width=\"300\" height=\"200\" src=\"https:\/\/www.uv.mx\/filu\/files\/2022\/11\/08-Editorial-Amonite-en-la-FILU-2-300x200.jpg\" class=\"attachment-medium size-medium\" alt=\"\" srcset=\"https:\/\/www.uv.mx\/filu\/files\/2022\/11\/08-Editorial-Amonite-en-la-FILU-2-300x200.jpg 300w, https:\/\/www.uv.mx\/filu\/files\/2022\/11\/08-Editorial-Amonite-en-la-FILU-2.jpg 593w\" sizes=\"auto, (max-width: 300px) 100vw, 300px\" \/><\/a>\n\t\t\t<\/div><\/figure><figure class='gallery-item'>\n\t\t\t<div class='gallery-icon landscape'>\n\t\t\t\t<a href='https:\/\/www.uv.mx\/filu\/files\/2022\/11\/08-Editorial-Amonite-en-la-FILU-3.jpg'><img loading=\"lazy\" decoding=\"async\" width=\"300\" height=\"200\" src=\"https:\/\/www.uv.mx\/filu\/files\/2022\/11\/08-Editorial-Amonite-en-la-FILU-3-300x200.jpg\" class=\"attachment-medium size-medium\" alt=\"\" srcset=\"https:\/\/www.uv.mx\/filu\/files\/2022\/11\/08-Editorial-Amonite-en-la-FILU-3-300x200.jpg 300w, https:\/\/www.uv.mx\/filu\/files\/2022\/11\/08-Editorial-Amonite-en-la-FILU-3.jpg 593w\" sizes=\"auto, (max-width: 300px) 100vw, 300px\" \/><\/a>\n\t\t\t<\/div><\/figure><figure class='gallery-item'>\n\t\t\t<div class='gallery-icon landscape'>\n\t\t\t\t<a href='https:\/\/www.uv.mx\/filu\/files\/2022\/11\/08-Editorial-Amonite-en-la-FILU-4.jpg'><img loading=\"lazy\" decoding=\"async\" width=\"300\" height=\"200\" src=\"https:\/\/www.uv.mx\/filu\/files\/2022\/11\/08-Editorial-Amonite-en-la-FILU-4-300x200.jpg\" class=\"attachment-medium size-medium\" alt=\"\" srcset=\"https:\/\/www.uv.mx\/filu\/files\/2022\/11\/08-Editorial-Amonite-en-la-FILU-4-300x200.jpg 300w, https:\/\/www.uv.mx\/filu\/files\/2022\/11\/08-Editorial-Amonite-en-la-FILU-4-1024x683.jpg 1024w, https:\/\/www.uv.mx\/filu\/files\/2022\/11\/08-Editorial-Amonite-en-la-FILU-4-768x512.jpg 768w, https:\/\/www.uv.mx\/filu\/files\/2022\/11\/08-Editorial-Amonite-en-la-FILU-4.jpg 1200w\" sizes=\"auto, (max-width: 300px) 100vw, 300px\" \/><\/a>\n\t\t\t<\/div><\/figure><figure class='gallery-item'>\n\t\t\t<div class='gallery-icon landscape'>\n\t\t\t\t<a href='https:\/\/www.uv.mx\/filu\/files\/2022\/11\/08-Editorial-Amonite-en-la-FILU.jpg'><img loading=\"lazy\" decoding=\"async\" width=\"300\" height=\"200\" src=\"https:\/\/www.uv.mx\/filu\/files\/2022\/11\/08-Editorial-Amonite-en-la-FILU-300x200.jpg\" class=\"attachment-medium size-medium\" alt=\"\" srcset=\"https:\/\/www.uv.mx\/filu\/files\/2022\/11\/08-Editorial-Amonite-en-la-FILU-300x200.jpg 300w, https:\/\/www.uv.mx\/filu\/files\/2022\/11\/08-Editorial-Amonite-en-la-FILU.jpg 593w\" sizes=\"auto, (max-width: 300px) 100vw, 300px\" \/><\/a>\n\t\t\t<\/div><\/figure>\n\t\t<\/div>\n<br \/>\n&nbsp;<\/p>\n<h4>Presentaci\u00f3n del libro Aprov\u00e9chate de m\u00ed<\/h4>\n<p><div id='gallery-8' class='gallery galleryid-8316 gallery-columns-3 gallery-size-medium'><figure class='gallery-item'>\n\t\t\t<div class='gallery-icon landscape'>\n\t\t\t\t<a href='https:\/\/www.uv.mx\/filu\/files\/2022\/11\/08-Presentacion-libro-Aprovechate-de-mi-1.jpg'><img loading=\"lazy\" decoding=\"async\" width=\"300\" height=\"200\" src=\"https:\/\/www.uv.mx\/filu\/files\/2022\/11\/08-Presentacion-libro-Aprovechate-de-mi-1-300x200.jpg\" class=\"attachment-medium size-medium\" alt=\"\" srcset=\"https:\/\/www.uv.mx\/filu\/files\/2022\/11\/08-Presentacion-libro-Aprovechate-de-mi-1-300x200.jpg 300w, https:\/\/www.uv.mx\/filu\/files\/2022\/11\/08-Presentacion-libro-Aprovechate-de-mi-1-1024x683.jpg 1024w, https:\/\/www.uv.mx\/filu\/files\/2022\/11\/08-Presentacion-libro-Aprovechate-de-mi-1-768x512.jpg 768w, https:\/\/www.uv.mx\/filu\/files\/2022\/11\/08-Presentacion-libro-Aprovechate-de-mi-1-1536x1024.jpg 1536w, https:\/\/www.uv.mx\/filu\/files\/2022\/11\/08-Presentacion-libro-Aprovechate-de-mi-1.jpg 2048w\" sizes=\"auto, (max-width: 300px) 100vw, 300px\" \/><\/a>\n\t\t\t<\/div><\/figure><figure class='gallery-item'>\n\t\t\t<div class='gallery-icon landscape'>\n\t\t\t\t<a href='https:\/\/www.uv.mx\/filu\/files\/2022\/11\/08-Presentacion-libro-Aprovechate-de-mi.jpg'><img loading=\"lazy\" decoding=\"async\" width=\"300\" height=\"200\" src=\"https:\/\/www.uv.mx\/filu\/files\/2022\/11\/08-Presentacion-libro-Aprovechate-de-mi-300x200.jpg\" class=\"attachment-medium size-medium\" alt=\"\" srcset=\"https:\/\/www.uv.mx\/filu\/files\/2022\/11\/08-Presentacion-libro-Aprovechate-de-mi-300x200.jpg 300w, https:\/\/www.uv.mx\/filu\/files\/2022\/11\/08-Presentacion-libro-Aprovechate-de-mi.jpg 593w\" sizes=\"auto, (max-width: 300px) 100vw, 300px\" \/><\/a>\n\t\t\t<\/div><\/figure>\n\t\t<\/div>\n<br \/>\n&nbsp;<\/p>\n<h4>Presentaci\u00f3n del libro Educaci\u00f3n y contingencia sanitaria por COVID-19<\/h4>\n<p><div id='gallery-9' class='gallery galleryid-8316 gallery-columns-3 gallery-size-medium'><figure class='gallery-item'>\n\t\t\t<div class='gallery-icon landscape'>\n\t\t\t\t<a href='https:\/\/www.uv.mx\/filu\/files\/2022\/11\/08-Educacion-y-contingencia-sanitaria-por-COVID-19.jpg'><img loading=\"lazy\" decoding=\"async\" width=\"300\" height=\"200\" src=\"https:\/\/www.uv.mx\/filu\/files\/2022\/11\/08-Educacion-y-contingencia-sanitaria-por-COVID-19-300x200.jpg\" class=\"attachment-medium size-medium\" alt=\"\" srcset=\"https:\/\/www.uv.mx\/filu\/files\/2022\/11\/08-Educacion-y-contingencia-sanitaria-por-COVID-19-300x200.jpg 300w, https:\/\/www.uv.mx\/filu\/files\/2022\/11\/08-Educacion-y-contingencia-sanitaria-por-COVID-19.jpg 593w\" sizes=\"auto, (max-width: 300px) 100vw, 300px\" \/><\/a>\n\t\t\t<\/div><\/figure>\n\t\t<\/div>\n<br \/>\n&nbsp;<\/p>\n<h4>Presentaci\u00f3n de novedades de la colecci\u00f3n Corpus Universitario<\/h4>\n<p><div id='gallery-10' class='gallery galleryid-8316 gallery-columns-3 gallery-size-medium'><figure class='gallery-item'>\n\t\t\t<div class='gallery-icon landscape'>\n\t\t\t\t<a href='https:\/\/www.uv.mx\/filu\/files\/2022\/11\/08-Presentacion-Novedades-Corpus-Universitario.jpg'><img loading=\"lazy\" decoding=\"async\" width=\"300\" height=\"200\" src=\"https:\/\/www.uv.mx\/filu\/files\/2022\/11\/08-Presentacion-Novedades-Corpus-Universitario-300x200.jpg\" class=\"attachment-medium size-medium\" alt=\"\" srcset=\"https:\/\/www.uv.mx\/filu\/files\/2022\/11\/08-Presentacion-Novedades-Corpus-Universitario-300x200.jpg 300w, https:\/\/www.uv.mx\/filu\/files\/2022\/11\/08-Presentacion-Novedades-Corpus-Universitario.jpg 593w\" sizes=\"auto, (max-width: 300px) 100vw, 300px\" \/><\/a>\n\t\t\t<\/div><\/figure><figure class='gallery-item'>\n\t\t\t<div class='gallery-icon landscape'>\n\t\t\t\t<a href='https:\/\/www.uv.mx\/filu\/files\/2022\/11\/080922-Mesa-de-dialogo-Corpus-Universitario-1.jpg'><img loading=\"lazy\" decoding=\"async\" width=\"300\" height=\"200\" src=\"https:\/\/www.uv.mx\/filu\/files\/2022\/11\/080922-Mesa-de-dialogo-Corpus-Universitario-1-300x200.jpg\" class=\"attachment-medium size-medium\" alt=\"\" srcset=\"https:\/\/www.uv.mx\/filu\/files\/2022\/11\/080922-Mesa-de-dialogo-Corpus-Universitario-1-300x200.jpg 300w, https:\/\/www.uv.mx\/filu\/files\/2022\/11\/080922-Mesa-de-dialogo-Corpus-Universitario-1.jpg 722w\" sizes=\"auto, (max-width: 300px) 100vw, 300px\" \/><\/a>\n\t\t\t<\/div><\/figure><figure class='gallery-item'>\n\t\t\t<div class='gallery-icon landscape'>\n\t\t\t\t<a href='https:\/\/www.uv.mx\/filu\/files\/2022\/11\/080922-Mesa-de-dialogo-Corpus-Universitario-2.jpg'><img loading=\"lazy\" decoding=\"async\" width=\"300\" height=\"200\" src=\"https:\/\/www.uv.mx\/filu\/files\/2022\/11\/080922-Mesa-de-dialogo-Corpus-Universitario-2-300x200.jpg\" class=\"attachment-medium size-medium\" alt=\"\" srcset=\"https:\/\/www.uv.mx\/filu\/files\/2022\/11\/080922-Mesa-de-dialogo-Corpus-Universitario-2-300x200.jpg 300w, https:\/\/www.uv.mx\/filu\/files\/2022\/11\/080922-Mesa-de-dialogo-Corpus-Universitario-2.jpg 722w\" sizes=\"auto, (max-width: 300px) 100vw, 300px\" \/><\/a>\n\t\t\t<\/div><\/figure>\n\t\t<\/div>\n<br \/>\n&nbsp;<\/p>\n<h4>Presentaci\u00f3n de libro Herbolaria de los t\u00e9nek de Veracruz: Plantas utilizadas para afecciones de la mujer<\/h4>\n<p><div id='gallery-11' class='gallery galleryid-8316 gallery-columns-3 gallery-size-medium'><figure class='gallery-item'>\n\t\t\t<div class='gallery-icon landscape'>\n\t\t\t\t<a href='https:\/\/www.uv.mx\/filu\/files\/2022\/11\/08-Herbolaria-de-los-tenek-de-Veracruz-Plantas-utilizadas-para-afecciones-de-la-mujer.jpg'><img loading=\"lazy\" decoding=\"async\" width=\"300\" height=\"200\" src=\"https:\/\/www.uv.mx\/filu\/files\/2022\/11\/08-Herbolaria-de-los-tenek-de-Veracruz-Plantas-utilizadas-para-afecciones-de-la-mujer-300x200.jpg\" class=\"attachment-medium size-medium\" alt=\"\" srcset=\"https:\/\/www.uv.mx\/filu\/files\/2022\/11\/08-Herbolaria-de-los-tenek-de-Veracruz-Plantas-utilizadas-para-afecciones-de-la-mujer-300x200.jpg 300w, https:\/\/www.uv.mx\/filu\/files\/2022\/11\/08-Herbolaria-de-los-tenek-de-Veracruz-Plantas-utilizadas-para-afecciones-de-la-mujer-1024x683.jpg 1024w, https:\/\/www.uv.mx\/filu\/files\/2022\/11\/08-Herbolaria-de-los-tenek-de-Veracruz-Plantas-utilizadas-para-afecciones-de-la-mujer-768x512.jpg 768w, https:\/\/www.uv.mx\/filu\/files\/2022\/11\/08-Herbolaria-de-los-tenek-de-Veracruz-Plantas-utilizadas-para-afecciones-de-la-mujer-1536x1024.jpg 1536w, https:\/\/www.uv.mx\/filu\/files\/2022\/11\/08-Herbolaria-de-los-tenek-de-Veracruz-Plantas-utilizadas-para-afecciones-de-la-mujer.jpg 2048w\" sizes=\"auto, (max-width: 300px) 100vw, 300px\" \/><\/a>\n\t\t\t<\/div><\/figure>\n\t\t<\/div>\n<br \/>\n&nbsp;<\/p>\n<h4>Jornada de Novela negra &#8211; Presentaci\u00f3n del libro Sombras nada m\u00e1s<\/h4>\n<p><div id='gallery-12' class='gallery galleryid-8316 gallery-columns-3 gallery-size-medium'><figure class='gallery-item'>\n\t\t\t<div class='gallery-icon landscape'>\n\t\t\t\t<a href='https:\/\/www.uv.mx\/filu\/files\/2022\/11\/08-Jornada-Novela-Negra-1.jpg'><img loading=\"lazy\" decoding=\"async\" width=\"300\" height=\"200\" src=\"https:\/\/www.uv.mx\/filu\/files\/2022\/11\/08-Jornada-Novela-Negra-1-300x200.jpg\" class=\"attachment-medium size-medium\" alt=\"\" srcset=\"https:\/\/www.uv.mx\/filu\/files\/2022\/11\/08-Jornada-Novela-Negra-1-300x200.jpg 300w, https:\/\/www.uv.mx\/filu\/files\/2022\/11\/08-Jornada-Novela-Negra-1.jpg 593w\" sizes=\"auto, (max-width: 300px) 100vw, 300px\" \/><\/a>\n\t\t\t<\/div><\/figure><figure class='gallery-item'>\n\t\t\t<div class='gallery-icon landscape'>\n\t\t\t\t<a href='https:\/\/www.uv.mx\/filu\/files\/2022\/11\/08-Jornada-Novela-Negra.jpg'><img loading=\"lazy\" decoding=\"async\" width=\"300\" height=\"200\" src=\"https:\/\/www.uv.mx\/filu\/files\/2022\/11\/08-Jornada-Novela-Negra-300x200.jpg\" class=\"attachment-medium size-medium\" alt=\"\" srcset=\"https:\/\/www.uv.mx\/filu\/files\/2022\/11\/08-Jornada-Novela-Negra-300x200.jpg 300w, https:\/\/www.uv.mx\/filu\/files\/2022\/11\/08-Jornada-Novela-Negra.jpg 593w\" sizes=\"auto, (max-width: 300px) 100vw, 300px\" \/><\/a>\n\t\t\t<\/div><\/figure><figure class='gallery-item'>\n\t\t\t<div class='gallery-icon landscape'>\n\t\t\t\t<a href='https:\/\/www.uv.mx\/filu\/files\/2022\/11\/08-Libros-en-Jornada-de-Novela-negra.jpg'><img loading=\"lazy\" decoding=\"async\" width=\"300\" height=\"200\" src=\"https:\/\/www.uv.mx\/filu\/files\/2022\/11\/08-Libros-en-Jornada-de-Novela-negra-300x200.jpg\" class=\"attachment-medium size-medium\" alt=\"\" srcset=\"https:\/\/www.uv.mx\/filu\/files\/2022\/11\/08-Libros-en-Jornada-de-Novela-negra-300x200.jpg 300w, https:\/\/www.uv.mx\/filu\/files\/2022\/11\/08-Libros-en-Jornada-de-Novela-negra.jpg 593w\" sizes=\"auto, (max-width: 300px) 100vw, 300px\" \/><\/a>\n\t\t\t<\/div><\/figure><figure class='gallery-item'>\n\t\t\t<div class='gallery-icon landscape'>\n\t\t\t\t<a href='https:\/\/www.uv.mx\/filu\/files\/2022\/11\/08092022-Couttolenc-Jornada-de-novela-negra-1.jpg'><img loading=\"lazy\" decoding=\"async\" width=\"300\" height=\"180\" src=\"https:\/\/www.uv.mx\/filu\/files\/2022\/11\/08092022-Couttolenc-Jornada-de-novela-negra-1-300x180.jpg\" class=\"attachment-medium size-medium\" alt=\"\" srcset=\"https:\/\/www.uv.mx\/filu\/files\/2022\/11\/08092022-Couttolenc-Jornada-de-novela-negra-1-300x180.jpg 300w, https:\/\/www.uv.mx\/filu\/files\/2022\/11\/08092022-Couttolenc-Jornada-de-novela-negra-1.jpg 722w\" sizes=\"auto, (max-width: 300px) 100vw, 300px\" \/><\/a>\n\t\t\t<\/div><\/figure>\n\t\t<\/div>\n<br \/>\n&nbsp;<\/p>\n<h4>Presentaci\u00f3n del libro Juego y arte contempor\u00e1neo. El arte como competencia, azar, simulacro y v\u00e9rtigo<\/h4>\n<p><div id='gallery-13' class='gallery galleryid-8316 gallery-columns-3 gallery-size-medium'><figure class='gallery-item'>\n\t\t\t<div class='gallery-icon landscape'>\n\t\t\t\t<a href='https:\/\/www.uv.mx\/filu\/files\/2022\/11\/08-Presentacion-libro-Juego-y-arte-contemporaneo.jpg'><img loading=\"lazy\" decoding=\"async\" width=\"300\" height=\"200\" src=\"https:\/\/www.uv.mx\/filu\/files\/2022\/11\/08-Presentacion-libro-Juego-y-arte-contemporaneo-300x200.jpg\" class=\"attachment-medium size-medium\" alt=\"\" srcset=\"https:\/\/www.uv.mx\/filu\/files\/2022\/11\/08-Presentacion-libro-Juego-y-arte-contemporaneo-300x200.jpg 300w, https:\/\/www.uv.mx\/filu\/files\/2022\/11\/08-Presentacion-libro-Juego-y-arte-contemporaneo.jpg 593w\" sizes=\"auto, (max-width: 300px) 100vw, 300px\" \/><\/a>\n\t\t\t<\/div><\/figure>\n\t\t<\/div>\n<br \/>\n&nbsp;<\/p>\n<h4>Presentaci\u00f3n del libro Louis-Ferdinand C\u00e9line en Dinamarca<\/h4>\n<p><div id='gallery-14' class='gallery galleryid-8316 gallery-columns-3 gallery-size-medium'><figure class='gallery-item'>\n\t\t\t<div class='gallery-icon landscape'>\n\t\t\t\t<a href='https:\/\/www.uv.mx\/filu\/files\/2022\/11\/080922-CARLOS-Libro-Louis-1-Cesar-Aristides.jpg'><img loading=\"lazy\" decoding=\"async\" width=\"300\" height=\"225\" src=\"https:\/\/www.uv.mx\/filu\/files\/2022\/11\/080922-CARLOS-Libro-Louis-1-Cesar-Aristides-300x225.jpg\" class=\"attachment-medium size-medium\" alt=\"\" srcset=\"https:\/\/www.uv.mx\/filu\/files\/2022\/11\/080922-CARLOS-Libro-Louis-1-Cesar-Aristides-300x225.jpg 300w, https:\/\/www.uv.mx\/filu\/files\/2022\/11\/080922-CARLOS-Libro-Louis-1-Cesar-Aristides.jpg 722w\" sizes=\"auto, (max-width: 300px) 100vw, 300px\" \/><\/a>\n\t\t\t<\/div><\/figure><figure class='gallery-item'>\n\t\t\t<div class='gallery-icon landscape'>\n\t\t\t\t<a href='https:\/\/www.uv.mx\/filu\/files\/2022\/11\/080922-CARLOS-Libro-Louis-2-Cesar-Aristides.jpg'><img loading=\"lazy\" decoding=\"async\" width=\"300\" height=\"225\" src=\"https:\/\/www.uv.mx\/filu\/files\/2022\/11\/080922-CARLOS-Libro-Louis-2-Cesar-Aristides-300x225.jpg\" class=\"attachment-medium size-medium\" alt=\"\" srcset=\"https:\/\/www.uv.mx\/filu\/files\/2022\/11\/080922-CARLOS-Libro-Louis-2-Cesar-Aristides-300x225.jpg 300w, https:\/\/www.uv.mx\/filu\/files\/2022\/11\/080922-CARLOS-Libro-Louis-2-Cesar-Aristides.jpg 722w\" sizes=\"auto, (max-width: 300px) 100vw, 300px\" \/><\/a>\n\t\t\t<\/div><\/figure>\n\t\t<\/div>\n<br \/>\n&nbsp;<\/p>\n<h4>Presentaci\u00f3n del libro Los puertos prehisp\u00e1nicos del litoral veracruzano<\/h4>\n<p><div id='gallery-15' class='gallery galleryid-8316 gallery-columns-3 gallery-size-medium'><figure class='gallery-item'>\n\t\t\t<div class='gallery-icon landscape'>\n\t\t\t\t<a href='https:\/\/www.uv.mx\/filu\/files\/2022\/11\/08-Los-puertos-prehispanicos-del-litoral-veracruzano.jpg'><img loading=\"lazy\" decoding=\"async\" width=\"300\" height=\"200\" src=\"https:\/\/www.uv.mx\/filu\/files\/2022\/11\/08-Los-puertos-prehispanicos-del-litoral-veracruzano-300x200.jpg\" class=\"attachment-medium size-medium\" alt=\"\" srcset=\"https:\/\/www.uv.mx\/filu\/files\/2022\/11\/08-Los-puertos-prehispanicos-del-litoral-veracruzano-300x200.jpg 300w, https:\/\/www.uv.mx\/filu\/files\/2022\/11\/08-Los-puertos-prehispanicos-del-litoral-veracruzano.jpg 593w\" sizes=\"auto, (max-width: 300px) 100vw, 300px\" \/><\/a>\n\t\t\t<\/div><\/figure>\n\t\t<\/div>\n<br \/>\n&nbsp;<\/p>\n<h4>Charla: Ser mujer en tiempos de covid-19<\/h4>\n<p><div id='gallery-16' class='gallery galleryid-8316 gallery-columns-3 gallery-size-medium'><figure class='gallery-item'>\n\t\t\t<div class='gallery-icon landscape'>\n\t\t\t\t<a href='https:\/\/www.uv.mx\/filu\/files\/2022\/11\/08-Charla-Ser-mujer-en-tiempos-de-COVID-19.jpg'><img loading=\"lazy\" decoding=\"async\" width=\"300\" height=\"200\" src=\"https:\/\/www.uv.mx\/filu\/files\/2022\/11\/08-Charla-Ser-mujer-en-tiempos-de-COVID-19-300x200.jpg\" class=\"attachment-medium size-medium\" alt=\"\" srcset=\"https:\/\/www.uv.mx\/filu\/files\/2022\/11\/08-Charla-Ser-mujer-en-tiempos-de-COVID-19-300x200.jpg 300w, https:\/\/www.uv.mx\/filu\/files\/2022\/11\/08-Charla-Ser-mujer-en-tiempos-de-COVID-19.jpg 593w\" sizes=\"auto, (max-width: 300px) 100vw, 300px\" \/><\/a>\n\t\t\t<\/div><\/figure><figure class='gallery-item'>\n\t\t\t<div class='gallery-icon landscape'>\n\t\t\t\t<a href='https:\/\/www.uv.mx\/filu\/files\/2022\/11\/080922-Charla-mujer-covid-dra-Oramas-3.jpg'><img loading=\"lazy\" decoding=\"async\" width=\"300\" height=\"200\" src=\"https:\/\/www.uv.mx\/filu\/files\/2022\/11\/080922-Charla-mujer-covid-dra-Oramas-3-300x200.jpg\" class=\"attachment-medium size-medium\" alt=\"\" srcset=\"https:\/\/www.uv.mx\/filu\/files\/2022\/11\/080922-Charla-mujer-covid-dra-Oramas-3-300x200.jpg 300w, https:\/\/www.uv.mx\/filu\/files\/2022\/11\/080922-Charla-mujer-covid-dra-Oramas-3.jpg 722w\" sizes=\"auto, (max-width: 300px) 100vw, 300px\" \/><\/a>\n\t\t\t<\/div><\/figure><figure class='gallery-item'>\n\t\t\t<div class='gallery-icon landscape'>\n\t\t\t\t<a href='https:\/\/www.uv.mx\/filu\/files\/2022\/11\/080922-Charla-mujer-covid-dra-Oramas-6.jpg'><img loading=\"lazy\" decoding=\"async\" width=\"300\" height=\"200\" src=\"https:\/\/www.uv.mx\/filu\/files\/2022\/11\/080922-Charla-mujer-covid-dra-Oramas-6-300x200.jpg\" class=\"attachment-medium size-medium\" alt=\"\" srcset=\"https:\/\/www.uv.mx\/filu\/files\/2022\/11\/080922-Charla-mujer-covid-dra-Oramas-6-300x200.jpg 300w, https:\/\/www.uv.mx\/filu\/files\/2022\/11\/080922-Charla-mujer-covid-dra-Oramas-6.jpg 722w\" sizes=\"auto, (max-width: 300px) 100vw, 300px\" \/><\/a>\n\t\t\t<\/div><\/figure>\n\t\t<\/div>\n<br \/>\n&nbsp;<\/p>\n\n","protected":false},"excerpt":{"rendered":"<p>VI Foro Estudiantil Intercultural. Espacio de di\u00e1logo Interdisciplinar &nbsp; Entrega del Doctorado Honoris Causa a Ronald Ferrera Cerrato y Aurelio de los Reyes Garc\u00eda Rojas &nbsp; Conversatorio: Centenario de la llegada de Gabriela Mistral a M\u00e9xico &nbsp; Presentaci\u00f3n del libro El renacimiento del son jarocho y el grupo Mono Blanco (1977-2000) &nbsp; Presentaci\u00f3n del libro [&hellip;]<\/p>\n","protected":false},"author":1795,"featured_media":0,"comment_status":"closed","ping_status":"closed","sticky":false,"template":"","format":"standard","meta":{"footnotes":""},"categories":[27],"tags":[],"class_list":["post-8316","post","type-post","status-publish","format-standard","hentry","category-galeria2022"],"_links":{"self":[{"href":"https:\/\/www.uv.mx\/filu\/wp-json\/wp\/v2\/posts\/8316","targetHints":{"allow":["GET"]}}],"collection":[{"href":"https:\/\/www.uv.mx\/filu\/wp-json\/wp\/v2\/posts"}],"about":[{"href":"https:\/\/www.uv.mx\/filu\/wp-json\/wp\/v2\/types\/post"}],"author":[{"embeddable":true,"href":"https:\/\/www.uv.mx\/filu\/wp-json\/wp\/v2\/users\/1795"}],"replies":[{"embeddable":true,"href":"https:\/\/www.uv.mx\/filu\/wp-json\/wp\/v2\/comments?post=8316"}],"version-history":[{"count":2,"href":"https:\/\/www.uv.mx\/filu\/wp-json\/wp\/v2\/posts\/8316\/revisions"}],"predecessor-version":[{"id":9040,"href":"https:\/\/www.uv.mx\/filu\/wp-json\/wp\/v2\/posts\/8316\/revisions\/9040"}],"wp:attachment":[{"href":"https:\/\/www.uv.mx\/filu\/wp-json\/wp\/v2\/media?parent=8316"}],"wp:term":[{"taxonomy":"category","embeddable":true,"href":"https:\/\/www.uv.mx\/filu\/wp-json\/wp\/v2\/categories?post=8316"},{"taxonomy":"post_tag","embeddable":true,"href":"https:\/\/www.uv.mx\/filu\/wp-json\/wp\/v2\/tags?post=8316"}],"curies":[{"name":"wp","href":"https:\/\/api.w.org\/{rel}","templated":true}]}}