
{"id":8300,"date":"2022-11-07T19:43:10","date_gmt":"2022-11-08T01:43:10","guid":{"rendered":"https:\/\/www.uv.mx\/filu\/?p=8300"},"modified":"2022-12-05T12:42:25","modified_gmt":"2022-12-05T18:42:25","slug":"galeria-07-septiembre-2022","status":"publish","type":"post","link":"https:\/\/www.uv.mx\/filu\/galeria2022\/galeria-07-septiembre-2022\/","title":{"rendered":"Galer\u00eda 07 septiembre 2022"},"content":{"rendered":"<h4>Foro Acad\u00e9mico &#8211; Conferencia magistral de Arturo Alvarado Mendoza<\/h4>\n<p><div id='gallery-1' class='gallery galleryid-8300 gallery-columns-3 gallery-size-medium'><figure class='gallery-item'>\n\t\t\t<div class='gallery-icon landscape'>\n\t\t\t\t<a href='https:\/\/www.uv.mx\/filu\/files\/2022\/11\/070922-Conferencia-Arturo-Alvarado-2.jpg'><img loading=\"lazy\" decoding=\"async\" width=\"300\" height=\"200\" src=\"https:\/\/www.uv.mx\/filu\/files\/2022\/11\/070922-Conferencia-Arturo-Alvarado-2-300x200.jpg\" class=\"attachment-medium size-medium\" alt=\"\" srcset=\"https:\/\/www.uv.mx\/filu\/files\/2022\/11\/070922-Conferencia-Arturo-Alvarado-2-300x200.jpg 300w, https:\/\/www.uv.mx\/filu\/files\/2022\/11\/070922-Conferencia-Arturo-Alvarado-2.jpg 722w\" sizes=\"auto, (max-width: 300px) 100vw, 300px\" \/><\/a>\n\t\t\t<\/div><\/figure><figure class='gallery-item'>\n\t\t\t<div class='gallery-icon landscape'>\n\t\t\t\t<a href='https:\/\/www.uv.mx\/filu\/files\/2022\/11\/070922-Conferencia-Arturo-Alvarado.jpg'><img loading=\"lazy\" decoding=\"async\" width=\"300\" height=\"200\" src=\"https:\/\/www.uv.mx\/filu\/files\/2022\/11\/070922-Conferencia-Arturo-Alvarado-300x200.jpg\" class=\"attachment-medium size-medium\" alt=\"\" srcset=\"https:\/\/www.uv.mx\/filu\/files\/2022\/11\/070922-Conferencia-Arturo-Alvarado-300x200.jpg 300w, https:\/\/www.uv.mx\/filu\/files\/2022\/11\/070922-Conferencia-Arturo-Alvarado.jpg 722w\" sizes=\"auto, (max-width: 300px) 100vw, 300px\" \/><\/a>\n\t\t\t<\/div><\/figure>\n\t\t<\/div>\n<br \/>\n&nbsp;<\/p>\n<h4>Conferencia: Claudio Arrau y la Orquesta Sinf\u00f3nica de Xalapa<\/h4>\n<p><div id='gallery-2' class='gallery galleryid-8300 gallery-columns-3 gallery-size-medium'><figure class='gallery-item'>\n\t\t\t<div class='gallery-icon landscape'>\n\t\t\t\t<a href='https:\/\/www.uv.mx\/filu\/files\/2022\/11\/070922-Clausura-Jornada-Arrau-1-100k.jpg'><img loading=\"lazy\" decoding=\"async\" width=\"300\" height=\"155\" src=\"https:\/\/www.uv.mx\/filu\/files\/2022\/11\/070922-Clausura-Jornada-Arrau-1-100k-300x155.jpg\" class=\"attachment-medium size-medium\" alt=\"\" srcset=\"https:\/\/www.uv.mx\/filu\/files\/2022\/11\/070922-Clausura-Jornada-Arrau-1-100k-300x155.jpg 300w, https:\/\/www.uv.mx\/filu\/files\/2022\/11\/070922-Clausura-Jornada-Arrau-1-100k.jpg 722w\" sizes=\"auto, (max-width: 300px) 100vw, 300px\" \/><\/a>\n\t\t\t<\/div><\/figure><figure class='gallery-item'>\n\t\t\t<div class='gallery-icon landscape'>\n\t\t\t\t<a href='https:\/\/www.uv.mx\/filu\/files\/2022\/11\/070922-Clausura-Jornada-Arrau-2-100k.jpg'><img loading=\"lazy\" decoding=\"async\" width=\"300\" height=\"187\" src=\"https:\/\/www.uv.mx\/filu\/files\/2022\/11\/070922-Clausura-Jornada-Arrau-2-100k-300x187.jpg\" class=\"attachment-medium size-medium\" alt=\"\" srcset=\"https:\/\/www.uv.mx\/filu\/files\/2022\/11\/070922-Clausura-Jornada-Arrau-2-100k-300x187.jpg 300w, https:\/\/www.uv.mx\/filu\/files\/2022\/11\/070922-Clausura-Jornada-Arrau-2-100k.jpg 722w\" sizes=\"auto, (max-width: 300px) 100vw, 300px\" \/><\/a>\n\t\t\t<\/div><\/figure><figure class='gallery-item'>\n\t\t\t<div class='gallery-icon landscape'>\n\t\t\t\t<a href='https:\/\/www.uv.mx\/filu\/files\/2022\/11\/070922-CLAUSURA-Jornada-Arrau-3-100k.jpg'><img loading=\"lazy\" decoding=\"async\" width=\"300\" height=\"194\" src=\"https:\/\/www.uv.mx\/filu\/files\/2022\/11\/070922-CLAUSURA-Jornada-Arrau-3-100k-300x194.jpg\" class=\"attachment-medium size-medium\" alt=\"\" srcset=\"https:\/\/www.uv.mx\/filu\/files\/2022\/11\/070922-CLAUSURA-Jornada-Arrau-3-100k-300x194.jpg 300w, https:\/\/www.uv.mx\/filu\/files\/2022\/11\/070922-CLAUSURA-Jornada-Arrau-3-100k.jpg 722w\" sizes=\"auto, (max-width: 300px) 100vw, 300px\" \/><\/a>\n\t\t\t<\/div><\/figure>\n\t\t<\/div>\n<br \/>\n&nbsp;<\/p>\n<h4>Homenaje a Jorge L\u00f3pez P\u00e1ez en el centenario de su nacimiento<\/h4>\n<p><div id='gallery-3' class='gallery galleryid-8300 gallery-columns-3 gallery-size-medium'><figure class='gallery-item'>\n\t\t\t<div class='gallery-icon landscape'>\n\t\t\t\t<a href='https:\/\/www.uv.mx\/filu\/files\/2022\/11\/07_-homenaje-paez_2.jpg'><img loading=\"lazy\" decoding=\"async\" width=\"300\" height=\"200\" src=\"https:\/\/www.uv.mx\/filu\/files\/2022\/11\/07_-homenaje-paez_2-300x200.jpg\" class=\"attachment-medium size-medium\" alt=\"\" srcset=\"https:\/\/www.uv.mx\/filu\/files\/2022\/11\/07_-homenaje-paez_2-300x200.jpg 300w, https:\/\/www.uv.mx\/filu\/files\/2022\/11\/07_-homenaje-paez_2-1024x683.jpg 1024w, https:\/\/www.uv.mx\/filu\/files\/2022\/11\/07_-homenaje-paez_2-768x512.jpg 768w, https:\/\/www.uv.mx\/filu\/files\/2022\/11\/07_-homenaje-paez_2.jpg 1500w\" sizes=\"auto, (max-width: 300px) 100vw, 300px\" \/><\/a>\n\t\t\t<\/div><\/figure><figure class='gallery-item'>\n\t\t\t<div class='gallery-icon landscape'>\n\t\t\t\t<a href='https:\/\/www.uv.mx\/filu\/files\/2022\/11\/07_-homenaje-paez_8.jpg'><img loading=\"lazy\" decoding=\"async\" width=\"300\" height=\"200\" src=\"https:\/\/www.uv.mx\/filu\/files\/2022\/11\/07_-homenaje-paez_8-300x200.jpg\" class=\"attachment-medium size-medium\" alt=\"\" srcset=\"https:\/\/www.uv.mx\/filu\/files\/2022\/11\/07_-homenaje-paez_8-300x200.jpg 300w, https:\/\/www.uv.mx\/filu\/files\/2022\/11\/07_-homenaje-paez_8-1024x683.jpg 1024w, https:\/\/www.uv.mx\/filu\/files\/2022\/11\/07_-homenaje-paez_8-768x512.jpg 768w, https:\/\/www.uv.mx\/filu\/files\/2022\/11\/07_-homenaje-paez_8.jpg 1500w\" sizes=\"auto, (max-width: 300px) 100vw, 300px\" \/><\/a>\n\t\t\t<\/div><\/figure><figure class='gallery-item'>\n\t\t\t<div class='gallery-icon landscape'>\n\t\t\t\t<a href='https:\/\/www.uv.mx\/filu\/files\/2022\/11\/07_-homenaje-paez_9.jpg'><img loading=\"lazy\" decoding=\"async\" width=\"300\" height=\"200\" src=\"https:\/\/www.uv.mx\/filu\/files\/2022\/11\/07_-homenaje-paez_9-300x200.jpg\" class=\"attachment-medium size-medium\" alt=\"\" srcset=\"https:\/\/www.uv.mx\/filu\/files\/2022\/11\/07_-homenaje-paez_9-300x200.jpg 300w, https:\/\/www.uv.mx\/filu\/files\/2022\/11\/07_-homenaje-paez_9-1024x683.jpg 1024w, https:\/\/www.uv.mx\/filu\/files\/2022\/11\/07_-homenaje-paez_9-768x512.jpg 768w, https:\/\/www.uv.mx\/filu\/files\/2022\/11\/07_-homenaje-paez_9.jpg 1500w\" sizes=\"auto, (max-width: 300px) 100vw, 300px\" \/><\/a>\n\t\t\t<\/div><\/figure><figure class='gallery-item'>\n\t\t\t<div class='gallery-icon landscape'>\n\t\t\t\t<a href='https:\/\/www.uv.mx\/filu\/files\/2022\/11\/07_-homenaje-paez_10.jpg'><img loading=\"lazy\" decoding=\"async\" width=\"300\" height=\"200\" src=\"https:\/\/www.uv.mx\/filu\/files\/2022\/11\/07_-homenaje-paez_10-300x200.jpg\" class=\"attachment-medium size-medium\" alt=\"\" srcset=\"https:\/\/www.uv.mx\/filu\/files\/2022\/11\/07_-homenaje-paez_10-300x200.jpg 300w, https:\/\/www.uv.mx\/filu\/files\/2022\/11\/07_-homenaje-paez_10-1024x683.jpg 1024w, https:\/\/www.uv.mx\/filu\/files\/2022\/11\/07_-homenaje-paez_10-768x512.jpg 768w, https:\/\/www.uv.mx\/filu\/files\/2022\/11\/07_-homenaje-paez_10.jpg 1500w\" sizes=\"auto, (max-width: 300px) 100vw, 300px\" \/><\/a>\n\t\t\t<\/div><\/figure><figure class='gallery-item'>\n\t\t\t<div class='gallery-icon landscape'>\n\t\t\t\t<a href='https:\/\/www.uv.mx\/filu\/files\/2022\/11\/07092022-Xalapa-Homenaje-a-Jorge-1-100k.jpg'><img loading=\"lazy\" decoding=\"async\" width=\"300\" height=\"180\" src=\"https:\/\/www.uv.mx\/filu\/files\/2022\/11\/07092022-Xalapa-Homenaje-a-Jorge-1-100k-300x180.jpg\" class=\"attachment-medium size-medium\" alt=\"\" srcset=\"https:\/\/www.uv.mx\/filu\/files\/2022\/11\/07092022-Xalapa-Homenaje-a-Jorge-1-100k-300x180.jpg 300w, https:\/\/www.uv.mx\/filu\/files\/2022\/11\/07092022-Xalapa-Homenaje-a-Jorge-1-100k.jpg 722w\" sizes=\"auto, (max-width: 300px) 100vw, 300px\" \/><\/a>\n\t\t\t<\/div><\/figure><figure class='gallery-item'>\n\t\t\t<div class='gallery-icon landscape'>\n\t\t\t\t<a href='https:\/\/www.uv.mx\/filu\/files\/2022\/11\/07092022-Xalapa-Homenaje-a-Jorge-2-100k.jpg'><img loading=\"lazy\" decoding=\"async\" width=\"300\" height=\"199\" src=\"https:\/\/www.uv.mx\/filu\/files\/2022\/11\/07092022-Xalapa-Homenaje-a-Jorge-2-100k-300x199.jpg\" class=\"attachment-medium size-medium\" alt=\"\" srcset=\"https:\/\/www.uv.mx\/filu\/files\/2022\/11\/07092022-Xalapa-Homenaje-a-Jorge-2-100k-300x199.jpg 300w, https:\/\/www.uv.mx\/filu\/files\/2022\/11\/07092022-Xalapa-Homenaje-a-Jorge-2-100k.jpg 722w\" sizes=\"auto, (max-width: 300px) 100vw, 300px\" \/><\/a>\n\t\t\t<\/div><\/figure><figure class='gallery-item'>\n\t\t\t<div class='gallery-icon landscape'>\n\t\t\t\t<a href='https:\/\/www.uv.mx\/filu\/files\/2022\/11\/07092022-Xalapa-Homenaje-a-Jorge-3-100k.jpg'><img loading=\"lazy\" decoding=\"async\" width=\"300\" height=\"197\" src=\"https:\/\/www.uv.mx\/filu\/files\/2022\/11\/07092022-Xalapa-Homenaje-a-Jorge-3-100k-300x197.jpg\" class=\"attachment-medium size-medium\" alt=\"\" srcset=\"https:\/\/www.uv.mx\/filu\/files\/2022\/11\/07092022-Xalapa-Homenaje-a-Jorge-3-100k-300x197.jpg 300w, https:\/\/www.uv.mx\/filu\/files\/2022\/11\/07092022-Xalapa-Homenaje-a-Jorge-3-100k.jpg 722w\" sizes=\"auto, (max-width: 300px) 100vw, 300px\" \/><\/a>\n\t\t\t<\/div><\/figure><figure class='gallery-item'>\n\t\t\t<div class='gallery-icon landscape'>\n\t\t\t\t<a href='https:\/\/www.uv.mx\/filu\/files\/2022\/11\/07092022-Xalapa-Homenaje-a-Jorge-4-100k.jpg'><img loading=\"lazy\" decoding=\"async\" width=\"300\" height=\"194\" src=\"https:\/\/www.uv.mx\/filu\/files\/2022\/11\/07092022-Xalapa-Homenaje-a-Jorge-4-100k-300x194.jpg\" class=\"attachment-medium size-medium\" alt=\"\" srcset=\"https:\/\/www.uv.mx\/filu\/files\/2022\/11\/07092022-Xalapa-Homenaje-a-Jorge-4-100k-300x194.jpg 300w, https:\/\/www.uv.mx\/filu\/files\/2022\/11\/07092022-Xalapa-Homenaje-a-Jorge-4-100k.jpg 722w\" sizes=\"auto, (max-width: 300px) 100vw, 300px\" \/><\/a>\n\t\t\t<\/div><\/figure>\n\t\t<\/div>\n<br \/>\n&nbsp;<\/p>\n<h4>Foro Acad\u00e9mico &#8211; Mesa 10: Formaci\u00f3n de recursos humanos en ciencias de la salud<\/h4>\n<p><div id='gallery-4' class='gallery galleryid-8300 gallery-columns-3 gallery-size-medium'><figure class='gallery-item'>\n\t\t\t<div class='gallery-icon landscape'>\n\t\t\t\t<a href='https:\/\/www.uv.mx\/filu\/files\/2022\/11\/07092022-RH-en-salud-1-100k.jpg'><img loading=\"lazy\" decoding=\"async\" width=\"300\" height=\"174\" src=\"https:\/\/www.uv.mx\/filu\/files\/2022\/11\/07092022-RH-en-salud-1-100k-300x174.jpg\" class=\"attachment-medium size-medium\" alt=\"\" srcset=\"https:\/\/www.uv.mx\/filu\/files\/2022\/11\/07092022-RH-en-salud-1-100k-300x174.jpg 300w, https:\/\/www.uv.mx\/filu\/files\/2022\/11\/07092022-RH-en-salud-1-100k.jpg 722w\" sizes=\"auto, (max-width: 300px) 100vw, 300px\" \/><\/a>\n\t\t\t<\/div><\/figure><figure class='gallery-item'>\n\t\t\t<div class='gallery-icon landscape'>\n\t\t\t\t<a href='https:\/\/www.uv.mx\/filu\/files\/2022\/11\/07092022-RH-en-salud-2.jpg'><img loading=\"lazy\" decoding=\"async\" width=\"300\" height=\"187\" src=\"https:\/\/www.uv.mx\/filu\/files\/2022\/11\/07092022-RH-en-salud-2-300x187.jpg\" class=\"attachment-medium size-medium\" alt=\"\" srcset=\"https:\/\/www.uv.mx\/filu\/files\/2022\/11\/07092022-RH-en-salud-2-300x187.jpg 300w, https:\/\/www.uv.mx\/filu\/files\/2022\/11\/07092022-RH-en-salud-2.jpg 722w\" sizes=\"auto, (max-width: 300px) 100vw, 300px\" \/><\/a>\n\t\t\t<\/div><\/figure>\n\t\t<\/div>\n<br \/>\n&nbsp;<\/p>\n<h4>Foro Acad\u00e9mico &#8211; Mesa 11: Movimiento social y pandemia<\/h4>\n<p> <div id='gallery-5' class='gallery galleryid-8300 gallery-columns-3 gallery-size-medium'><figure class='gallery-item'>\n\t\t\t<div class='gallery-icon landscape'>\n\t\t\t\t<a href='https:\/\/www.uv.mx\/filu\/files\/2022\/11\/070922-Mesa-11-Movimiento-social-y-pandemia-1.jpg'><img loading=\"lazy\" decoding=\"async\" width=\"300\" height=\"200\" src=\"https:\/\/www.uv.mx\/filu\/files\/2022\/11\/070922-Mesa-11-Movimiento-social-y-pandemia-1-300x200.jpg\" class=\"attachment-medium size-medium\" alt=\"\" srcset=\"https:\/\/www.uv.mx\/filu\/files\/2022\/11\/070922-Mesa-11-Movimiento-social-y-pandemia-1-300x200.jpg 300w, https:\/\/www.uv.mx\/filu\/files\/2022\/11\/070922-Mesa-11-Movimiento-social-y-pandemia-1.jpg 722w\" sizes=\"auto, (max-width: 300px) 100vw, 300px\" \/><\/a>\n\t\t\t<\/div><\/figure><figure class='gallery-item'>\n\t\t\t<div class='gallery-icon landscape'>\n\t\t\t\t<a href='https:\/\/www.uv.mx\/filu\/files\/2022\/11\/070922-Mesa-11-Movimiento-social-y-pandemia-1-3-Uri-Torruco-Garcia.jpg'><img loading=\"lazy\" decoding=\"async\" width=\"300\" height=\"200\" src=\"https:\/\/www.uv.mx\/filu\/files\/2022\/11\/070922-Mesa-11-Movimiento-social-y-pandemia-1-3-Uri-Torruco-Garcia-300x200.jpg\" class=\"attachment-medium size-medium\" alt=\"\" srcset=\"https:\/\/www.uv.mx\/filu\/files\/2022\/11\/070922-Mesa-11-Movimiento-social-y-pandemia-1-3-Uri-Torruco-Garcia-300x200.jpg 300w, https:\/\/www.uv.mx\/filu\/files\/2022\/11\/070922-Mesa-11-Movimiento-social-y-pandemia-1-3-Uri-Torruco-Garcia.jpg 722w\" sizes=\"auto, (max-width: 300px) 100vw, 300px\" \/><\/a>\n\t\t\t<\/div><\/figure>\n\t\t<\/div>\n<br \/>\n&nbsp;<\/p>\n<h4>Foro Acad\u00e9mico &#8211; Mesa 12: Expresiones art\u00edsticas y movimientos sociales<\/h4>\n<p><div id='gallery-6' class='gallery galleryid-8300 gallery-columns-3 gallery-size-medium'><figure class='gallery-item'>\n\t\t\t<div class='gallery-icon landscape'>\n\t\t\t\t<a href='https:\/\/www.uv.mx\/filu\/files\/2022\/11\/070922-CARLOS-Expresiones-arti\u0301sticas-y-movimientos-sociales-1-Mesa-12.jpg'><img loading=\"lazy\" decoding=\"async\" width=\"300\" height=\"200\" src=\"https:\/\/www.uv.mx\/filu\/files\/2022\/11\/070922-CARLOS-Expresiones-arti\u0301sticas-y-movimientos-sociales-1-Mesa-12-300x200.jpg\" class=\"attachment-medium size-medium\" alt=\"\" srcset=\"https:\/\/www.uv.mx\/filu\/files\/2022\/11\/070922-CARLOS-Expresiones-arti\u0301sticas-y-movimientos-sociales-1-Mesa-12-300x200.jpg 300w, https:\/\/www.uv.mx\/filu\/files\/2022\/11\/070922-CARLOS-Expresiones-arti\u0301sticas-y-movimientos-sociales-1-Mesa-12.jpg 722w\" sizes=\"auto, (max-width: 300px) 100vw, 300px\" \/><\/a>\n\t\t\t<\/div><\/figure><figure class='gallery-item'>\n\t\t\t<div class='gallery-icon landscape'>\n\t\t\t\t<a href='https:\/\/www.uv.mx\/filu\/files\/2022\/11\/070922-CARLOS-Expresiones-arti\u0301sticas-y-movimientos-sociales-2-Mesa-12.jpg'><img loading=\"lazy\" decoding=\"async\" width=\"300\" height=\"200\" src=\"https:\/\/www.uv.mx\/filu\/files\/2022\/11\/070922-CARLOS-Expresiones-arti\u0301sticas-y-movimientos-sociales-2-Mesa-12-300x200.jpg\" class=\"attachment-medium size-medium\" alt=\"\" srcset=\"https:\/\/www.uv.mx\/filu\/files\/2022\/11\/070922-CARLOS-Expresiones-arti\u0301sticas-y-movimientos-sociales-2-Mesa-12-300x200.jpg 300w, https:\/\/www.uv.mx\/filu\/files\/2022\/11\/070922-CARLOS-Expresiones-arti\u0301sticas-y-movimientos-sociales-2-Mesa-12.jpg 722w\" sizes=\"auto, (max-width: 300px) 100vw, 300px\" \/><\/a>\n\t\t\t<\/div><\/figure><figure class='gallery-item'>\n\t\t\t<div class='gallery-icon landscape'>\n\t\t\t\t<a href='https:\/\/www.uv.mx\/filu\/files\/2022\/11\/070922-CARLOS-Expresiones-arti\u0301sticas-y-movimientos-sociales-3-Mesa-12-Gabriela-Macotela.jpg'><img loading=\"lazy\" decoding=\"async\" width=\"300\" height=\"200\" src=\"https:\/\/www.uv.mx\/filu\/files\/2022\/11\/070922-CARLOS-Expresiones-arti\u0301sticas-y-movimientos-sociales-3-Mesa-12-Gabriela-Macotela-300x200.jpg\" class=\"attachment-medium size-medium\" alt=\"\" srcset=\"https:\/\/www.uv.mx\/filu\/files\/2022\/11\/070922-CARLOS-Expresiones-arti\u0301sticas-y-movimientos-sociales-3-Mesa-12-Gabriela-Macotela-300x200.jpg 300w, https:\/\/www.uv.mx\/filu\/files\/2022\/11\/070922-CARLOS-Expresiones-arti\u0301sticas-y-movimientos-sociales-3-Mesa-12-Gabriela-Macotela.jpg 722w\" sizes=\"auto, (max-width: 300px) 100vw, 300px\" \/><\/a>\n\t\t\t<\/div><\/figure><figure class='gallery-item'>\n\t\t\t<div class='gallery-icon landscape'>\n\t\t\t\t<a href='https:\/\/www.uv.mx\/filu\/files\/2022\/11\/070922-CARLOS-Expresiones-arti\u0301sticas-y-movimientos-sociales-4-Alberto-Arguello-Grunstein.jpg'><img loading=\"lazy\" decoding=\"async\" width=\"300\" height=\"200\" src=\"https:\/\/www.uv.mx\/filu\/files\/2022\/11\/070922-CARLOS-Expresiones-arti\u0301sticas-y-movimientos-sociales-4-Alberto-Arguello-Grunstein-300x200.jpg\" class=\"attachment-medium size-medium\" alt=\"\" srcset=\"https:\/\/www.uv.mx\/filu\/files\/2022\/11\/070922-CARLOS-Expresiones-arti\u0301sticas-y-movimientos-sociales-4-Alberto-Arguello-Grunstein-300x200.jpg 300w, https:\/\/www.uv.mx\/filu\/files\/2022\/11\/070922-CARLOS-Expresiones-arti\u0301sticas-y-movimientos-sociales-4-Alberto-Arguello-Grunstein.jpg 722w\" sizes=\"auto, (max-width: 300px) 100vw, 300px\" \/><\/a>\n\t\t\t<\/div><\/figure>\n\t\t<\/div>\n<br \/>\n&nbsp;<\/p>\n<h4>Foro Acad\u00e9mico &#8211; Mesa 13: Movimientos socioambientales: luchas contra el despojo del territorio, los bienes naturales y la vida<\/h4>\n<p><div id='gallery-7' class='gallery galleryid-8300 gallery-columns-3 gallery-size-medium'><figure class='gallery-item'>\n\t\t\t<div class='gallery-icon landscape'>\n\t\t\t\t<a href='https:\/\/www.uv.mx\/filu\/files\/2022\/11\/070922-Mesa-13-del-Foro-Acade\u0301mico-11.jpg'><img loading=\"lazy\" decoding=\"async\" width=\"300\" height=\"200\" src=\"https:\/\/www.uv.mx\/filu\/files\/2022\/11\/070922-Mesa-13-del-Foro-Acade\u0301mico-11-300x200.jpg\" class=\"attachment-medium size-medium\" alt=\"\" srcset=\"https:\/\/www.uv.mx\/filu\/files\/2022\/11\/070922-Mesa-13-del-Foro-Acade\u0301mico-11-300x200.jpg 300w, https:\/\/www.uv.mx\/filu\/files\/2022\/11\/070922-Mesa-13-del-Foro-Acade\u0301mico-11.jpg 722w\" sizes=\"auto, (max-width: 300px) 100vw, 300px\" \/><\/a>\n\t\t\t<\/div><\/figure>\n\t\t<\/div>\n<br \/>\n&nbsp;<\/p>\n<h4>Clausura del Foro Acad\u00e9mico &#8211; Presentaci\u00f3n art\u00edstica: Coro UV<\/h4>\n<p><div id='gallery-8' class='gallery galleryid-8300 gallery-columns-3 gallery-size-medium'><figure class='gallery-item'>\n\t\t\t<div class='gallery-icon landscape'>\n\t\t\t\t<a href='https:\/\/www.uv.mx\/filu\/files\/2022\/11\/07_coro-uv-tlaqna-1.jpg'><img loading=\"lazy\" decoding=\"async\" width=\"300\" height=\"200\" src=\"https:\/\/www.uv.mx\/filu\/files\/2022\/11\/07_coro-uv-tlaqna-1-300x200.jpg\" class=\"attachment-medium size-medium\" alt=\"\" srcset=\"https:\/\/www.uv.mx\/filu\/files\/2022\/11\/07_coro-uv-tlaqna-1-300x200.jpg 300w, https:\/\/www.uv.mx\/filu\/files\/2022\/11\/07_coro-uv-tlaqna-1.jpg 525w\" sizes=\"auto, (max-width: 300px) 100vw, 300px\" \/><\/a>\n\t\t\t<\/div><\/figure><figure class='gallery-item'>\n\t\t\t<div class='gallery-icon landscape'>\n\t\t\t\t<a href='https:\/\/www.uv.mx\/filu\/files\/2022\/11\/07_coro-uv-tlaqna-5.jpg'><img loading=\"lazy\" decoding=\"async\" width=\"300\" height=\"200\" src=\"https:\/\/www.uv.mx\/filu\/files\/2022\/11\/07_coro-uv-tlaqna-5-300x200.jpg\" class=\"attachment-medium size-medium\" alt=\"\" srcset=\"https:\/\/www.uv.mx\/filu\/files\/2022\/11\/07_coro-uv-tlaqna-5-300x200.jpg 300w, https:\/\/www.uv.mx\/filu\/files\/2022\/11\/07_coro-uv-tlaqna-5.jpg 675w\" sizes=\"auto, (max-width: 300px) 100vw, 300px\" \/><\/a>\n\t\t\t<\/div><\/figure>\n\t\t<\/div>\n<br \/>\n&nbsp;<\/p>\n<h4>Conferencia: Bibliotecas imaginarias<\/h4>\n<p><div id='gallery-9' class='gallery galleryid-8300 gallery-columns-3 gallery-size-medium'><figure class='gallery-item'>\n\t\t\t<div class='gallery-icon landscape'>\n\t\t\t\t<a href='https:\/\/www.uv.mx\/filu\/files\/2022\/11\/07-Presentacion-bibliotecas-imaginarias-7.jpeg'><img loading=\"lazy\" decoding=\"async\" width=\"300\" height=\"225\" src=\"https:\/\/www.uv.mx\/filu\/files\/2022\/11\/07-Presentacion-bibliotecas-imaginarias-7-300x225.jpeg\" class=\"attachment-medium size-medium\" alt=\"\" srcset=\"https:\/\/www.uv.mx\/filu\/files\/2022\/11\/07-Presentacion-bibliotecas-imaginarias-7-300x225.jpeg 300w, https:\/\/www.uv.mx\/filu\/files\/2022\/11\/07-Presentacion-bibliotecas-imaginarias-7-1024x768.jpeg 1024w, https:\/\/www.uv.mx\/filu\/files\/2022\/11\/07-Presentacion-bibliotecas-imaginarias-7-768x576.jpeg 768w, https:\/\/www.uv.mx\/filu\/files\/2022\/11\/07-Presentacion-bibliotecas-imaginarias-7.jpeg 1280w\" sizes=\"auto, (max-width: 300px) 100vw, 300px\" \/><\/a>\n\t\t\t<\/div><\/figure>\n\t\t<\/div>\n<br \/>\n&nbsp;<\/p>\n<h4>Presentaci\u00f3n del n\u00famero 15: Realidades migratorias emergentes: an\u00e1lisis, intervenci\u00f3n y perspectivas, de Clivajes. Revista de Ciencias Sociales<\/h4>\n<p><div id='gallery-10' class='gallery galleryid-8300 gallery-columns-3 gallery-size-medium'><figure class='gallery-item'>\n\t\t\t<div class='gallery-icon landscape'>\n\t\t\t\t<a href='https:\/\/www.uv.mx\/filu\/galeria2022\/galeria-07-septiembre-2022\/attachment\/realidades-migratorias-2022-09-07-at-6-00-25-pm\/'><img loading=\"lazy\" decoding=\"async\" width=\"300\" height=\"225\" src=\"https:\/\/www.uv.mx\/filu\/files\/2022\/11\/Realidades-migratorias-2022-09-07-at-6.00.25-PM-300x225.jpeg\" class=\"attachment-medium size-medium\" alt=\"\" srcset=\"https:\/\/www.uv.mx\/filu\/files\/2022\/11\/Realidades-migratorias-2022-09-07-at-6.00.25-PM-300x225.jpeg 300w, https:\/\/www.uv.mx\/filu\/files\/2022\/11\/Realidades-migratorias-2022-09-07-at-6.00.25-PM-1024x767.jpeg 1024w, https:\/\/www.uv.mx\/filu\/files\/2022\/11\/Realidades-migratorias-2022-09-07-at-6.00.25-PM-768x576.jpeg 768w, https:\/\/www.uv.mx\/filu\/files\/2022\/11\/Realidades-migratorias-2022-09-07-at-6.00.25-PM.jpeg 1365w\" sizes=\"auto, (max-width: 300px) 100vw, 300px\" \/><\/a>\n\t\t\t<\/div><\/figure><figure class='gallery-item'>\n\t\t\t<div class='gallery-icon landscape'>\n\t\t\t\t<a href='https:\/\/www.uv.mx\/filu\/galeria2022\/galeria-07-septiembre-2022\/attachment\/realidades-migratorias-2022-09-07-at-6-02-17-pm\/'><img loading=\"lazy\" decoding=\"async\" width=\"300\" height=\"225\" src=\"https:\/\/www.uv.mx\/filu\/files\/2022\/11\/Realidades-migratorias-2022-09-07-at-6.02.17-PM-300x225.jpeg\" class=\"attachment-medium size-medium\" alt=\"\" srcset=\"https:\/\/www.uv.mx\/filu\/files\/2022\/11\/Realidades-migratorias-2022-09-07-at-6.02.17-PM-300x225.jpeg 300w, https:\/\/www.uv.mx\/filu\/files\/2022\/11\/Realidades-migratorias-2022-09-07-at-6.02.17-PM-1024x768.jpeg 1024w, https:\/\/www.uv.mx\/filu\/files\/2022\/11\/Realidades-migratorias-2022-09-07-at-6.02.17-PM-768x576.jpeg 768w, https:\/\/www.uv.mx\/filu\/files\/2022\/11\/Realidades-migratorias-2022-09-07-at-6.02.17-PM-1536x1152.jpeg 1536w, https:\/\/www.uv.mx\/filu\/files\/2022\/11\/Realidades-migratorias-2022-09-07-at-6.02.17-PM.jpeg 1600w\" sizes=\"auto, (max-width: 300px) 100vw, 300px\" \/><\/a>\n\t\t\t<\/div><\/figure>\n\t\t<\/div>\n<br \/>\n&nbsp;<\/p>\n<h4>Taller: Las matem\u00e1ticas no son solo n\u00fameros, DiMate<\/h4>\n<p><div id='gallery-11' class='gallery galleryid-8300 gallery-columns-3 gallery-size-medium'><figure class='gallery-item'>\n\t\t\t<div class='gallery-icon landscape'>\n\t\t\t\t<a href='https:\/\/www.uv.mx\/filu\/files\/2022\/11\/Taller-de-ciencias-2022-09-07-at-5.52.05-PM.jpeg'><img loading=\"lazy\" decoding=\"async\" width=\"300\" height=\"300\" src=\"https:\/\/www.uv.mx\/filu\/files\/2022\/11\/Taller-de-ciencias-2022-09-07-at-5.52.05-PM-300x300.jpeg\" class=\"attachment-medium size-medium\" alt=\"\" srcset=\"https:\/\/www.uv.mx\/filu\/files\/2022\/11\/Taller-de-ciencias-2022-09-07-at-5.52.05-PM-300x300.jpeg 300w, https:\/\/www.uv.mx\/filu\/files\/2022\/11\/Taller-de-ciencias-2022-09-07-at-5.52.05-PM-1024x1024.jpeg 1024w, https:\/\/www.uv.mx\/filu\/files\/2022\/11\/Taller-de-ciencias-2022-09-07-at-5.52.05-PM-150x150.jpeg 150w, https:\/\/www.uv.mx\/filu\/files\/2022\/11\/Taller-de-ciencias-2022-09-07-at-5.52.05-PM-768x768.jpeg 768w, https:\/\/www.uv.mx\/filu\/files\/2022\/11\/Taller-de-ciencias-2022-09-07-at-5.52.05-PM.jpeg 1200w\" sizes=\"auto, (max-width: 300px) 100vw, 300px\" \/><\/a>\n\t\t\t<\/div><\/figure><figure class='gallery-item'>\n\t\t\t<div class='gallery-icon landscape'>\n\t\t\t\t<a href='https:\/\/www.uv.mx\/filu\/files\/2022\/11\/Taller-de-ciencias-2022-09-07-at-5.52.06-PM.jpeg'><img loading=\"lazy\" decoding=\"async\" width=\"300\" height=\"300\" src=\"https:\/\/www.uv.mx\/filu\/files\/2022\/11\/Taller-de-ciencias-2022-09-07-at-5.52.06-PM-300x300.jpeg\" class=\"attachment-medium size-medium\" alt=\"\" srcset=\"https:\/\/www.uv.mx\/filu\/files\/2022\/11\/Taller-de-ciencias-2022-09-07-at-5.52.06-PM-300x300.jpeg 300w, https:\/\/www.uv.mx\/filu\/files\/2022\/11\/Taller-de-ciencias-2022-09-07-at-5.52.06-PM-1024x1024.jpeg 1024w, https:\/\/www.uv.mx\/filu\/files\/2022\/11\/Taller-de-ciencias-2022-09-07-at-5.52.06-PM-150x150.jpeg 150w, https:\/\/www.uv.mx\/filu\/files\/2022\/11\/Taller-de-ciencias-2022-09-07-at-5.52.06-PM-768x768.jpeg 768w, https:\/\/www.uv.mx\/filu\/files\/2022\/11\/Taller-de-ciencias-2022-09-07-at-5.52.06-PM.jpeg 1200w\" sizes=\"auto, (max-width: 300px) 100vw, 300px\" \/><\/a>\n\t\t\t<\/div><\/figure><figure class='gallery-item'>\n\t\t\t<div class='gallery-icon landscape'>\n\t\t\t\t<a href='https:\/\/www.uv.mx\/filu\/files\/2022\/11\/Taller-de-ciencias-2022-09-07-at-5.51.11-PM.jpeg'><img loading=\"lazy\" decoding=\"async\" width=\"300\" height=\"225\" src=\"https:\/\/www.uv.mx\/filu\/files\/2022\/11\/Taller-de-ciencias-2022-09-07-at-5.51.11-PM-300x225.jpeg\" class=\"attachment-medium size-medium\" alt=\"\" srcset=\"https:\/\/www.uv.mx\/filu\/files\/2022\/11\/Taller-de-ciencias-2022-09-07-at-5.51.11-PM-300x225.jpeg 300w, https:\/\/www.uv.mx\/filu\/files\/2022\/11\/Taller-de-ciencias-2022-09-07-at-5.51.11-PM-1024x768.jpeg 1024w, https:\/\/www.uv.mx\/filu\/files\/2022\/11\/Taller-de-ciencias-2022-09-07-at-5.51.11-PM-768x576.jpeg 768w, https:\/\/www.uv.mx\/filu\/files\/2022\/11\/Taller-de-ciencias-2022-09-07-at-5.51.11-PM-1536x1152.jpeg 1536w, https:\/\/www.uv.mx\/filu\/files\/2022\/11\/Taller-de-ciencias-2022-09-07-at-5.51.11-PM.jpeg 1600w\" sizes=\"auto, (max-width: 300px) 100vw, 300px\" \/><\/a>\n\t\t\t<\/div><\/figure><figure class='gallery-item'>\n\t\t\t<div class='gallery-icon landscape'>\n\t\t\t\t<a href='https:\/\/www.uv.mx\/filu\/files\/2022\/11\/Taller-de-ciencias-2022-09-07-at-5.52.05-PM-1.jpeg'><img loading=\"lazy\" decoding=\"async\" width=\"300\" height=\"300\" src=\"https:\/\/www.uv.mx\/filu\/files\/2022\/11\/Taller-de-ciencias-2022-09-07-at-5.52.05-PM-1-300x300.jpeg\" class=\"attachment-medium size-medium\" alt=\"\" srcset=\"https:\/\/www.uv.mx\/filu\/files\/2022\/11\/Taller-de-ciencias-2022-09-07-at-5.52.05-PM-1-300x300.jpeg 300w, https:\/\/www.uv.mx\/filu\/files\/2022\/11\/Taller-de-ciencias-2022-09-07-at-5.52.05-PM-1-1024x1024.jpeg 1024w, https:\/\/www.uv.mx\/filu\/files\/2022\/11\/Taller-de-ciencias-2022-09-07-at-5.52.05-PM-1-150x150.jpeg 150w, https:\/\/www.uv.mx\/filu\/files\/2022\/11\/Taller-de-ciencias-2022-09-07-at-5.52.05-PM-1-768x768.jpeg 768w, https:\/\/www.uv.mx\/filu\/files\/2022\/11\/Taller-de-ciencias-2022-09-07-at-5.52.05-PM-1.jpeg 1200w\" sizes=\"auto, (max-width: 300px) 100vw, 300px\" \/><\/a>\n\t\t\t<\/div><\/figure>\n\t\t<\/div>\n<br \/>\n&nbsp;<\/p>\n<h4>Presentaci\u00f3n de la trilog\u00eda Transdisciplinariedad, decolonizaci\u00f3n y di\u00e1logo de saberes<\/h4>\n<div id='gallery-12' class='gallery galleryid-8300 gallery-columns-3 gallery-size-medium'><figure class='gallery-item'>\n\t\t\t<div class='gallery-icon landscape'>\n\t\t\t\t<a href='https:\/\/www.uv.mx\/filu\/files\/2022\/11\/Trilogia-transdisciplinariedad-2022-09-07-at-6.06.49-PM-1.jpeg'><img loading=\"lazy\" decoding=\"async\" width=\"300\" height=\"225\" src=\"https:\/\/www.uv.mx\/filu\/files\/2022\/11\/Trilogia-transdisciplinariedad-2022-09-07-at-6.06.49-PM-1-300x225.jpeg\" class=\"attachment-medium size-medium\" alt=\"\" srcset=\"https:\/\/www.uv.mx\/filu\/files\/2022\/11\/Trilogia-transdisciplinariedad-2022-09-07-at-6.06.49-PM-1-300x225.jpeg 300w, https:\/\/www.uv.mx\/filu\/files\/2022\/11\/Trilogia-transdisciplinariedad-2022-09-07-at-6.06.49-PM-1-1024x768.jpeg 1024w, https:\/\/www.uv.mx\/filu\/files\/2022\/11\/Trilogia-transdisciplinariedad-2022-09-07-at-6.06.49-PM-1-768x576.jpeg 768w, https:\/\/www.uv.mx\/filu\/files\/2022\/11\/Trilogia-transdisciplinariedad-2022-09-07-at-6.06.49-PM-1-1536x1152.jpeg 1536w, https:\/\/www.uv.mx\/filu\/files\/2022\/11\/Trilogia-transdisciplinariedad-2022-09-07-at-6.06.49-PM-1.jpeg 1600w\" sizes=\"auto, (max-width: 300px) 100vw, 300px\" \/><\/a>\n\t\t\t<\/div><\/figure><figure class='gallery-item'>\n\t\t\t<div class='gallery-icon landscape'>\n\t\t\t\t<a href='https:\/\/www.uv.mx\/filu\/files\/2022\/11\/07092022-KARINA-Trilogi\u0301a-2-Dialogo-de-saberes.jpg'><img loading=\"lazy\" decoding=\"async\" width=\"300\" height=\"182\" src=\"https:\/\/www.uv.mx\/filu\/files\/2022\/11\/07092022-KARINA-Trilogi\u0301a-2-Dialogo-de-saberes-300x182.jpg\" class=\"attachment-medium size-medium\" alt=\"\" srcset=\"https:\/\/www.uv.mx\/filu\/files\/2022\/11\/07092022-KARINA-Trilogi\u0301a-2-Dialogo-de-saberes-300x182.jpg 300w, https:\/\/www.uv.mx\/filu\/files\/2022\/11\/07092022-KARINA-Trilogi\u0301a-2-Dialogo-de-saberes.jpg 722w\" sizes=\"auto, (max-width: 300px) 100vw, 300px\" \/><\/a>\n\t\t\t<\/div><\/figure><figure class='gallery-item'>\n\t\t\t<div class='gallery-icon landscape'>\n\t\t\t\t<a href='https:\/\/www.uv.mx\/filu\/files\/2022\/11\/07092022-KARINA-Trilogi\u0301a-Dialogo-de-saberes.jpg'><img loading=\"lazy\" decoding=\"async\" width=\"300\" height=\"164\" src=\"https:\/\/www.uv.mx\/filu\/files\/2022\/11\/07092022-KARINA-Trilogi\u0301a-Dialogo-de-saberes-300x164.jpg\" class=\"attachment-medium size-medium\" alt=\"\" srcset=\"https:\/\/www.uv.mx\/filu\/files\/2022\/11\/07092022-KARINA-Trilogi\u0301a-Dialogo-de-saberes-300x164.jpg 300w, https:\/\/www.uv.mx\/filu\/files\/2022\/11\/07092022-KARINA-Trilogi\u0301a-Dialogo-de-saberes.jpg 722w\" sizes=\"auto, (max-width: 300px) 100vw, 300px\" \/><\/a>\n\t\t\t<\/div><\/figure><figure class='gallery-item'>\n\t\t\t<div class='gallery-icon landscape'>\n\t\t\t\t<a href='https:\/\/www.uv.mx\/filu\/files\/2022\/11\/07092022-Trilogi\u0301a-3-Dialogo-de-saberes.jpg'><img loading=\"lazy\" decoding=\"async\" width=\"300\" height=\"179\" src=\"https:\/\/www.uv.mx\/filu\/files\/2022\/11\/07092022-Trilogi\u0301a-3-Dialogo-de-saberes-300x179.jpg\" class=\"attachment-medium size-medium\" alt=\"\" srcset=\"https:\/\/www.uv.mx\/filu\/files\/2022\/11\/07092022-Trilogi\u0301a-3-Dialogo-de-saberes-300x179.jpg 300w, https:\/\/www.uv.mx\/filu\/files\/2022\/11\/07092022-Trilogi\u0301a-3-Dialogo-de-saberes.jpg 722w\" sizes=\"auto, (max-width: 300px) 100vw, 300px\" \/><\/a>\n\t\t\t<\/div><\/figure>\n\t\t<\/div>\n\n\n","protected":false},"excerpt":{"rendered":"<p>Foro Acad\u00e9mico &#8211; Conferencia magistral de Arturo Alvarado Mendoza &nbsp; Conferencia: Claudio Arrau y la Orquesta Sinf\u00f3nica de Xalapa &nbsp; Homenaje a Jorge L\u00f3pez P\u00e1ez en el centenario de su nacimiento &nbsp; Foro Acad\u00e9mico &#8211; Mesa 10: Formaci\u00f3n de recursos humanos en ciencias de la salud &nbsp; Foro Acad\u00e9mico &#8211; Mesa 11: Movimiento social y [&hellip;]<\/p>\n","protected":false},"author":1795,"featured_media":0,"comment_status":"closed","ping_status":"closed","sticky":false,"template":"","format":"standard","meta":{"footnotes":""},"categories":[27],"tags":[],"class_list":["post-8300","post","type-post","status-publish","format-standard","hentry","category-galeria2022"],"_links":{"self":[{"href":"https:\/\/www.uv.mx\/filu\/wp-json\/wp\/v2\/posts\/8300","targetHints":{"allow":["GET"]}}],"collection":[{"href":"https:\/\/www.uv.mx\/filu\/wp-json\/wp\/v2\/posts"}],"about":[{"href":"https:\/\/www.uv.mx\/filu\/wp-json\/wp\/v2\/types\/post"}],"author":[{"embeddable":true,"href":"https:\/\/www.uv.mx\/filu\/wp-json\/wp\/v2\/users\/1795"}],"replies":[{"embeddable":true,"href":"https:\/\/www.uv.mx\/filu\/wp-json\/wp\/v2\/comments?post=8300"}],"version-history":[{"count":2,"href":"https:\/\/www.uv.mx\/filu\/wp-json\/wp\/v2\/posts\/8300\/revisions"}],"predecessor-version":[{"id":8987,"href":"https:\/\/www.uv.mx\/filu\/wp-json\/wp\/v2\/posts\/8300\/revisions\/8987"}],"wp:attachment":[{"href":"https:\/\/www.uv.mx\/filu\/wp-json\/wp\/v2\/media?parent=8300"}],"wp:term":[{"taxonomy":"category","embeddable":true,"href":"https:\/\/www.uv.mx\/filu\/wp-json\/wp\/v2\/categories?post=8300"},{"taxonomy":"post_tag","embeddable":true,"href":"https:\/\/www.uv.mx\/filu\/wp-json\/wp\/v2\/tags?post=8300"}],"curies":[{"name":"wp","href":"https:\/\/api.w.org\/{rel}","templated":true}]}}