
{"id":8092,"date":"2022-09-05T19:02:42","date_gmt":"2022-09-06T00:02:42","guid":{"rendered":"https:\/\/www.uv.mx\/filu\/?p=8092"},"modified":"2022-09-11T02:44:38","modified_gmt":"2022-09-11T07:44:38","slug":"laura-restrepo-estara-el-10-de-septiembre-en-la-filu","status":"publish","type":"post","link":"https:\/\/www.uv.mx\/filu\/noticias2022\/laura-restrepo-estara-el-10-de-septiembre-en-la-filu\/","title":{"rendered":"Laura Restrepo estar\u00e1 el 10 de septiembre en la FILU"},"content":{"rendered":"<ul>\n<li><em>Presentar\u00e1 la novela \u201cCanci\u00f3n de antiguos amantes\u201d en el Foro Miguel V\u00e9lez Arceo de la Casa del Lago UV<\/em><\/li>\n<li><em>La autora colombiana acompa\u00f1a, con este emocionante relato, el eterno caminar de las mujeres migrantes, que pese a cojeras y tropiezos siempre se levantan<\/em><\/li>\n<\/ul>\n<p>\u00bfD\u00f3nde est\u00e1 la reina de Saba? Grit\u00f3 Bos Mutas, el joven escritor que lleg\u00f3 a Yemen dispuesto a descifrar el mito de la mujer con un pie deforme, a \u00e9sa cuya bella madre mand\u00f3 a matar siendo beb\u00e9. Este es el personaje con el que la escritora colombiana Laura Restrepo une en la l\u00ednea del tiempo a otros personajes hist\u00f3ricos como Salom\u00f3n, para volverlos protagonistas de su \u00faltima novela \u201cCanci\u00f3n de antiguos amantes\u201d, con la cual participar\u00e1 en la Feria Internacional del Libro Universitario (FILU) el 10 de septiembre, de 14:00 a 14:50 horas en el Foro Miguel V\u00e9lez Arceo de la Casa del Lago UV.<\/p>\n<p>&nbsp;<\/p>\n<p><a href=\"https:\/\/www.uv.mx\/filu\/files\/2022\/09\/FOTOS-COPIA-1.jpg\"><img loading=\"lazy\" decoding=\"async\" class=\"aligncenter wp-image-8094 size-medium\" src=\"https:\/\/www.uv.mx\/filu\/files\/2022\/09\/FOTOS-COPIA-1-300x277.jpg\" alt=\"\" width=\"300\" height=\"277\" srcset=\"https:\/\/www.uv.mx\/filu\/files\/2022\/09\/FOTOS-COPIA-1-300x277.jpg 300w, https:\/\/www.uv.mx\/filu\/files\/2022\/09\/FOTOS-COPIA-1-768x710.jpg 768w, https:\/\/www.uv.mx\/filu\/files\/2022\/09\/FOTOS-COPIA-1.jpg 855w\" sizes=\"auto, (max-width: 300px) 100vw, 300px\" \/><\/a><\/p>\n<p>&nbsp;<\/p>\n<p>Leticia Mora Perdomo y Le\u00f3n Alfonso Colorado Hern\u00e1ndez ser\u00e1n quienes dialoguen con la autora colombiana.<\/p>\n<p>Laura Restrepo acompa\u00f1a, con este emocionante relato, el eterno caminar de las mujeres migrantes, que pese a cojeras y tropiezos siempre se levantan, siguen adelante, aprenden a mirar cada vez m\u00e1s lejos y traspasan las fronteras del tiempo y el espacio. <a href=\"https:\/\/www.penguinlibros.com\/mx\/literatura-contemporanea\/298006-libro-cancion-de-antiguos-amantes-9786073814959\" target=\"_blank\" rel=\"noopener\">Canci\u00f3n de antiguos amantes<\/a> esboza una propuesta seductora: \u00bfy si el gran himno del final de los tiempos no es el Apocalipsis? \u00bfY si fuera m\u00e1s bien el Cantar de los Cantares?<\/p>\n<p>&nbsp;<\/p>\n<p><strong>Semblanza<\/strong><\/p>\n<p><strong>Laura Restrepo<\/strong> (Bogot\u00e1, 1950) ha publicado los libros Historia de un entusiasmo; La Isla de la Pasi\u00f3n; Leopardo al sol; Dulce compa\u00f1\u00eda; La novia oscura; La multitud errante; Olor a rosas invisibles; Demasiados h\u00e9roes; Hot Sur y Pecado. Ha merecido varias distinciones, entre ellas el Premio Sor Juana In\u00e9s de la Cruz de novela escrita por mujeres; el Premio Alfaguara de Novela 2004; el Prix France Culture a la mejor novela extranjera publicada en Francia, en 1998; el Premio Arzobispo Juan de San Clemente 2003, y el Premio Grinzane Cavour 2006 a la mejor novela extranjera publicada en Italia.<\/p>\n<p>&nbsp;<\/p>\n<p>Leer un fragmento:<a href=\"https:\/\/bit.ly\/3PokJdK\" target=\"_blank\" rel=\"noopener\"> https:\/\/bit.ly\/3PokJdK<\/a><\/p>\n","protected":false},"excerpt":{"rendered":"<p>Presentar\u00e1 la novela \u201cCanci\u00f3n de antiguos amantes\u201d en el Foro Miguel V\u00e9lez Arceo de la Casa del Lago UV La autora colombiana acompa\u00f1a, con este emocionante relato, el eterno caminar de las mujeres migrantes, que pese a cojeras y tropiezos siempre se levantan \u00bfD\u00f3nde est\u00e1 la reina de Saba? Grit\u00f3 Bos Mutas, el joven escritor [&hellip;]<\/p>\n","protected":false},"author":1795,"featured_media":8093,"comment_status":"closed","ping_status":"closed","sticky":false,"template":"","format":"standard","meta":{"footnotes":""},"categories":[19],"tags":[],"class_list":["post-8092","post","type-post","status-publish","format-standard","has-post-thumbnail","hentry","category-noticias2022"],"_links":{"self":[{"href":"https:\/\/www.uv.mx\/filu\/wp-json\/wp\/v2\/posts\/8092","targetHints":{"allow":["GET"]}}],"collection":[{"href":"https:\/\/www.uv.mx\/filu\/wp-json\/wp\/v2\/posts"}],"about":[{"href":"https:\/\/www.uv.mx\/filu\/wp-json\/wp\/v2\/types\/post"}],"author":[{"embeddable":true,"href":"https:\/\/www.uv.mx\/filu\/wp-json\/wp\/v2\/users\/1795"}],"replies":[{"embeddable":true,"href":"https:\/\/www.uv.mx\/filu\/wp-json\/wp\/v2\/comments?post=8092"}],"version-history":[{"count":1,"href":"https:\/\/www.uv.mx\/filu\/wp-json\/wp\/v2\/posts\/8092\/revisions"}],"predecessor-version":[{"id":8095,"href":"https:\/\/www.uv.mx\/filu\/wp-json\/wp\/v2\/posts\/8092\/revisions\/8095"}],"wp:featuredmedia":[{"embeddable":true,"href":"https:\/\/www.uv.mx\/filu\/wp-json\/wp\/v2\/media\/8093"}],"wp:attachment":[{"href":"https:\/\/www.uv.mx\/filu\/wp-json\/wp\/v2\/media?parent=8092"}],"wp:term":[{"taxonomy":"category","embeddable":true,"href":"https:\/\/www.uv.mx\/filu\/wp-json\/wp\/v2\/categories?post=8092"},{"taxonomy":"post_tag","embeddable":true,"href":"https:\/\/www.uv.mx\/filu\/wp-json\/wp\/v2\/tags?post=8092"}],"curies":[{"name":"wp","href":"https:\/\/api.w.org\/{rel}","templated":true}]}}