
{"id":8084,"date":"2022-09-07T13:34:36","date_gmt":"2022-09-07T18:34:36","guid":{"rendered":"https:\/\/www.uv.mx\/filu\/?p=8084"},"modified":"2022-09-11T02:44:02","modified_gmt":"2022-09-11T07:44:02","slug":"hugo-hiriart-trae-a-la-filu-lo-diferente-iniciacion-a-la-mistica","status":"publish","type":"post","link":"https:\/\/www.uv.mx\/filu\/noticias2022\/hugo-hiriart-trae-a-la-filu-lo-diferente-iniciacion-a-la-mistica\/","title":{"rendered":"Hugo Hiriart trae a la FILU \u201cLo diferente. Iniciaci\u00f3n a la m\u00edstica\u201d\u00a0"},"content":{"rendered":"<ul>\n<li><i><span data-contrast=\"auto\">El viernes 9 de septiembre en punto de las 16 horas, en el Foro Miguel V\u00e9lez Arceo, mismo que se encuentra en la Casa del Lago UV, en la ciudad de Xalapa<\/span><\/i><span data-ccp-props=\"{&quot;201341983&quot;:0,&quot;335559739&quot;:0,&quot;335559740&quot;:240}\">\u00a0<\/span><\/li>\n<\/ul>\n<p><span data-ccp-props=\"{&quot;201341983&quot;:0,&quot;335559739&quot;:0,&quot;335559740&quot;:240}\">\u00a0<\/span><\/p>\n<p><span data-ccp-props=\"{&quot;201341983&quot;:0,&quot;335559739&quot;:0,&quot;335559740&quot;:240}\">\u00a0<\/span><b><span data-contrast=\"auto\">Xalapa, Ver.,<\/span><\/b><span data-contrast=\"auto\"> Hugo Hiriart, uno de los escritores m\u00e1s brillantes en lengua espa\u00f1ola, vendr\u00e1 a compartir su \u00faltima obra: \u201cLo diferente. Iniciaci\u00f3n a la m\u00edstica\u201d, el pr\u00f3ximo 9 de septiembre, en la Feria Internacional del Libro Universitario que se lleva a cabo en la Casa del Lago de la Universidad Veracruzana (UV) y en foros ubicados dentro de la Unidad de Artes. La cita es a las 16:00 horas en el Foro Miguel V\u00e9lez Arceo.\u00a0<\/span><span data-ccp-props=\"{&quot;201341983&quot;:0,&quot;335559739&quot;:0,&quot;335559740&quot;:240}\">\u00a0<\/span><\/p>\n<p><span data-contrast=\"auto\">La obra, publicada por <\/span><strong><i>Literatura <\/i><\/strong><span data-contrast=\"auto\">Random House se encuentra entre un ensayo literario y un libro confesional, invita al lector a reflexionar sobre la experiencia religiosa y, sobre todo, a descubrir lo regocijante y singular que es el camino m\u00edstico. En medio de una prosa conversada, el autor, atraviesa temas como el mal, la presencia de Dios y la compasi\u00f3n, sumando as\u00ed inquietudes y asombros a la constelaci\u00f3n personal de lo sagrado.<\/span><span data-ccp-props=\"{&quot;201341983&quot;:0,&quot;335559731&quot;:708,&quot;335559739&quot;:0,&quot;335559740&quot;:240}\">\u00a0<\/span><\/p>\n<p>&nbsp;<\/p>\n<figure id=\"attachment_8082\" aria-describedby=\"caption-attachment-8082\" style=\"width: 300px\" class=\"wp-caption aligncenter\"><a href=\"https:\/\/www.uv.mx\/filu\/files\/2022\/09\/9SEPT-Lo-diferente-1.jpg\"><img loading=\"lazy\" decoding=\"async\" class=\"wp-image-8082 size-medium\" src=\"https:\/\/www.uv.mx\/filu\/files\/2022\/09\/9SEPT-Lo-diferente-1-300x300.jpg\" alt=\"Presentar\u00e1n en la FILU: \u201cLo diferente. Iniciaci\u00f3n a la m\u00edstica\u201d \" width=\"300\" height=\"300\" srcset=\"https:\/\/www.uv.mx\/filu\/files\/2022\/09\/9SEPT-Lo-diferente-1-300x300.jpg 300w, https:\/\/www.uv.mx\/filu\/files\/2022\/09\/9SEPT-Lo-diferente-1-1024x1024.jpg 1024w, https:\/\/www.uv.mx\/filu\/files\/2022\/09\/9SEPT-Lo-diferente-1-150x150.jpg 150w, https:\/\/www.uv.mx\/filu\/files\/2022\/09\/9SEPT-Lo-diferente-1-768x768.jpg 768w, https:\/\/www.uv.mx\/filu\/files\/2022\/09\/9SEPT-Lo-diferente-1.jpg 1200w\" sizes=\"auto, (max-width: 300px) 100vw, 300px\" \/><\/a><figcaption id=\"caption-attachment-8082\" class=\"wp-caption-text\">Presentar\u00e1n en la FILU: \u201cLo diferente. Iniciaci\u00f3n a la m\u00edstica\u201d<\/figcaption><\/figure>\n<p>&nbsp;<\/p>\n<p><span data-contrast=\"auto\">Comparte las memorias sobre su relaci\u00f3n \u00edntima y solitaria con Dios, as\u00ed como las aproximaciones religiosas, filos\u00f3ficas y teol\u00f3gicas de grandes pensadores como Pascal, William James, Rudolf Otto, Simone Weil, Romano Guardini, Simone de Beauvoir, y de sus maestros Jos\u00e9 Gaos, Luis Villoro y Gallegos Rocafull.<\/span><span data-ccp-props=\"{&quot;201341983&quot;:0,&quot;335559739&quot;:0,&quot;335559740&quot;:240}\">\u00a0<\/span><\/p>\n<p><span data-contrast=\"auto\">D<\/span><span data-contrast=\"auto\">urante la presentaci\u00f3n se contar\u00e1 con la participaci\u00f3n del autor, Jos\u00e9 Luis Mart\u00ednez Morales y la moderaci\u00f3n de Olivia Jarvio Fern\u00e1ndez.<\/span><span data-ccp-props=\"{&quot;201341983&quot;:0,&quot;335559731&quot;:708,&quot;335559739&quot;:0,&quot;335559740&quot;:240}\">\u00a0<\/span><\/p>\n","protected":false},"excerpt":{"rendered":"<p>El viernes 9 de septiembre en punto de las 16 horas, en el Foro Miguel V\u00e9lez Arceo, mismo que se encuentra en la Casa del Lago UV, en la ciudad de Xalapa\u00a0 \u00a0 \u00a0Xalapa, Ver., Hugo Hiriart, uno de los escritores m\u00e1s brillantes en lengua espa\u00f1ola, vendr\u00e1 a compartir su \u00faltima obra: \u201cLo diferente. Iniciaci\u00f3n [&hellip;]<\/p>\n","protected":false},"author":1795,"featured_media":8124,"comment_status":"closed","ping_status":"closed","sticky":false,"template":"","format":"standard","meta":{"footnotes":""},"categories":[19],"tags":[],"class_list":["post-8084","post","type-post","status-publish","format-standard","has-post-thumbnail","hentry","category-noticias2022"],"_links":{"self":[{"href":"https:\/\/www.uv.mx\/filu\/wp-json\/wp\/v2\/posts\/8084","targetHints":{"allow":["GET"]}}],"collection":[{"href":"https:\/\/www.uv.mx\/filu\/wp-json\/wp\/v2\/posts"}],"about":[{"href":"https:\/\/www.uv.mx\/filu\/wp-json\/wp\/v2\/types\/post"}],"author":[{"embeddable":true,"href":"https:\/\/www.uv.mx\/filu\/wp-json\/wp\/v2\/users\/1795"}],"replies":[{"embeddable":true,"href":"https:\/\/www.uv.mx\/filu\/wp-json\/wp\/v2\/comments?post=8084"}],"version-history":[{"count":1,"href":"https:\/\/www.uv.mx\/filu\/wp-json\/wp\/v2\/posts\/8084\/revisions"}],"predecessor-version":[{"id":8085,"href":"https:\/\/www.uv.mx\/filu\/wp-json\/wp\/v2\/posts\/8084\/revisions\/8085"}],"wp:featuredmedia":[{"embeddable":true,"href":"https:\/\/www.uv.mx\/filu\/wp-json\/wp\/v2\/media\/8124"}],"wp:attachment":[{"href":"https:\/\/www.uv.mx\/filu\/wp-json\/wp\/v2\/media?parent=8084"}],"wp:term":[{"taxonomy":"category","embeddable":true,"href":"https:\/\/www.uv.mx\/filu\/wp-json\/wp\/v2\/categories?post=8084"},{"taxonomy":"post_tag","embeddable":true,"href":"https:\/\/www.uv.mx\/filu\/wp-json\/wp\/v2\/tags?post=8084"}],"curies":[{"name":"wp","href":"https:\/\/api.w.org\/{rel}","templated":true}]}}