
{"id":8047,"date":"2022-09-03T02:09:43","date_gmt":"2022-09-03T07:09:43","guid":{"rendered":"https:\/\/www.uv.mx\/filu\/?p=8047"},"modified":"2022-09-03T02:09:43","modified_gmt":"2022-09-03T07:09:43","slug":"foro-academico-de-la-filu-conjuntara-a-analistas-y-actores-sociales","status":"publish","type":"post","link":"https:\/\/www.uv.mx\/filu\/noticias2022\/foro-academico-de-la-filu-conjuntara-a-analistas-y-actores-sociales\/","title":{"rendered":"Foro acad\u00e9mico de la FILU conjuntar\u00e1 a analistas y actores sociales"},"content":{"rendered":"<ul>\n<li data-leveltext=\"\uf0b7\" data-font=\"Symbol\" data-listid=\"1\" data-list-defn-props=\"{&quot;335552541&quot;:1,&quot;335559684&quot;:-2,&quot;335559685&quot;:720,&quot;335559991&quot;:360,&quot;469769226&quot;:&quot;Symbol&quot;,&quot;469769242&quot;:[8226],&quot;469777803&quot;:&quot;left&quot;,&quot;469777804&quot;:&quot;\uf0b7&quot;,&quot;469777815&quot;:&quot;hybridMultilevel&quot;}\" data-aria-posinset=\"1\" data-aria-level=\"1\"><i><span data-contrast=\"auto\">En 13 mesas de trabajo se abordar\u00e1 la importancia de problem\u00e1ticas sociales, la colectividad en movimiento, las identidades y testimonios sobre violencia<\/span><\/i><span data-ccp-props=\"{&quot;201341983&quot;:0,&quot;335559739&quot;:0,&quot;335559740&quot;:240}\">\u00a0<\/span><\/li>\n<\/ul>\n<p><span data-ccp-props=\"{&quot;201341983&quot;:0,&quot;335559739&quot;:0,&quot;335559740&quot;:240}\">\u00a0<\/span><\/p>\n<p><b><i><span data-contrast=\"auto\">Xalapa, Ver. &#8211;<\/span><\/i><\/b><span data-contrast=\"auto\"> La Feria Internacional de la Universidad Veracruzana (UV) realizar\u00e1, del 5 al 7 de septiembre, el Foro Acad\u00e9mico: <\/span><i><span data-contrast=\"auto\">Tiempos de cambio: movimientos sociales, democracias y pol\u00edticas p\u00fablicas<\/span><\/i><span data-contrast=\"auto\">. Evento dirigido a juventudes, colectivos, y p\u00fablico interesado en t\u00f3picos humanitarios.<\/span><span data-ccp-props=\"{&quot;201341983&quot;:0,&quot;335559739&quot;:0,&quot;335559740&quot;:240}\">\u00a0<\/span><\/p>\n<p><span data-contrast=\"auto\">La inauguraci\u00f3n est\u00e1 contemplada para el lunes 5, de 12:00 a 13:00 horas, en la sede principal de la Casa del Lago UV, el Foro Miguel V\u00e9lez Arceo, donde se entregar\u00e1n las Medallas al M\u00e9rito Universidad Veracruzana a Pedro Pablo Zegers, Magrit Frenk Freund, Arturo Alvarado Mendoza y Jorge Castillo Rodr\u00edguez. \u00c9ste \u00faltimo ofrecer\u00e1 una conferencia magistral despu\u00e9s de recibir su medalla.<\/span><span data-ccp-props=\"{&quot;201341983&quot;:0,&quot;335559731&quot;:708,&quot;335559739&quot;:0,&quot;335559740&quot;:240}\">\u00a0<\/span><\/p>\n<p><span data-contrast=\"auto\">Este mismo d\u00eda, de las 17:00 a las 17:50 horas, pero en la Sala Anexa Tlaqn\u00e1 Centro Cultural, Mar\u00eda del Roc\u00edo Ochoa Garc\u00eda (UV), Natalia De Marinis (CIESAS-Golfo) y Luc\u00eda \u00c1lvarez Enr\u00edquez (UNAM), moderadas por Jacqueline Estrada Bautista (Agencia EFEM), hablar\u00e1n sobre <\/span><i><span data-contrast=\"auto\">Feminismos del siglo XXI: nuevas y viejas demandas, <\/span><\/i><span data-contrast=\"auto\">tema con el que comienzan las mesas programadas en este importante foro.<\/span><span data-ccp-props=\"{&quot;201341983&quot;:0,&quot;335559731&quot;:708,&quot;335559739&quot;:0,&quot;335559740&quot;:240}\">\u00a0<\/span><\/p>\n<p><span data-contrast=\"auto\">En el mismo recinto se llevar\u00e1n a cabo las mesas 2, 3 y 4, tambi\u00e9n el 5 de septiembre. De 18:00 a 18:50 horas, la Mesa 2: Modelo econ\u00f3mico y justicia social: cobertura de salarios y pensiones. Contando con la participaci\u00f3n de: Daniela Guadalupe Griego Ceballos (IPE, Veracruz.), Marissa del Rosario Mart\u00ednez Preece (UAM-AZC), Francisco L\u00f3pez Herrera (UNAM) y Ferm\u00edn Isa\u00edas Cabo Leyva (UV). Modera: \u00d3scar Rodr\u00edguez Medina (UNAM).<\/span><span data-ccp-props=\"{&quot;201341983&quot;:0,&quot;335559739&quot;:0,&quot;335559740&quot;:240}\">\u00a0<\/span><\/p>\n<p><span data-contrast=\"auto\">De 19:00 a 19:50 horas, la Mesa 3: Derechos urbanos: El derecho humano a la vivienda y la producci\u00f3n social del h\u00e1bitat. Con la participaci\u00f3n de Mar\u00eda de Lourdes Garc\u00eda V\u00e1zquez (UNAM), Gustavo Romero Fern\u00e1ndez (UNAM) y Georgina Ram\u00edrez Sandoval (UAM-AZC). Modera: Roberto de Jes\u00fas Olavarrieta Marenco (UV).<\/span><span data-ccp-props=\"{&quot;201341983&quot;:0,&quot;335559731&quot;:708,&quot;335559739&quot;:0,&quot;335559740&quot;:240}\">\u00a0<\/span><\/p>\n<p><span data-contrast=\"auto\">\u00a0Y de 20:00 a 20:00 horas la Mesa 4: Formas de gobierno y derechos fundamentales (humanos, civiles y pol\u00edticos) en Am\u00e9rica Latina. Participan: Malik Tahar Chaouch (IIHS-UV), Francisco Juli\u00e1n Durazo Hermann (Universit\u00e9 du Qu\u00e9bec<\/span><span data-contrast=\"auto\"> \u00e0 <\/span><span data-contrast=\"auto\">Montr\u00e9al) y Mauricio Lascurain Fern\u00e1ndez (UV). Modera: Jos\u00e9 Francisco B\u00e1ez Corona (UV).<\/span><span data-ccp-props=\"{&quot;201341983&quot;:0,&quot;335559731&quot;:708,&quot;335559739&quot;:160,&quot;335559740&quot;:259}\">\u00a0<\/span><\/p>\n<p>&nbsp;<\/p>\n<div id='gallery-1' class='gallery galleryid-8047 gallery-columns-3 gallery-size-thumbnail'><figure class='gallery-item'>\n\t\t\t<div class='gallery-icon landscape'>\n\t\t\t\t<a href='https:\/\/www.uv.mx\/filu\/files\/2022\/09\/Mesa_3-IG-1.jpg'><img loading=\"lazy\" decoding=\"async\" width=\"150\" height=\"150\" src=\"https:\/\/www.uv.mx\/filu\/files\/2022\/09\/Mesa_3-IG-1-150x150.jpg\" class=\"attachment-thumbnail size-thumbnail\" alt=\"\" srcset=\"https:\/\/www.uv.mx\/filu\/files\/2022\/09\/Mesa_3-IG-1-150x150.jpg 150w, https:\/\/www.uv.mx\/filu\/files\/2022\/09\/Mesa_3-IG-1-300x300.jpg 300w, https:\/\/www.uv.mx\/filu\/files\/2022\/09\/Mesa_3-IG-1-1024x1024.jpg 1024w, https:\/\/www.uv.mx\/filu\/files\/2022\/09\/Mesa_3-IG-1-768x768.jpg 768w, https:\/\/www.uv.mx\/filu\/files\/2022\/09\/Mesa_3-IG-1.jpg 1080w\" sizes=\"auto, (max-width: 150px) 100vw, 150px\" \/><\/a>\n\t\t\t<\/div><\/figure><figure class='gallery-item'>\n\t\t\t<div class='gallery-icon landscape'>\n\t\t\t\t<a href='https:\/\/www.uv.mx\/filu\/files\/2022\/09\/Mesa_1-IG-1.jpg'><img loading=\"lazy\" decoding=\"async\" width=\"150\" height=\"150\" src=\"https:\/\/www.uv.mx\/filu\/files\/2022\/09\/Mesa_1-IG-1-150x150.jpg\" class=\"attachment-thumbnail size-thumbnail\" alt=\"\" srcset=\"https:\/\/www.uv.mx\/filu\/files\/2022\/09\/Mesa_1-IG-1-150x150.jpg 150w, https:\/\/www.uv.mx\/filu\/files\/2022\/09\/Mesa_1-IG-1-300x300.jpg 300w, https:\/\/www.uv.mx\/filu\/files\/2022\/09\/Mesa_1-IG-1-1024x1024.jpg 1024w, https:\/\/www.uv.mx\/filu\/files\/2022\/09\/Mesa_1-IG-1-768x768.jpg 768w, https:\/\/www.uv.mx\/filu\/files\/2022\/09\/Mesa_1-IG-1.jpg 1080w\" sizes=\"auto, (max-width: 150px) 100vw, 150px\" \/><\/a>\n\t\t\t<\/div><\/figure><figure class='gallery-item'>\n\t\t\t<div class='gallery-icon landscape'>\n\t\t\t\t<a href='https:\/\/www.uv.mx\/filu\/files\/2022\/09\/Mesa_2-IG-1.jpg'><img loading=\"lazy\" decoding=\"async\" width=\"150\" height=\"150\" src=\"https:\/\/www.uv.mx\/filu\/files\/2022\/09\/Mesa_2-IG-1-150x150.jpg\" class=\"attachment-thumbnail size-thumbnail\" alt=\"\" srcset=\"https:\/\/www.uv.mx\/filu\/files\/2022\/09\/Mesa_2-IG-1-150x150.jpg 150w, https:\/\/www.uv.mx\/filu\/files\/2022\/09\/Mesa_2-IG-1-300x300.jpg 300w, https:\/\/www.uv.mx\/filu\/files\/2022\/09\/Mesa_2-IG-1-1024x1024.jpg 1024w, https:\/\/www.uv.mx\/filu\/files\/2022\/09\/Mesa_2-IG-1-768x768.jpg 768w, https:\/\/www.uv.mx\/filu\/files\/2022\/09\/Mesa_2-IG-1.jpg 1080w\" sizes=\"auto, (max-width: 150px) 100vw, 150px\" \/><\/a>\n\t\t\t<\/div><\/figure><figure class='gallery-item'>\n\t\t\t<div class='gallery-icon landscape'>\n\t\t\t\t<a href='https:\/\/www.uv.mx\/filu\/files\/2022\/09\/Mesa_4-IG-1.jpg'><img loading=\"lazy\" decoding=\"async\" width=\"150\" height=\"150\" src=\"https:\/\/www.uv.mx\/filu\/files\/2022\/09\/Mesa_4-IG-1-150x150.jpg\" class=\"attachment-thumbnail size-thumbnail\" alt=\"\" srcset=\"https:\/\/www.uv.mx\/filu\/files\/2022\/09\/Mesa_4-IG-1-150x150.jpg 150w, https:\/\/www.uv.mx\/filu\/files\/2022\/09\/Mesa_4-IG-1-300x300.jpg 300w, https:\/\/www.uv.mx\/filu\/files\/2022\/09\/Mesa_4-IG-1-1024x1024.jpg 1024w, https:\/\/www.uv.mx\/filu\/files\/2022\/09\/Mesa_4-IG-1-768x768.jpg 768w, https:\/\/www.uv.mx\/filu\/files\/2022\/09\/Mesa_4-IG-1.jpg 1080w\" sizes=\"auto, (max-width: 150px) 100vw, 150px\" \/><\/a>\n\t\t\t<\/div><\/figure>\n\t\t<\/div>\n\n<p>&nbsp;<\/p>\n<p><b><span data-contrast=\"auto\">Mesas del 6 de septiembre<\/span><\/b><span data-ccp-props=\"{&quot;201341983&quot;:0,&quot;335559739&quot;:160,&quot;335559740&quot;:259}\">\u00a0<\/span><\/p>\n<p><span data-contrast=\"auto\">Este d\u00eda comienza con la Mesa 5: Movimientos estudiantiles, educaci\u00f3n y relevo generacional. De 14:00 a 14:50 horas, en la que participan: Sergio Tamayo (UAM), Massimo Modonesi (UNAM) y Miguel \u00c1ngel Ram\u00edrez Zaragoza (UNAM). Modera: Dora Cecilia S\u00e1nchez Hidalgo (UV).<\/span><span data-ccp-props=\"{&quot;201341983&quot;:0,&quot;335559731&quot;:708,&quot;335559739&quot;:0,&quot;335559740&quot;:240}\">\u00a0<\/span><\/p>\n<p><span data-contrast=\"auto\">De 17 :00 a 17:50 horas se presentar\u00e1 la Mesa 6: Identidades en resistencia: la voz de los pueblos originarios. En participac\u00edon: Jes\u00fas Alberto Flores Mart\u00ednez (UV-Intercultural), Ren\u00e9 Esteban Trinidad (INPI Puebla-Tlaxcala) y Natalio Hern\u00e1ndez Hern\u00e1ndez (Universidad de las Lenguas Ind\u00edgenas de M\u00e9xico). Modera: Daniel Bello L\u00f3pez (UV-Intercultural).<\/span><span data-ccp-props=\"{&quot;201341983&quot;:0,&quot;335559731&quot;:708,&quot;335559739&quot;:0,&quot;335559740&quot;:240}\">\u00a0<\/span><\/p>\n<p><span data-contrast=\"auto\">De 18:00 a 18:50 horas, la Mesa 7:\u202fMemoria hist\u00f3rica y cambio constitucional. Dialogar\u00e1n Rodolfo Gami\u00f1o Mu\u00f1oz (IBERO), Jos\u00e9 Lorenzo \u00c1lvarez Montero (UV) y (v\u00eda remota)\u202fTaeli G\u00f3mez Francisco (Universidad de Atacama, Chile). Modera: Jorge Alberto Rivero Mora (UV).<\/span><span data-ccp-props=\"{&quot;201341983&quot;:0,&quot;335559731&quot;:708,&quot;335559739&quot;:0,&quot;335559740&quot;:240}\">\u00a0<\/span><\/p>\n<p><span data-contrast=\"auto\">De 19:00 a 19:50 horas, la Mesa 8:\u202fViolencias de g\u00e9nero: desigualdad, acoso e inseguridad laboral; violencia f\u00edsica y vulnerabilidad social y jur\u00eddica. Participan: Pilar Vel\u00e1zquez Lacoste (UNAM) (v\u00eda remota), Mar\u00eda Eugenia Guadarrama Olivera (UV) y Anabel Ojeda Guti\u00e9rrez (UV). Modera: Ana Isabel Fontecilla Carbonell (UV).<\/span><span data-ccp-props=\"{&quot;201341983&quot;:0,&quot;335559731&quot;:708,&quot;335559739&quot;:0,&quot;335559740&quot;:240}\">\u00a0<\/span><\/p>\n<p><span data-contrast=\"auto\">Y de 20:00 a 20:50 horas, la Mesa 9:\u202fViolencia de g\u00e9nero: mandatos de g\u00e9nero y derechos sexuales y reproductivos<\/span><br \/>\n<span data-contrast=\"auto\">Participan: Estela Casados Gonz\u00e1lez (UV), Mar\u00eda del Monserrat D\u00edaz (Colectivo Feminista de Xalapa) y Guadalupe Ruiz Couti\u00f1o (CIESAS, CDMX). Modera: Grecia Jurado Azuara (UV).<\/span><span data-ccp-props=\"{&quot;201341983&quot;:0,&quot;335559731&quot;:708,&quot;335559739&quot;:0,&quot;335559740&quot;:240}\">\u00a0<\/span><\/p>\n<p>&nbsp;<\/p>\n<div id='gallery-2' class='gallery galleryid-8047 gallery-columns-3 gallery-size-thumbnail'><figure class='gallery-item'>\n\t\t\t<div class='gallery-icon landscape'>\n\t\t\t\t<a href='https:\/\/www.uv.mx\/filu\/files\/2022\/09\/Mesa_5-IG-1.jpg'><img loading=\"lazy\" decoding=\"async\" width=\"150\" height=\"150\" src=\"https:\/\/www.uv.mx\/filu\/files\/2022\/09\/Mesa_5-IG-1-150x150.jpg\" class=\"attachment-thumbnail size-thumbnail\" alt=\"\" srcset=\"https:\/\/www.uv.mx\/filu\/files\/2022\/09\/Mesa_5-IG-1-150x150.jpg 150w, https:\/\/www.uv.mx\/filu\/files\/2022\/09\/Mesa_5-IG-1-300x300.jpg 300w, https:\/\/www.uv.mx\/filu\/files\/2022\/09\/Mesa_5-IG-1-1024x1024.jpg 1024w, https:\/\/www.uv.mx\/filu\/files\/2022\/09\/Mesa_5-IG-1-768x768.jpg 768w, https:\/\/www.uv.mx\/filu\/files\/2022\/09\/Mesa_5-IG-1.jpg 1080w\" sizes=\"auto, (max-width: 150px) 100vw, 150px\" \/><\/a>\n\t\t\t<\/div><\/figure><figure class='gallery-item'>\n\t\t\t<div class='gallery-icon landscape'>\n\t\t\t\t<a href='https:\/\/www.uv.mx\/filu\/files\/2022\/09\/Mesa_6-IG-1.jpg'><img loading=\"lazy\" decoding=\"async\" width=\"150\" height=\"150\" src=\"https:\/\/www.uv.mx\/filu\/files\/2022\/09\/Mesa_6-IG-1-150x150.jpg\" class=\"attachment-thumbnail size-thumbnail\" alt=\"\" srcset=\"https:\/\/www.uv.mx\/filu\/files\/2022\/09\/Mesa_6-IG-1-150x150.jpg 150w, https:\/\/www.uv.mx\/filu\/files\/2022\/09\/Mesa_6-IG-1-300x300.jpg 300w, https:\/\/www.uv.mx\/filu\/files\/2022\/09\/Mesa_6-IG-1-1024x1024.jpg 1024w, https:\/\/www.uv.mx\/filu\/files\/2022\/09\/Mesa_6-IG-1-768x768.jpg 768w, https:\/\/www.uv.mx\/filu\/files\/2022\/09\/Mesa_6-IG-1.jpg 1080w\" sizes=\"auto, (max-width: 150px) 100vw, 150px\" \/><\/a>\n\t\t\t<\/div><\/figure><figure class='gallery-item'>\n\t\t\t<div class='gallery-icon landscape'>\n\t\t\t\t<a href='https:\/\/www.uv.mx\/filu\/files\/2022\/09\/Mesa_7-IG-1.jpg'><img loading=\"lazy\" decoding=\"async\" width=\"150\" height=\"150\" src=\"https:\/\/www.uv.mx\/filu\/files\/2022\/09\/Mesa_7-IG-1-150x150.jpg\" class=\"attachment-thumbnail size-thumbnail\" alt=\"\" srcset=\"https:\/\/www.uv.mx\/filu\/files\/2022\/09\/Mesa_7-IG-1-150x150.jpg 150w, https:\/\/www.uv.mx\/filu\/files\/2022\/09\/Mesa_7-IG-1-300x300.jpg 300w, https:\/\/www.uv.mx\/filu\/files\/2022\/09\/Mesa_7-IG-1-1024x1024.jpg 1024w, https:\/\/www.uv.mx\/filu\/files\/2022\/09\/Mesa_7-IG-1-768x768.jpg 768w, https:\/\/www.uv.mx\/filu\/files\/2022\/09\/Mesa_7-IG-1.jpg 1080w\" sizes=\"auto, (max-width: 150px) 100vw, 150px\" \/><\/a>\n\t\t\t<\/div><\/figure><figure class='gallery-item'>\n\t\t\t<div class='gallery-icon landscape'>\n\t\t\t\t<a href='https:\/\/www.uv.mx\/filu\/files\/2022\/09\/Mesa_8-IG-1.jpg'><img loading=\"lazy\" decoding=\"async\" width=\"150\" height=\"150\" src=\"https:\/\/www.uv.mx\/filu\/files\/2022\/09\/Mesa_8-IG-1-150x150.jpg\" class=\"attachment-thumbnail size-thumbnail\" alt=\"\" srcset=\"https:\/\/www.uv.mx\/filu\/files\/2022\/09\/Mesa_8-IG-1-150x150.jpg 150w, https:\/\/www.uv.mx\/filu\/files\/2022\/09\/Mesa_8-IG-1-300x300.jpg 300w, https:\/\/www.uv.mx\/filu\/files\/2022\/09\/Mesa_8-IG-1-1024x1024.jpg 1024w, https:\/\/www.uv.mx\/filu\/files\/2022\/09\/Mesa_8-IG-1-768x768.jpg 768w, https:\/\/www.uv.mx\/filu\/files\/2022\/09\/Mesa_8-IG-1.jpg 1080w\" sizes=\"auto, (max-width: 150px) 100vw, 150px\" \/><\/a>\n\t\t\t<\/div><\/figure><figure class='gallery-item'>\n\t\t\t<div class='gallery-icon landscape'>\n\t\t\t\t<a href='https:\/\/www.uv.mx\/filu\/files\/2022\/09\/Mesa_9-IG-1.jpg'><img loading=\"lazy\" decoding=\"async\" width=\"150\" height=\"150\" src=\"https:\/\/www.uv.mx\/filu\/files\/2022\/09\/Mesa_9-IG-1-150x150.jpg\" class=\"attachment-thumbnail size-thumbnail\" alt=\"\" srcset=\"https:\/\/www.uv.mx\/filu\/files\/2022\/09\/Mesa_9-IG-1-150x150.jpg 150w, https:\/\/www.uv.mx\/filu\/files\/2022\/09\/Mesa_9-IG-1-300x300.jpg 300w, https:\/\/www.uv.mx\/filu\/files\/2022\/09\/Mesa_9-IG-1-1024x1024.jpg 1024w, https:\/\/www.uv.mx\/filu\/files\/2022\/09\/Mesa_9-IG-1-768x768.jpg 768w, https:\/\/www.uv.mx\/filu\/files\/2022\/09\/Mesa_9-IG-1.jpg 1080w\" sizes=\"auto, (max-width: 150px) 100vw, 150px\" \/><\/a>\n\t\t\t<\/div><\/figure>\n\t\t<\/div>\n\n<p>&nbsp;<\/p>\n<p><b><span data-contrast=\"auto\">Mesas 7 de septiembre<\/span><\/b><span data-ccp-props=\"{&quot;201341983&quot;:0,&quot;335559739&quot;:0,&quot;335559740&quot;:240}\">\u00a0<\/span><\/p>\n<p><span data-contrast=\"auto\">\u00a0En <\/span><span data-contrast=\"auto\">\u00faltimo d\u00eda <\/span><span data-contrast=\"auto\">del foro acad\u00e9mico, en la Mesa 10, se abordar\u00e1 el tema Formaci\u00f3n de recursos humanos en ciencias de la salud, de 14:00 a 14:50 horas, Octavio Enr\u00edquez Lorca (Universidad Andr\u00e9s Bello, Chile), Ricardo P\u00e1ez Moreno (UNAM), Jaqueline del Carmen Jongitud Zamora (UV) y (v\u00eda remota) Marcela Gonz\u00e1lez de Coss\u00edo (ACANEMED). Modera: Francisco Domingo V\u00e1zquez Mart\u00ednez (UV).<\/span><span data-ccp-props=\"{&quot;201341983&quot;:0,&quot;335559731&quot;:708,&quot;335559739&quot;:0,&quot;335559740&quot;:240}\">\u00a0<\/span><\/p>\n<p><span data-contrast=\"auto\">De 17:00 a 17:50 horas, la Mesa 11:\u202f<\/span><i><span data-contrast=\"auto\">Movimiento social y pandemia<\/span><\/i><span data-contrast=\"auto\">. Se reunir\u00e1n Jorge S\u00e1nchez-Mejorada Fern\u00e1ndez (UV), Uri Torruco Garc\u00eda (UNAM) y Laurie Ann Xim\u00e9nez Fyvie (UNAM). Modera: Alejandro Escobar Mesa (UV).<\/span><span data-ccp-props=\"{&quot;201341983&quot;:0,&quot;335559731&quot;:708,&quot;335559739&quot;:0,&quot;335559740&quot;:240}\">\u00a0<\/span><\/p>\n<p><span data-contrast=\"auto\">De 18:00 a 18:50 horas, la Mesa 12:\u202f<\/span><i><span data-contrast=\"auto\">Expresiones art\u00edsticas y movimientos sociales<\/span><\/i><span data-contrast=\"auto\">. Participan: Guillermina Guadarrama Pe\u00f1a (CENIDIAP), Gabriel Macotela (Artista independiente) y Alberto Arg\u00fcello Grunstein (CENIDIAP). Modera: Santiago P\u00e9rez Garci (UV).<\/span><span data-ccp-props=\"{&quot;201341983&quot;:0,&quot;335559731&quot;:708,&quot;335559739&quot;:0,&quot;335559740&quot;:240}\">\u00a0<\/span><\/p>\n<p><span data-contrast=\"auto\">\u00a0<\/span> <span data-contrast=\"auto\">Y de 19:00 a 19:50 horas la Mesa 13:\u202fMovimientos socioambientales: luchas contra el despojo del territorio, los bienes naturales y la vida. En la que participan: Mina Lorena Navarro Trujillo (BUAP), H\u00e9ctor Nahuelpan Moreno (Universidad de los Lagos, Chile) y Alejo Ruiz B\u00e1ez (PUCARL). Modera: Beatriz Torres Beristain (UV).<\/span><span data-ccp-props=\"{&quot;201341983&quot;:0,&quot;335559739&quot;:0,&quot;335559740&quot;:240}\">\u00a0<\/span><\/p>\n<p><span style=\"font-weight: 400\" data-contrast=\"auto\"><span data-ccp-parastyle=\"No Spacing\">Al final de las mesas<\/span><span data-ccp-parastyle=\"No Spacing\"> se realizar\u00e1 la clausura del foro acad\u00e9mico, contando con la participaci\u00f3n art\u00edstica del Coro de la Universidad Veracruzana, el cual presentar\u00e1 el repertorio a <\/span><span data-ccp-parastyle=\"No Spacing\">capella<\/span><span data-ccp-parastyle=\"No Spacing\"> Lenguas originarias de M\u00e9xico.<\/span><\/span><\/p>\n<p>&nbsp;<\/p>\n<div id='gallery-3' class='gallery galleryid-8047 gallery-columns-3 gallery-size-thumbnail'><figure class='gallery-item'>\n\t\t\t<div class='gallery-icon landscape'>\n\t\t\t\t<a href='https:\/\/www.uv.mx\/filu\/files\/2022\/09\/Mesa_10-IG-1.jpg'><img loading=\"lazy\" decoding=\"async\" width=\"150\" height=\"150\" src=\"https:\/\/www.uv.mx\/filu\/files\/2022\/09\/Mesa_10-IG-1-150x150.jpg\" class=\"attachment-thumbnail size-thumbnail\" alt=\"\" srcset=\"https:\/\/www.uv.mx\/filu\/files\/2022\/09\/Mesa_10-IG-1-150x150.jpg 150w, https:\/\/www.uv.mx\/filu\/files\/2022\/09\/Mesa_10-IG-1-300x300.jpg 300w, https:\/\/www.uv.mx\/filu\/files\/2022\/09\/Mesa_10-IG-1-1024x1024.jpg 1024w, https:\/\/www.uv.mx\/filu\/files\/2022\/09\/Mesa_10-IG-1-768x768.jpg 768w, https:\/\/www.uv.mx\/filu\/files\/2022\/09\/Mesa_10-IG-1.jpg 1080w\" sizes=\"auto, (max-width: 150px) 100vw, 150px\" \/><\/a>\n\t\t\t<\/div><\/figure><figure class='gallery-item'>\n\t\t\t<div class='gallery-icon landscape'>\n\t\t\t\t<a href='https:\/\/www.uv.mx\/filu\/files\/2022\/09\/Mesa_11-IG-1.jpg'><img loading=\"lazy\" decoding=\"async\" width=\"150\" height=\"150\" src=\"https:\/\/www.uv.mx\/filu\/files\/2022\/09\/Mesa_11-IG-1-150x150.jpg\" class=\"attachment-thumbnail size-thumbnail\" alt=\"\" srcset=\"https:\/\/www.uv.mx\/filu\/files\/2022\/09\/Mesa_11-IG-1-150x150.jpg 150w, https:\/\/www.uv.mx\/filu\/files\/2022\/09\/Mesa_11-IG-1-300x300.jpg 300w, https:\/\/www.uv.mx\/filu\/files\/2022\/09\/Mesa_11-IG-1-1024x1024.jpg 1024w, https:\/\/www.uv.mx\/filu\/files\/2022\/09\/Mesa_11-IG-1-768x768.jpg 768w, https:\/\/www.uv.mx\/filu\/files\/2022\/09\/Mesa_11-IG-1.jpg 1080w\" sizes=\"auto, (max-width: 150px) 100vw, 150px\" \/><\/a>\n\t\t\t<\/div><\/figure><figure class='gallery-item'>\n\t\t\t<div class='gallery-icon landscape'>\n\t\t\t\t<a href='https:\/\/www.uv.mx\/filu\/files\/2022\/09\/Mesa_12-IG-1.jpg'><img loading=\"lazy\" decoding=\"async\" width=\"150\" height=\"150\" src=\"https:\/\/www.uv.mx\/filu\/files\/2022\/09\/Mesa_12-IG-1-150x150.jpg\" class=\"attachment-thumbnail size-thumbnail\" alt=\"\" srcset=\"https:\/\/www.uv.mx\/filu\/files\/2022\/09\/Mesa_12-IG-1-150x150.jpg 150w, https:\/\/www.uv.mx\/filu\/files\/2022\/09\/Mesa_12-IG-1-300x300.jpg 300w, https:\/\/www.uv.mx\/filu\/files\/2022\/09\/Mesa_12-IG-1-1024x1024.jpg 1024w, https:\/\/www.uv.mx\/filu\/files\/2022\/09\/Mesa_12-IG-1-768x768.jpg 768w, https:\/\/www.uv.mx\/filu\/files\/2022\/09\/Mesa_12-IG-1.jpg 1080w\" sizes=\"auto, (max-width: 150px) 100vw, 150px\" \/><\/a>\n\t\t\t<\/div><\/figure><figure class='gallery-item'>\n\t\t\t<div class='gallery-icon landscape'>\n\t\t\t\t<a href='https:\/\/www.uv.mx\/filu\/files\/2022\/09\/Mesa_13-IG-1.jpg'><img loading=\"lazy\" decoding=\"async\" width=\"150\" height=\"150\" src=\"https:\/\/www.uv.mx\/filu\/files\/2022\/09\/Mesa_13-IG-1-150x150.jpg\" class=\"attachment-thumbnail size-thumbnail\" alt=\"\" srcset=\"https:\/\/www.uv.mx\/filu\/files\/2022\/09\/Mesa_13-IG-1-150x150.jpg 150w, https:\/\/www.uv.mx\/filu\/files\/2022\/09\/Mesa_13-IG-1-300x300.jpg 300w, https:\/\/www.uv.mx\/filu\/files\/2022\/09\/Mesa_13-IG-1-1024x1024.jpg 1024w, https:\/\/www.uv.mx\/filu\/files\/2022\/09\/Mesa_13-IG-1-768x768.jpg 768w, https:\/\/www.uv.mx\/filu\/files\/2022\/09\/Mesa_13-IG-1.jpg 1080w\" sizes=\"auto, (max-width: 150px) 100vw, 150px\" \/><\/a>\n\t\t\t<\/div><\/figure>\n\t\t<\/div>\n\n<p>&nbsp;<\/p>\n<p>&nbsp;<\/p>\n<p>&nbsp;<\/p>\n<p>&nbsp;<\/p>\n","protected":false},"excerpt":{"rendered":"<p>En 13 mesas de trabajo se abordar\u00e1 la importancia de problem\u00e1ticas sociales, la colectividad en movimiento, las identidades y testimonios sobre violencia\u00a0 \u00a0 Xalapa, Ver. &#8211; La Feria Internacional de la Universidad Veracruzana (UV) realizar\u00e1, del 5 al 7 de septiembre, el Foro Acad\u00e9mico: Tiempos de cambio: movimientos sociales, democracias y pol\u00edticas p\u00fablicas. Evento dirigido [&hellip;]<\/p>\n","protected":false},"author":1795,"featured_media":8060,"comment_status":"closed","ping_status":"closed","sticky":false,"template":"","format":"standard","meta":{"footnotes":""},"categories":[19],"tags":[],"class_list":["post-8047","post","type-post","status-publish","format-standard","has-post-thumbnail","hentry","category-noticias2022"],"_links":{"self":[{"href":"https:\/\/www.uv.mx\/filu\/wp-json\/wp\/v2\/posts\/8047","targetHints":{"allow":["GET"]}}],"collection":[{"href":"https:\/\/www.uv.mx\/filu\/wp-json\/wp\/v2\/posts"}],"about":[{"href":"https:\/\/www.uv.mx\/filu\/wp-json\/wp\/v2\/types\/post"}],"author":[{"embeddable":true,"href":"https:\/\/www.uv.mx\/filu\/wp-json\/wp\/v2\/users\/1795"}],"replies":[{"embeddable":true,"href":"https:\/\/www.uv.mx\/filu\/wp-json\/wp\/v2\/comments?post=8047"}],"version-history":[{"count":1,"href":"https:\/\/www.uv.mx\/filu\/wp-json\/wp\/v2\/posts\/8047\/revisions"}],"predecessor-version":[{"id":8061,"href":"https:\/\/www.uv.mx\/filu\/wp-json\/wp\/v2\/posts\/8047\/revisions\/8061"}],"wp:featuredmedia":[{"embeddable":true,"href":"https:\/\/www.uv.mx\/filu\/wp-json\/wp\/v2\/media\/8060"}],"wp:attachment":[{"href":"https:\/\/www.uv.mx\/filu\/wp-json\/wp\/v2\/media?parent=8047"}],"wp:term":[{"taxonomy":"category","embeddable":true,"href":"https:\/\/www.uv.mx\/filu\/wp-json\/wp\/v2\/categories?post=8047"},{"taxonomy":"post_tag","embeddable":true,"href":"https:\/\/www.uv.mx\/filu\/wp-json\/wp\/v2\/tags?post=8047"}],"curies":[{"name":"wp","href":"https:\/\/api.w.org\/{rel}","templated":true}]}}