
{"id":8041,"date":"2022-09-03T01:20:52","date_gmt":"2022-09-03T06:20:52","guid":{"rendered":"https:\/\/www.uv.mx\/filu\/?p=8041"},"modified":"2022-09-06T18:45:52","modified_gmt":"2022-09-06T23:45:52","slug":"presentaran-en-la-filu-gabo-y-mercedes-una-despedida","status":"publish","type":"post","link":"https:\/\/www.uv.mx\/filu\/noticias2022\/presentaran-en-la-filu-gabo-y-mercedes-una-despedida\/","title":{"rendered":"Presentar\u00e1n en la FILU \u201cGabo y Mercedes. Una despedida\u201d\u00a0"},"content":{"rendered":"<ul>\n<li><i><span data-contrast=\"auto\">En marzo de 2014, Gabriel Garc\u00eda M\u00e1rquez, probablemente el escritor m\u00e1s querido en lengua espa\u00f1ola del siglo XX, ya anciano y enfermo, cay\u00f3 resfriado. \u201cDe \u00e9sta no salimos\u201d, le dijo Mercedes Barcha, su esposa<\/span><\/i><span data-ccp-props=\"{&quot;201341983&quot;:0,&quot;335559739&quot;:0,&quot;335559740&quot;:240}\">\u00a0<\/span><\/li>\n<li data-leveltext=\"\uf0b7\" data-font=\"Symbol\" data-listid=\"2\" data-list-defn-props=\"{&quot;335552541&quot;:1,&quot;335559684&quot;:-2,&quot;335559685&quot;:720,&quot;335559991&quot;:360,&quot;469769226&quot;:&quot;Symbol&quot;,&quot;469769242&quot;:[8226],&quot;469777803&quot;:&quot;left&quot;,&quot;469777804&quot;:&quot;\uf0b7&quot;,&quot;469777815&quot;:&quot;hybridMultilevel&quot;}\" data-aria-posinset=\"2\" data-aria-level=\"1\"><i><span data-contrast=\"auto\">El autor Rodrigo Garc\u00eda Barcha \u2013 platicar\u00e1 de manera remota- con Nelly Palafox y Juli\u00e1n Osorno<\/span><\/i><span data-ccp-props=\"{&quot;201341983&quot;:0,&quot;335559739&quot;:0,&quot;335559740&quot;:240}\">\u00a0<\/span><\/li>\n<\/ul>\n<p><span data-ccp-props=\"{&quot;201341983&quot;:0,&quot;335559739&quot;:0,&quot;335559740&quot;:240}\">\u00a0<\/span><\/p>\n<p><span data-contrast=\"auto\">La presentaci\u00f3n del libro Gabo y Mercedes. Una despedida, de Rodrigo Garc\u00eda Barcha forma parte de las actividades de la Feria Internacional del Libro Universitario (FILU) 2022, la cual se lleva a cabo del 2 al 11 de septiembre en la Casa del Lago de la Universidad Veracruzana (UV), y en otros recintos.<\/span><span data-ccp-props=\"{&quot;201341983&quot;:0,&quot;335559739&quot;:0,&quot;335559740&quot;:240}\">\u00a0<\/span><\/p>\n<p><span data-contrast=\"auto\">La obra del hijo de Gabriel Garc\u00eda M\u00e1rquez, editada bajo el sello editorial Literatura Ramdon House, se dar\u00e1 a conocer el domingo 4 de septiembre en las instalaciones del Foro Miguel V\u00e9lez Arceo (dentro de la Casa del Lago), en punto de las 12:00 horas.<\/span><span data-ccp-props=\"{&quot;201341983&quot;:0,&quot;335559739&quot;:0,&quot;335559740&quot;:240}\">\u00a0<\/span><\/p>\n<p>&nbsp;<\/p>\n<div id='gallery-1' class='gallery galleryid-8041 gallery-columns-2 gallery-size-thumbnail'><figure class='gallery-item'>\n\t\t\t<div class='gallery-icon portrait'>\n\t\t\t\t<a href='https:\/\/www.uv.mx\/filu\/files\/2022\/09\/Foto-1-Rodrigo-G.-Barcha.jpg'><img loading=\"lazy\" decoding=\"async\" width=\"150\" height=\"150\" src=\"https:\/\/www.uv.mx\/filu\/files\/2022\/09\/Foto-1-Rodrigo-G.-Barcha-150x150.jpg\" class=\"attachment-thumbnail size-thumbnail\" alt=\"\" aria-describedby=\"gallery-1-8039\" \/><\/a>\n\t\t\t<\/div>\n\t\t\t\t<figcaption class='wp-caption-text gallery-caption' id='gallery-1-8039'>\n\t\t\t\tRodrigo Garc\u00eda Barcha\n\t\t\t\t<\/figcaption><\/figure><figure class='gallery-item'>\n\t\t\t<div class='gallery-icon portrait'>\n\t\t\t\t<a href='https:\/\/www.uv.mx\/filu\/files\/2022\/09\/Foto-2-Portada-Gabo-y-Mercedes.jpg'><img loading=\"lazy\" decoding=\"async\" width=\"150\" height=\"150\" src=\"https:\/\/www.uv.mx\/filu\/files\/2022\/09\/Foto-2-Portada-Gabo-y-Mercedes-150x150.jpg\" class=\"attachment-thumbnail size-thumbnail\" alt=\"\" aria-describedby=\"gallery-1-8038\" \/><\/a>\n\t\t\t<\/div>\n\t\t\t\t<figcaption class='wp-caption-text gallery-caption' id='gallery-1-8038'>\n\t\t\t\tPortada del libro Gabo y Mercedes. Una despedida\n\t\t\t\t<\/figcaption><\/figure>\n\t\t<\/div>\n\n<p>&nbsp;<\/p>\n<p><span data-contrast=\"auto\">\u00a0<\/span> <span data-contrast=\"auto\">En sus p\u00e1ginas se encuentra una de las cr\u00f3nicas que relata, de la forma m\u00e1s \u00edntima y honesta, los \u00faltimos d\u00edas de Gabriel Garc\u00eda M\u00e1rquez.\u00a0 En marzo de 2014, Gabriel Garc\u00eda M\u00e1rquez, probablemente el escritor m\u00e1s querido en lengua espa\u00f1ola del siglo XX, ya anciano y enfermo, cay\u00f3 resfriado. \u201cDe \u00e9sta no salimos\u201d, le dijo Mercedes Barcha, su esposa desde hac\u00eda m\u00e1s de cincuenta a\u00f1os, a Rodrigo, el hijo de ambos.\u202f<\/span><span data-ccp-props=\"{&quot;201341983&quot;:0,&quot;335559739&quot;:0,&quot;335559740&quot;:240}\">\u00a0<\/span><\/p>\n<p><span data-contrast=\"auto\">Garc\u00eda Barcha da cuenta del lado m\u00e1s humano del representante m\u00e1s reconocido del llamado Boom Latinoamericano y de la mujer en la que se fij\u00f3 cuando era una ni\u00f1a de nueve a\u00f1os, quien le acompa\u00f1\u00f3 toda la vida y apenas vivi\u00f3 unos a\u00f1os m\u00e1s que \u00e9l, entrelazado de recuerdos de una vida irrepetible.<\/span><span data-ccp-props=\"{&quot;201341983&quot;:0,&quot;335559739&quot;:0,&quot;335559740&quot;:240}\">\u00a0<\/span><\/p>\n<p><span data-contrast=\"auto\">El autor naci\u00f3 en Bogot\u00e1 y fue criado entre la Ciudad de M<\/span><span data-contrast=\"auto\">\u00e9xico y Barcelona, <\/span><span data-contrast=\"auto\">realiz\u00f3 estudios en historia medieval; sin embargo, ha incursionado en el cine y la televisi\u00f3n. Su trabajo como director se encuentra en los metrajes \u201cCosas que dir\u00eda con solo mirarla\u201d, \u201cNueve vidas y Madres e hijas\u201d.<\/span><span data-ccp-props=\"{&quot;201341983&quot;:0,&quot;335559731&quot;:708,&quot;335559739&quot;:0,&quot;335559740&quot;:240}\">\u00a0<\/span><\/p>\n<p><span data-contrast=\"auto\">En esta ocasi\u00f3n para la presentaci\u00f3n del libro, se contar\u00e1 con la participaci\u00f3n del autor, de manera remota, de Nelly Palafox y Juli\u00e1n Osorno.\u00a0<\/span><span data-ccp-props=\"{&quot;201341983&quot;:0,&quot;335559731&quot;:708,&quot;335559739&quot;:0,&quot;335559740&quot;:240}\">\u00a0<\/span><\/p>\n","protected":false},"excerpt":{"rendered":"<p>En marzo de 2014, Gabriel Garc\u00eda M\u00e1rquez, probablemente el escritor m\u00e1s querido en lengua espa\u00f1ola del siglo XX, ya anciano y enfermo, cay\u00f3 resfriado. \u201cDe \u00e9sta no salimos\u201d, le dijo Mercedes Barcha, su esposa\u00a0 El autor Rodrigo Garc\u00eda Barcha \u2013 platicar\u00e1 de manera remota- con Nelly Palafox y Juli\u00e1n Osorno\u00a0 \u00a0 La presentaci\u00f3n del libro [&hellip;]<\/p>\n","protected":false},"author":1795,"featured_media":8071,"comment_status":"closed","ping_status":"closed","sticky":false,"template":"","format":"standard","meta":{"footnotes":""},"categories":[19],"tags":[],"class_list":["post-8041","post","type-post","status-publish","format-standard","has-post-thumbnail","hentry","category-noticias2022"],"_links":{"self":[{"href":"https:\/\/www.uv.mx\/filu\/wp-json\/wp\/v2\/posts\/8041","targetHints":{"allow":["GET"]}}],"collection":[{"href":"https:\/\/www.uv.mx\/filu\/wp-json\/wp\/v2\/posts"}],"about":[{"href":"https:\/\/www.uv.mx\/filu\/wp-json\/wp\/v2\/types\/post"}],"author":[{"embeddable":true,"href":"https:\/\/www.uv.mx\/filu\/wp-json\/wp\/v2\/users\/1795"}],"replies":[{"embeddable":true,"href":"https:\/\/www.uv.mx\/filu\/wp-json\/wp\/v2\/comments?post=8041"}],"version-history":[{"count":1,"href":"https:\/\/www.uv.mx\/filu\/wp-json\/wp\/v2\/posts\/8041\/revisions"}],"predecessor-version":[{"id":8042,"href":"https:\/\/www.uv.mx\/filu\/wp-json\/wp\/v2\/posts\/8041\/revisions\/8042"}],"wp:featuredmedia":[{"embeddable":true,"href":"https:\/\/www.uv.mx\/filu\/wp-json\/wp\/v2\/media\/8071"}],"wp:attachment":[{"href":"https:\/\/www.uv.mx\/filu\/wp-json\/wp\/v2\/media?parent=8041"}],"wp:term":[{"taxonomy":"category","embeddable":true,"href":"https:\/\/www.uv.mx\/filu\/wp-json\/wp\/v2\/categories?post=8041"},{"taxonomy":"post_tag","embeddable":true,"href":"https:\/\/www.uv.mx\/filu\/wp-json\/wp\/v2\/tags?post=8041"}],"curies":[{"name":"wp","href":"https:\/\/api.w.org\/{rel}","templated":true}]}}