
{"id":7982,"date":"2022-08-30T20:53:28","date_gmt":"2022-08-31T01:53:28","guid":{"rendered":"https:\/\/www.uv.mx\/filu\/?p=7982"},"modified":"2022-08-30T20:54:16","modified_gmt":"2022-08-31T01:54:16","slug":"presentacion-foro-academico","status":"publish","type":"post","link":"https:\/\/www.uv.mx\/filu\/noticias2022\/presentacion-foro-academico\/","title":{"rendered":"Presentaci\u00f3n Foro Acad\u00e9mico\u00a0"},"content":{"rendered":"<p><span data-contrast=\"auto\">El programa de actividades que tiene en sus manos es, antes que nada, una bienvenida y una invitaci\u00f3n a que nos acompa\u00f1e durante los pr\u00f3ximos d\u00edas, del 2 al 11 de septiembre, en esta \u201cFiesta de la palabra, el pensamiento, el arte y la cultura\u201d que se ha preparado, con alegr\u00eda e inter\u00e9s, para nuestro reencuentro presencial despu\u00e9s de m\u00e1s de dos a\u00f1os de incertidumbre debido a la pandemia de Covid-19; es tambi\u00e9n un compendio de la programaci\u00f3n, rica y diversa, que encontrar<\/span><span data-contrast=\"auto\">\u00e1<\/span><span data-contrast=\"auto\"> en La Casa del Lago y la Unidad de Artes de nuestra Universidad, entre otras sedes alternas: exposici\u00f3n, venta y presentaci\u00f3n de novedades literarias y acad\u00e9micas; conversatorios, homenajes, conferencias, exposiciones; cine, m\u00fasica, teatro, danza; talleres, jornadas literarias, de reflexi\u00f3n sobre nuestro entorno ambiental y social, acerca de las deudas de gratitud con grandes artistas, cient<\/span><span data-contrast=\"auto\">\u00ed<\/span><span data-contrast=\"auto\">ficos y constructores de nuestro patrimonio material e inmaterial, adem\u00e1s del Foro Acad\u00e9mico: <\/span><i><span data-contrast=\"auto\">Tiempos de cambio: movimientos sociales, democracias y pol\u00edticas p\u00fablicas<\/span><\/i><span data-contrast=\"auto\">, todo est\u00e1 preparado para que retomemos la historia de nuestra convivencia en torno a la cultura del libro y la lectura, de manera incluyente y con respeto a las diferencias.\u00a0<\/span><\/p>\n<p>&nbsp;<\/p>\n<p><a href=\"https:\/\/www.uv.mx\/filu\/files\/2022\/08\/Cartel-Foro_FILU-2022-1.jpg\"><img loading=\"lazy\" decoding=\"async\" class=\"aligncenter wp-image-7983 size-medium\" src=\"https:\/\/www.uv.mx\/filu\/files\/2022\/08\/Cartel-Foro_FILU-2022-1-235x300.jpg\" alt=\"\" width=\"235\" height=\"300\" srcset=\"https:\/\/www.uv.mx\/filu\/files\/2022\/08\/Cartel-Foro_FILU-2022-1-235x300.jpg 235w, https:\/\/www.uv.mx\/filu\/files\/2022\/08\/Cartel-Foro_FILU-2022-1-804x1024.jpg 804w, https:\/\/www.uv.mx\/filu\/files\/2022\/08\/Cartel-Foro_FILU-2022-1-768x979.jpg 768w, https:\/\/www.uv.mx\/filu\/files\/2022\/08\/Cartel-Foro_FILU-2022-1.jpg 1200w\" sizes=\"auto, (max-width: 235px) 100vw, 235px\" \/><\/a><\/p>\n<p><span data-contrast=\"auto\">En esta 27\u00aa edici\u00f3n presencial de la <\/span><span data-contrast=\"auto\">filu<\/span><span data-contrast=\"auto\"> recibimos con gusto a la Rep\u00fablica de Chile, nuestra invitada de honor, cuya historia precedente y actual reconocemos en la l\u00ednea central de nuestra Feria. En esta larga pausa que, en cada rinc\u00f3n del mundo, hemos hecho en nuestras vidas a ra\u00edz de la pandemia, y por la que hemos lamentado grandes p\u00e9rdidas, han ocurrido cambios significativos que nos llevan a reflexionar sobre nuestra identidad, nuestro quehacer y compromiso con las y los otros. Vivimos tiempos de cambio. Reconocer, en este sentido, la importancia de los movimientos sociales que han impulsado e impulsan nuevas formas de ver, enfrentar y resolver las problem\u00e1ticas que nos afectan en com\u00fan constituye la base para revisar y transformar integralmente nuestras visiones de mundo. Debemos a las juventudes en movimiento, a los pueblos y colectividades en resistencia, el surgimiento de nuevas vertientes de an\u00e1lisis sobre temas a\u00f1ejos que, desde las calles hasta las universidades, marcan una agenda de reflexi\u00f3n, debate y b\u00fasqueda conjunta de soluciones.\u00a0<\/span><span data-ccp-props=\"{&quot;201341983&quot;:0,&quot;335551550&quot;:6,&quot;335551620&quot;:6,&quot;335559731&quot;:708,&quot;335559740&quot;:360}\">\u00a0<\/span><\/p>\n<p><span data-contrast=\"auto\">En Rep\u00fablica Chile, el reciente proceso electoral llev\u00f3 al gobierno a un joven pol\u00edtico, Gabriel Boric, que hace diez a\u00f1os se manifestaba en las calles por una educaci\u00f3n gratuita y actualmente alimenta la esperanza de que en el pa\u00eds hermano se realicen cambios estructurales que posibiliten la construcci\u00f3n de una sociedad m\u00e1s justa y equitativa. Estos dos hechos: el avance de los movimientos sociales y la llegada al gobierno chileno de un joven dirigente de izquierdas, explican el protagonismo de Rep\u00fablica de Chile en esta edici\u00f3n de la <\/span><span data-contrast=\"auto\">filu<\/span><span data-contrast=\"auto\">. Feminismos, educaci\u00f3n, derechos humanos, modelos de desarrollo, diversidades identitarias, memoria hist\u00f3rica, modelos de gobierno, violencias, derechos sexuales y reproductivos, formas expresivas de la creaci\u00f3n art\u00edstica son una muestra de tales temas, motivo de di\u00e1logo en el Foro Acad\u00e9mico y prioridades para la Universidad Veracruzana.\u00a0<\/span><span data-ccp-props=\"{&quot;201341983&quot;:0,&quot;335551550&quot;:6,&quot;335551620&quot;:6,&quot;335559731&quot;:708,&quot;335559740&quot;:360}\">\u00a0<\/span><\/p>\n<p><span data-ccp-props=\"{&quot;201341983&quot;:0,&quot;335551550&quot;:6,&quot;335551620&quot;:6,&quot;335559740&quot;:360}\">\u00a0<\/span><\/p>\n<p><span data-contrast=\"auto\">Bienvenidas, bienvenidos pues a la <\/span><span data-contrast=\"auto\">filu<\/span><span data-contrast=\"auto\"> 2022, la <\/span><span data-contrast=\"auto\">filu<\/span><span data-contrast=\"auto\"> del reencuentro, la <\/span><span data-contrast=\"auto\">filu<\/span><span data-contrast=\"auto\"> de la vuelta a Casa.<\/span><span data-ccp-props=\"{&quot;201341983&quot;:0,&quot;335551550&quot;:6,&quot;335551620&quot;:6,&quot;335559740&quot;:360}\">\u00a0<\/span><\/p>\n<p style=\"text-align: right\"><span data-contrast=\"auto\">Dr. Mart\u00edn Aguilar S\u00e1nchez<\/span><span data-ccp-props=\"{&quot;201341983&quot;:0,&quot;335551550&quot;:3,&quot;335551620&quot;:3,&quot;335559740&quot;:360}\"><br \/>\n<\/span><span data-contrast=\"auto\">Rector<\/span><span data-ccp-props=\"{&quot;201341983&quot;:0,&quot;335551550&quot;:3,&quot;335551620&quot;:3,&quot;335559740&quot;:360}\">\u00a0<\/span><\/p>\n","protected":false},"excerpt":{"rendered":"<p>El programa de actividades que tiene en sus manos es, antes que nada, una bienvenida y una invitaci\u00f3n a que nos acompa\u00f1e durante los pr\u00f3ximos d\u00edas, del 2 al 11 de septiembre, en esta \u201cFiesta de la palabra, el pensamiento, el arte y la cultura\u201d que se ha preparado, con alegr\u00eda e inter\u00e9s, para nuestro [&hellip;]<\/p>\n","protected":false},"author":1795,"featured_media":7983,"comment_status":"closed","ping_status":"closed","sticky":false,"template":"","format":"standard","meta":{"footnotes":""},"categories":[19],"tags":[],"class_list":["post-7982","post","type-post","status-publish","format-standard","has-post-thumbnail","hentry","category-noticias2022"],"_links":{"self":[{"href":"https:\/\/www.uv.mx\/filu\/wp-json\/wp\/v2\/posts\/7982","targetHints":{"allow":["GET"]}}],"collection":[{"href":"https:\/\/www.uv.mx\/filu\/wp-json\/wp\/v2\/posts"}],"about":[{"href":"https:\/\/www.uv.mx\/filu\/wp-json\/wp\/v2\/types\/post"}],"author":[{"embeddable":true,"href":"https:\/\/www.uv.mx\/filu\/wp-json\/wp\/v2\/users\/1795"}],"replies":[{"embeddable":true,"href":"https:\/\/www.uv.mx\/filu\/wp-json\/wp\/v2\/comments?post=7982"}],"version-history":[{"count":1,"href":"https:\/\/www.uv.mx\/filu\/wp-json\/wp\/v2\/posts\/7982\/revisions"}],"predecessor-version":[{"id":7985,"href":"https:\/\/www.uv.mx\/filu\/wp-json\/wp\/v2\/posts\/7982\/revisions\/7985"}],"wp:featuredmedia":[{"embeddable":true,"href":"https:\/\/www.uv.mx\/filu\/wp-json\/wp\/v2\/media\/7983"}],"wp:attachment":[{"href":"https:\/\/www.uv.mx\/filu\/wp-json\/wp\/v2\/media?parent=7982"}],"wp:term":[{"taxonomy":"category","embeddable":true,"href":"https:\/\/www.uv.mx\/filu\/wp-json\/wp\/v2\/categories?post=7982"},{"taxonomy":"post_tag","embeddable":true,"href":"https:\/\/www.uv.mx\/filu\/wp-json\/wp\/v2\/tags?post=7982"}],"curies":[{"name":"wp","href":"https:\/\/api.w.org\/{rel}","templated":true}]}}