
{"id":7945,"date":"2022-08-26T15:11:39","date_gmt":"2022-08-26T20:11:39","guid":{"rendered":"https:\/\/www.uv.mx\/filu\/?p=7945"},"modified":"2022-08-26T19:32:11","modified_gmt":"2022-08-27T00:32:11","slug":"adan-cabral-en-la-filu-con-de-moteles-y-otros-rincones-del-deseo","status":"publish","type":"post","link":"https:\/\/www.uv.mx\/filu\/noticias2022\/adan-cabral-en-la-filu-con-de-moteles-y-otros-rincones-del-deseo\/","title":{"rendered":"Ad\u00e1n Cabral, en la FILU con \u00abDe moteles y otros rincones del deseo\u00bb"},"content":{"rendered":"<p><em>\u00b7 El evento ser\u00e1 en el auditorio de la UVI el 3 de septiembre a las 17:00 horas<\/em><\/p>\n<p>&nbsp;<\/p>\n<p><strong>Xalapa, Ver.-<\/strong> La Feria Internacional del Libro Universitario (FILU 2022) de la Universidad Veracruzana (UV) recibir\u00e1 al escritor cordob\u00e9s Ad\u00e1n Cabral Sanguino con su libro \u00abDe moteles y otros rincones del deseo\u00bb, el cual se dar\u00e1 a conocer este 3 de septiembre a las 17:00 horas, en el Auditorio de la UV-Intercultural ubicado en Sebasti\u00e1n Camacho n\u00famero 5, en el centro de la ciudad.<\/p>\n<p>En la presentaci\u00f3n participar\u00e1 el autor, acompa\u00f1ado de Fabiola Aranza Mu\u00f1oz y Luis G., Mendoza.<\/p>\n<p>&nbsp;<\/p>\n<figure id=\"attachment_7947\" aria-describedby=\"caption-attachment-7947\" style=\"width: 375px\" class=\"wp-caption aligncenter\"><img loading=\"lazy\" decoding=\"async\" class=\"wp-image-7947 size-full\" src=\"https:\/\/www.uv.mx\/filu\/files\/2022\/08\/260822-Adan-Cabrera-1.jpg\" alt=\"\" width=\"375\" height=\"500\" srcset=\"https:\/\/www.uv.mx\/filu\/files\/2022\/08\/260822-Adan-Cabrera-1.jpg 375w, https:\/\/www.uv.mx\/filu\/files\/2022\/08\/260822-Adan-Cabrera-1-225x300.jpg 225w\" sizes=\"auto, (max-width: 375px) 100vw, 375px\" \/><figcaption id=\"caption-attachment-7947\" class=\"wp-caption-text\">Ad\u00e1n Cabral Sanguino presentar\u00e1 libro en la FILU<\/figcaption><\/figure>\n<p>&nbsp;<\/p>\n<p>De Ad\u00e1n Cabral Sanguino se sabe que es egresado de la licenciatura en Letras Espa\u00f1olas por la UV y la Maestr\u00eda en Educaci\u00f3n B\u00e1sica por la Universidad Pedag\u00f3gica Veracruzana (UPV). Fue becario del Instituto Veracruzano de la Cultura, dentro del programa Est\u00edmulos a Creadores, en 1997 y 2013. Autor de los libros El cuadro inconcluso (Cultura de Veracruz, 1999); Tequila &amp; blues (IVEC, 2005); El deporte de la vida (Editora de Gobierno del Estado de Veracruz, 2007); Entre peri\u00f3dicos y libros. Antolog\u00eda personal (Fondo Editorial del Magisterio del SNTE, 2016); Manual did\u00e1ctico de ortograf\u00eda para educaci\u00f3n secundaria (SNTE, 2018) y De moteles y otros rincones del deseo.<\/p>\n<p>En 2009 recibi\u00f3 de la Secretar\u00eda de Educaci\u00f3n de Veracruz (SEV) el Reconocimiento Estatal a la Labor del Maestro Veracruzano, por obra escrita publicada.<\/p>\n<p>Su ficha aparece en el Cat\u00e1logo Biobibliogr\u00e1fico de la Literatura en M\u00e9xico del Instituto Nacional de Bellas Artes; la Enciclopedia de la Literatura en M\u00e9xico; la Biblioteca Virtual de la Universidad Veracruzana; la Biblioteca de la Universidad de Sonora y en universidades norteamericanas.<\/p>\n<p>Actualmente es profesor de educaci\u00f3n secundaria y en la UPV, y colabora como articulista en diversos medios de comunicaci\u00f3n.<\/p>\n","protected":false},"excerpt":{"rendered":"<p>\u00b7 El evento ser\u00e1 en el auditorio de la UVI el 3 de septiembre a las 17:00 horas &nbsp; Xalapa, Ver.- La Feria Internacional del Libro Universitario (FILU 2022) de la Universidad Veracruzana (UV) recibir\u00e1 al escritor cordob\u00e9s Ad\u00e1n Cabral Sanguino con su libro \u00abDe moteles y otros rincones del deseo\u00bb, el cual se dar\u00e1 [&hellip;]<\/p>\n","protected":false},"author":1795,"featured_media":7947,"comment_status":"closed","ping_status":"closed","sticky":false,"template":"","format":"standard","meta":{"footnotes":""},"categories":[19],"tags":[],"class_list":["post-7945","post","type-post","status-publish","format-standard","has-post-thumbnail","hentry","category-noticias2022"],"_links":{"self":[{"href":"https:\/\/www.uv.mx\/filu\/wp-json\/wp\/v2\/posts\/7945","targetHints":{"allow":["GET"]}}],"collection":[{"href":"https:\/\/www.uv.mx\/filu\/wp-json\/wp\/v2\/posts"}],"about":[{"href":"https:\/\/www.uv.mx\/filu\/wp-json\/wp\/v2\/types\/post"}],"author":[{"embeddable":true,"href":"https:\/\/www.uv.mx\/filu\/wp-json\/wp\/v2\/users\/1795"}],"replies":[{"embeddable":true,"href":"https:\/\/www.uv.mx\/filu\/wp-json\/wp\/v2\/comments?post=7945"}],"version-history":[{"count":2,"href":"https:\/\/www.uv.mx\/filu\/wp-json\/wp\/v2\/posts\/7945\/revisions"}],"predecessor-version":[{"id":7971,"href":"https:\/\/www.uv.mx\/filu\/wp-json\/wp\/v2\/posts\/7945\/revisions\/7971"}],"wp:featuredmedia":[{"embeddable":true,"href":"https:\/\/www.uv.mx\/filu\/wp-json\/wp\/v2\/media\/7947"}],"wp:attachment":[{"href":"https:\/\/www.uv.mx\/filu\/wp-json\/wp\/v2\/media?parent=7945"}],"wp:term":[{"taxonomy":"category","embeddable":true,"href":"https:\/\/www.uv.mx\/filu\/wp-json\/wp\/v2\/categories?post=7945"},{"taxonomy":"post_tag","embeddable":true,"href":"https:\/\/www.uv.mx\/filu\/wp-json\/wp\/v2\/tags?post=7945"}],"curies":[{"name":"wp","href":"https:\/\/api.w.org\/{rel}","templated":true}]}}