
{"id":7941,"date":"2022-08-26T15:06:45","date_gmt":"2022-08-26T20:06:45","guid":{"rendered":"https:\/\/www.uv.mx\/filu\/?p=7941"},"modified":"2022-09-08T13:33:06","modified_gmt":"2022-09-08T18:33:06","slug":"filu-dedicara-jornada-al-pianista-claudio-arrau","status":"publish","type":"post","link":"https:\/\/www.uv.mx\/filu\/noticias2022\/filu-dedicara-jornada-al-pianista-claudio-arrau\/","title":{"rendered":"FILU dedicar\u00e1 jornada al pianista Claudio Arrau"},"content":{"rendered":"<p><em>\u00b7 El mi\u00e9rcoles 7 de septiembre en el auditorio de la Facultad de M\u00fasica, a partir de las 17:00 horas<\/em><\/p>\n<p>&nbsp;<\/p>\n<p>En la 27@ edici\u00f3n de la Feria Internacional del Libro Universitario (FILU) 2022, la cual tiene a Chile como pa\u00eds invitado, se llevar\u00e1 a cabo la <strong>Jornada Claudio Arrau<\/strong> el mi\u00e9rcoles 7 de septiembre en el auditorio de la Facultad de M\u00fasica, a partir de las 17:00 horas. Constar\u00e1 de tres actividades: la mesa \u201cClaudio Arrau y el piano en el siglo XXI\u201d; la conferencia \u201cClaudio Arrau y la Orquesta Sinf\u00f3nica de Xalapa\u201d y la mesa \u201cPhilip Lorenz y el legado de Claudio Arrau en Xalapa\u201d.<\/p>\n<p>El pianista Claudio Arrau Le\u00f3n naci\u00f3 en Chile, en la ciudad de Chill\u00e1n, capit\u00e1n de la Regi\u00f3n de \u00d1uble, el 6 de febrero de 1903. Su carrera musical comenz\u00f3 en la ciudad de Santiago en la que estudi\u00f3 piano con Bindo Paoli. Durante estos primeros a\u00f1os recibi\u00f3 el apoyo del Gobierno chileno para su preparaci\u00f3n, lo que le permiti\u00f3 presentar su primer recital a los cinco a\u00f1os. Este debut le vali\u00f3 que en 1909 Antonio Orrego Barros publicara el art\u00edculo titulado \u201cEl Mozart chileno: Claudio Arrau Le\u00f3n\u201d.<\/p>\n<p>&nbsp;<\/p>\n<figure id=\"attachment_7942\" aria-describedby=\"caption-attachment-7942\" style=\"width: 362px\" class=\"wp-caption aligncenter\"><img loading=\"lazy\" decoding=\"async\" class=\"wp-image-7942 size-full\" src=\"https:\/\/www.uv.mx\/filu\/files\/2022\/08\/Arrau-1-1.jpg\" alt=\"\" width=\"362\" height=\"500\" srcset=\"https:\/\/www.uv.mx\/filu\/files\/2022\/08\/Arrau-1-1.jpg 362w, https:\/\/www.uv.mx\/filu\/files\/2022\/08\/Arrau-1-1-217x300.jpg 217w\" sizes=\"auto, (max-width: 362px) 100vw, 362px\" \/><figcaption id=\"caption-attachment-7942\" class=\"wp-caption-text\">Claudio Arrau Le\u00f3n fue un destacado pianista chileno<\/figcaption><\/figure>\n<p>&nbsp;<\/p>\n<p>Arrau estuvo en Europa entre 1911 y 1921, becado por su pa\u00eds para estudiar en Alemania, donde fue alumno de Martin Krause hasta 1918. Tras la muerte de Krause, en 1918, Arrau continu\u00f3 sus estudios en solitario y consigui\u00f3 ganar el premio Liszt dos a\u00f1os consecutivos, en 1919 y 1920.<\/p>\n<p>La internacionalizaci\u00f3n de su obra se intensific\u00f3 a partir de la producci\u00f3n de dos rollos de pianola en Londres (1922), su primera presentaci\u00f3n en M\u00e9xico (1923), el nombramiento como profesor del conservatorio Stern, de Berl\u00edn (1925).<\/p>\n<p>En 1940, con el aumento de popularidad del r\u00e9gimen nazi, abandonar\u00eda Alemania, para instalarse en Estados Unidos. Para 1948 recibi\u00f3 la designaci\u00f3n de agregado cultural de Chile en M\u00e9xico, Arrau mantuvo su pasaporte diplom\u00e1tico hasta 1973. En a\u00f1os posteriores se mantuvo alejado de su pa\u00eds natal, al margen del r\u00e9gimen militar de<\/p>\n<p>Augusto Pinochet. Fue hasta 1984 que se presentar\u00eda de nuevo en Chile.<\/p>\n<p>Durante su intensa carrera realiz\u00f3 innumerables producciones discogr\u00e1ficas e incansablemente present\u00f3 un promedio de 80 a 100 conciertos anualmente, n\u00famero que reducir\u00eda en sus \u00faltimos a\u00f1os a aproximadamente 50. Muri\u00f3 en la ciudad de M\u00fcrzzuschlag, en Austria, el 9 de junio de 1991.<\/p>\n","protected":false},"excerpt":{"rendered":"<p>\u00b7 El mi\u00e9rcoles 7 de septiembre en el auditorio de la Facultad de M\u00fasica, a partir de las 17:00 horas &nbsp; En la 27@ edici\u00f3n de la Feria Internacional del Libro Universitario (FILU) 2022, la cual tiene a Chile como pa\u00eds invitado, se llevar\u00e1 a cabo la Jornada Claudio Arrau el mi\u00e9rcoles 7 de septiembre [&hellip;]<\/p>\n","protected":false},"author":1795,"featured_media":7967,"comment_status":"closed","ping_status":"closed","sticky":false,"template":"","format":"standard","meta":{"footnotes":""},"categories":[19],"tags":[],"class_list":["post-7941","post","type-post","status-publish","format-standard","has-post-thumbnail","hentry","category-noticias2022"],"_links":{"self":[{"href":"https:\/\/www.uv.mx\/filu\/wp-json\/wp\/v2\/posts\/7941","targetHints":{"allow":["GET"]}}],"collection":[{"href":"https:\/\/www.uv.mx\/filu\/wp-json\/wp\/v2\/posts"}],"about":[{"href":"https:\/\/www.uv.mx\/filu\/wp-json\/wp\/v2\/types\/post"}],"author":[{"embeddable":true,"href":"https:\/\/www.uv.mx\/filu\/wp-json\/wp\/v2\/users\/1795"}],"replies":[{"embeddable":true,"href":"https:\/\/www.uv.mx\/filu\/wp-json\/wp\/v2\/comments?post=7941"}],"version-history":[{"count":1,"href":"https:\/\/www.uv.mx\/filu\/wp-json\/wp\/v2\/posts\/7941\/revisions"}],"predecessor-version":[{"id":7961,"href":"https:\/\/www.uv.mx\/filu\/wp-json\/wp\/v2\/posts\/7941\/revisions\/7961"}],"wp:featuredmedia":[{"embeddable":true,"href":"https:\/\/www.uv.mx\/filu\/wp-json\/wp\/v2\/media\/7967"}],"wp:attachment":[{"href":"https:\/\/www.uv.mx\/filu\/wp-json\/wp\/v2\/media?parent=7941"}],"wp:term":[{"taxonomy":"category","embeddable":true,"href":"https:\/\/www.uv.mx\/filu\/wp-json\/wp\/v2\/categories?post=7941"},{"taxonomy":"post_tag","embeddable":true,"href":"https:\/\/www.uv.mx\/filu\/wp-json\/wp\/v2\/tags?post=7941"}],"curies":[{"name":"wp","href":"https:\/\/api.w.org\/{rel}","templated":true}]}}