
{"id":7745,"date":"2022-08-20T10:57:16","date_gmt":"2022-08-20T15:57:16","guid":{"rendered":"https:\/\/www.uv.mx\/filu\/?p=7745"},"modified":"2022-08-22T09:33:38","modified_gmt":"2022-08-22T14:33:38","slug":"vive-la-filu","status":"publish","type":"post","link":"https:\/\/www.uv.mx\/filu\/noticias2022\/vive-la-filu\/","title":{"rendered":"\u00a1Vive la FILU!"},"content":{"rendered":"<p style=\"text-align: center\"><strong>2 al 11 de septiembre de 2022<\/strong><\/p>\n<p>&nbsp;<\/p>\n<p>La Feria Internacional del Libro Universitario (FILU), en su 27a edici\u00f3n presencial, es una ventana de proyecci\u00f3n institucional que evidencia el inter\u00e9s de la Universidad Veracruzana (UV) por auspiciar y crear las condiciones para el acceso al conocimiento, el arte y la cultura; una fiesta editorial, del libro y la lectura, que convoca adem\u00e1s al debate plural de ideas, al encuentro entre acad\u00e9micos, escritores, artistas, l\u00edderes de opini\u00f3n y audiencias; al reconocimiento del quehacer y patrimonio literario, cient\u00edfico, arquitect\u00f3nico, musical, cinematogr\u00e1fico; al disfrute del arte en sus diversas manifestaciones, as\u00ed como de la palabra y su capacidad constructiva; un acontecimiento cultural que involucra y cohesiona a la comunidad universitaria, en vinculaci\u00f3n con grupos y organizaciones civiles e instituciones educativas y de gobierno, nacionales y extranjeras, en beneficio de la sociedad.<\/p>\n<figure id=\"attachment_7747\" aria-describedby=\"caption-attachment-7747\" style=\"width: 300px\" class=\"wp-caption aligncenter\"><img loading=\"lazy\" decoding=\"async\" class=\"wp-image-7747 size-medium\" src=\"https:\/\/www.uv.mx\/filu\/files\/2022\/08\/2_Portada-300x169.jpg\" alt=\"\" width=\"300\" height=\"169\" srcset=\"https:\/\/www.uv.mx\/filu\/files\/2022\/08\/2_Portada-300x169.jpg 300w, https:\/\/www.uv.mx\/filu\/files\/2022\/08\/2_Portada-1024x576.jpg 1024w, https:\/\/www.uv.mx\/filu\/files\/2022\/08\/2_Portada-768x432.jpg 768w, https:\/\/www.uv.mx\/filu\/files\/2022\/08\/2_Portada.jpg 1280w\" sizes=\"auto, (max-width: 300px) 100vw, 300px\" \/><figcaption id=\"caption-attachment-7747\" class=\"wp-caption-text\">Sedes Principales Casa del Lago y Unidad de Artes<\/figcaption><\/figure>\n<p><strong>\u00a1Vamos al reencuentro con la FILU!<\/strong><\/p>\n<p>Para la comunidad FILU, el retorno a la presencialidad, manteniendo los protocolos sanitarios contra Covid-19, pasa por reconocer la pluralidad y amplitud de perspectivas que confluyen en estos tiempos de cambio; por un lado, hay un inter\u00e9s creciente en la poblaci\u00f3n por participar en y apropiarse de los espacios que tradicionalmente promueven el acceso al conocimiento, el arte y la cultura \u2015la demanda de libros impresos y digitales, como la de manifestaciones art\u00edsticas, se ha diversificado y va en aumento\u2015, y, por otro, que ese inter\u00e9s se extiende cada vez m\u00e1s a las instancias de reflexi\u00f3n y debate sobre problem\u00e1ticas sociales como parte de la vida cotidiana. Hay un af\u00e1n, ante todo entre las y los j\u00f3venes, de leer, escuchar, expresarse y comprender qu\u00e9 est\u00e1 ocurriendo. En este sentido, la FILU abre sus puertas para el reencuentro entre expositores de casas editoriales, escritores, creadores de arte, acad\u00e9micos, cient\u00edficos, periodistas con sus lectores y audiencias, pero tambi\u00e9n para el encuentro con las generaciones del siglo XXI, \u00e1vidas de aprender de sus predecesores y participar en la construcci\u00f3n de su momento hist\u00f3rico desde muy distintos frentes.<\/p>\n<p><strong>En 2022, Chile es nuestro Invitado de Honor<\/strong><\/p>\n<p>Foro Acad\u00e9mico <em>Tiempos de cambio: movimientos sociales, democracia y pol\u00edticas p\u00fablicas<\/em><\/p>\n<p style=\"text-align: left\">En 2020, M\u00e9xico asumi\u00f3 la emergencia sanitaria mundial provocada por la pandemia de Covid-19 en una cuarentena que se extendi\u00f3 por pr\u00e1cticamente dos a\u00f1os, mostrando no s\u00f3lo las inconsistencias del sistema de salud, del sistema educativo o el aparato de justicia, sino los estragos de la pobreza en amplios sectores de la poblaci\u00f3n: miles sucumbieron a la enfermedad, en numerosos casos por comorbilidades controlables. En el \u00e1mbito educativo, la infraestructura y capacitaci\u00f3n did\u00e1ctica y tecnol\u00f3gica prob\u00f3 ser insuficiente para atender las necesidades emergentesde estudiantes de todos los niveles, sobre todo en regiones con poblaci\u00f3n rural, campesina o mayoritariamente ind\u00edgena, donde todo servicioresultaba de por s\u00ed precario, al tiempo que elfen\u00f3meno de la violencia dom\u00e9stica, laboral, de g\u00e9nero, proliferaba y cobraba nuevas dimensiones.<\/p>\n<p>En Chile, la crisis sanitaria agudiz\u00f3 el descontento social preexistente con respecto a tales problem\u00e1ticas con caracter\u00edsticas propias y desencaden\u00f3 una serie de movilizaciones sociales que hallaron eco en otros pa\u00edses del mundo, incluido M\u00e9xico: la causa feminista, la defensa de los derechos humanos, sexuales y reproductivos; la lucha por la transformaci\u00f3n del sistema econ\u00f3mico y de gobierno en pro de mayor justicia social; la resistencia de los pueblos originarios, la defensa del medio ambiente, entre otras causas que a la postre han encontrado respuesta en o transformado las estructuras de gobierno, pusieron en evidencia la importancia de la organizaci\u00f3n social, particularmente de los j\u00f3venes, para el cambio democr\u00e1tico y la gesti\u00f3n de pol\u00edticas p\u00fablicas en beneficio de las mayor\u00edas. Vivimos tiempos de cambio, ocasi\u00f3n para reflexionar en el Foro Acad\u00e9mico de la FILU.<\/p>\n<p><strong>\u00a1La FILU vuelve a Casa!<\/strong><\/p>\n<p>Del 2 al 11 de septiembre, la Casa del Lago y la Unidad de Artes UV ser\u00e1n las sedes principales de la FILU 2022. Con una muy amplia oferta editorial, de homenajes, ceremonias, conferencias magistrales y m\u00e1s de 300 actividades para todo p\u00fablico, contar\u00e1 con 11 subsedes, la mayor\u00eda en el centro de Xalapa: Centro de Investigaciones Tropicales (CITRO), UV-Intercultural (UVI), Escuela para Estudiantes Extranjeros (EEE), Galer\u00eda \u201cRam\u00f3n Alva de la Canal\u201d, Aula \u201cFrancisco Javier Clavijero\u201d, Sala Anexa a Tlaqn\u00e1 Centro Cultural, Facultad de Letras Espa\u00f1olas, Instituto de Investigaciones Hist\u00f3rico-Sociales (IIH-S), El Colegio de Veracruz (COLVER), Museo de la M\u00fasica Veracruzana \u201cCasa Do\u00f1a Falla\u201d y Teatro J.J. Herrera, donde se podr\u00e1 disfrutar de foros de discusi\u00f3n acad\u00e9mica, editorial e intercultural, jornadas literarias, sobre m\u00fasica y medio ambiente; conferencias, conversatorios, presentaciones de libros, exposiciones, talleres de ciencia y de promoci\u00f3n de la lectura; proyecciones de cine y documentales; presentaciones art\u00edsticas: m\u00fasica, teatro, artes pl\u00e1sticas, sin olvidar las rodadas de promoci\u00f3n FILU y de la lectura que se podr\u00e1 apreciar por las calles de nuestra ciudad.<\/p>\n<p>La FILU 2022 es para todas y todos: desde la reflexi\u00f3n previa hasta su paulatina integraci\u00f3n; desde la planeaci\u00f3n del cartel (de Israel Barr\u00f3n), hasta la consecuci\u00f3n de cada espacio, cada recurso, cada actividad, en contacto con cientos de personas dedicadas a los m\u00e1s diversos oficios y profesiones, e igualmente interesadas en salir y volver a compartir, siguiendo los protocolos que la nueva realidad exige, nuestro inter\u00e9s es abrir las puertas de esta Fiesta de la palabra, el pensamiento, el arte y la cultura, gracias al respaldo de la comunidad universitaria e interistitucional, y recuperar el di\u00e1logo que hemos construido a trav\u00e9s del tiempo en torno a la cultura del libro y la lectura, con una mirada cr\u00edtica, desde el respeto a la diversidad y atentos a la voz de las nuevas generaciones.<\/p>\n<p style=\"text-align: right\">Judith P\u00e1ez<br \/>\nCoordinadora General de la FILU<\/p>\n<p>&nbsp;<\/p>\n<p>&nbsp;<\/p>\n<p>&nbsp;<\/p>\n","protected":false},"excerpt":{"rendered":"<p>2 al 11 de septiembre de 2022 &nbsp; La Feria Internacional del Libro Universitario (FILU), en su 27a edici\u00f3n presencial, es una ventana de proyecci\u00f3n institucional que evidencia el inter\u00e9s de la Universidad Veracruzana (UV) por auspiciar y crear las condiciones para el acceso al conocimiento, el arte y la cultura; una fiesta editorial, del [&hellip;]<\/p>\n","protected":false},"author":1795,"featured_media":7747,"comment_status":"closed","ping_status":"closed","sticky":false,"template":"","format":"standard","meta":{"footnotes":""},"categories":[19],"tags":[],"class_list":["post-7745","post","type-post","status-publish","format-standard","has-post-thumbnail","hentry","category-noticias2022"],"_links":{"self":[{"href":"https:\/\/www.uv.mx\/filu\/wp-json\/wp\/v2\/posts\/7745","targetHints":{"allow":["GET"]}}],"collection":[{"href":"https:\/\/www.uv.mx\/filu\/wp-json\/wp\/v2\/posts"}],"about":[{"href":"https:\/\/www.uv.mx\/filu\/wp-json\/wp\/v2\/types\/post"}],"author":[{"embeddable":true,"href":"https:\/\/www.uv.mx\/filu\/wp-json\/wp\/v2\/users\/1795"}],"replies":[{"embeddable":true,"href":"https:\/\/www.uv.mx\/filu\/wp-json\/wp\/v2\/comments?post=7745"}],"version-history":[{"count":2,"href":"https:\/\/www.uv.mx\/filu\/wp-json\/wp\/v2\/posts\/7745\/revisions"}],"predecessor-version":[{"id":7775,"href":"https:\/\/www.uv.mx\/filu\/wp-json\/wp\/v2\/posts\/7745\/revisions\/7775"}],"wp:featuredmedia":[{"embeddable":true,"href":"https:\/\/www.uv.mx\/filu\/wp-json\/wp\/v2\/media\/7747"}],"wp:attachment":[{"href":"https:\/\/www.uv.mx\/filu\/wp-json\/wp\/v2\/media?parent=7745"}],"wp:term":[{"taxonomy":"category","embeddable":true,"href":"https:\/\/www.uv.mx\/filu\/wp-json\/wp\/v2\/categories?post=7745"},{"taxonomy":"post_tag","embeddable":true,"href":"https:\/\/www.uv.mx\/filu\/wp-json\/wp\/v2\/tags?post=7745"}],"curies":[{"name":"wp","href":"https:\/\/api.w.org\/{rel}","templated":true}]}}