
{"id":7356,"date":"2022-06-30T12:26:44","date_gmt":"2022-06-30T17:26:44","guid":{"rendered":"https:\/\/www.uv.mx\/filu\/?p=7356"},"modified":"2022-06-30T15:06:02","modified_gmt":"2022-06-30T20:06:02","slug":"registro-medios-de-comunicacion","status":"publish","type":"post","link":"https:\/\/www.uv.mx\/filu\/convocatorias\/registro-medios-de-comunicacion\/","title":{"rendered":"Registro Medios de Comunicaci\u00f3n"},"content":{"rendered":"<p>La Feria Internacional del Libro Universitario (FILU) invita a medios de comunicaci\u00f3n estatal, nacional e internacional a registrarse para cubrir las m\u00e1s de 300 actividades que se efectuar\u00e1n en la gran fiesta de la palabra, el pensamiento, el arte y la cultura de la Universidad Veracruzana (UV).<\/p>\n<p>Registro: <a href=\"https:\/\/forms.gle\/xi6B17YycBiDsVxaA\" target=\"_blank\" rel=\"noopener\">Ir al formulario\u00a0<\/a><\/p>\n<p>M\u00e1s informaci\u00f3n: <a href=\"mailto:difusionfilu@uv.mx\" target=\"_blank\" rel=\"noopener\">difusionfilu@uv.mx<\/a><\/p>\n<p><a href=\"https:\/\/www.uv.mx\/filu\/files\/2022\/06\/REGISTRO-MC.jpg\"><img loading=\"lazy\" decoding=\"async\" class=\"aligncenter wp-image-7364 size-medium\" src=\"https:\/\/www.uv.mx\/filu\/files\/2022\/06\/REGISTRO-MC-300x300.jpg\" alt=\"\" width=\"300\" height=\"300\" srcset=\"https:\/\/www.uv.mx\/filu\/files\/2022\/06\/REGISTRO-MC-300x300.jpg 300w, https:\/\/www.uv.mx\/filu\/files\/2022\/06\/REGISTRO-MC-1024x1024.jpg 1024w, https:\/\/www.uv.mx\/filu\/files\/2022\/06\/REGISTRO-MC-150x150.jpg 150w, https:\/\/www.uv.mx\/filu\/files\/2022\/06\/REGISTRO-MC-768x768.jpg 768w, https:\/\/www.uv.mx\/filu\/files\/2022\/06\/REGISTRO-MC.jpg 1080w\" sizes=\"auto, (max-width: 300px) 100vw, 300px\" \/><\/a><\/p>\n<p>&nbsp;<\/p>\n<p style=\"text-align: center\"><b><span data-ogsc=\"rgb(33, 37, 41)\" data-ogsb=\"rgb(255, 255, 0)\">#FILU2022<br \/>\n<\/span><\/b><b><span data-ogsc=\"rgb(33, 37, 41)\" data-ogsb=\"rgb(255, 255, 0)\">#CasadelLago #CasaFILU<br \/>\n<\/span><\/b><b><span data-ogsc=\"rgb(33, 37, 41)\" data-ogsb=\"rgb(255, 255, 0)\">#VivelaFILU\u00a0<\/span><\/b><b><span data-ogsc=\"rgb(33, 37, 41)\" data-ogsb=\"rgb(255, 255, 0)\">#VivelasArtes<\/span><\/b><\/p>\n","protected":false},"excerpt":{"rendered":"<p>La Feria Internacional del Libro Universitario (FILU) invita a medios de comunicaci\u00f3n estatal, nacional e internacional a registrarse para cubrir las m\u00e1s de 300 actividades que se efectuar\u00e1n en la gran fiesta de la palabra, el pensamiento, el arte y la cultura de la Universidad Veracruzana (UV). Registro: Ir al formulario\u00a0 M\u00e1s informaci\u00f3n: difusionfilu@uv.mx &nbsp; [&hellip;]<\/p>\n","protected":false},"author":1795,"featured_media":0,"comment_status":"closed","ping_status":"closed","sticky":false,"template":"","format":"standard","meta":{"footnotes":""},"categories":[18],"tags":[],"class_list":["post-7356","post","type-post","status-publish","format-standard","hentry","category-convocatorias"],"_links":{"self":[{"href":"https:\/\/www.uv.mx\/filu\/wp-json\/wp\/v2\/posts\/7356","targetHints":{"allow":["GET"]}}],"collection":[{"href":"https:\/\/www.uv.mx\/filu\/wp-json\/wp\/v2\/posts"}],"about":[{"href":"https:\/\/www.uv.mx\/filu\/wp-json\/wp\/v2\/types\/post"}],"author":[{"embeddable":true,"href":"https:\/\/www.uv.mx\/filu\/wp-json\/wp\/v2\/users\/1795"}],"replies":[{"embeddable":true,"href":"https:\/\/www.uv.mx\/filu\/wp-json\/wp\/v2\/comments?post=7356"}],"version-history":[{"count":2,"href":"https:\/\/www.uv.mx\/filu\/wp-json\/wp\/v2\/posts\/7356\/revisions"}],"predecessor-version":[{"id":7367,"href":"https:\/\/www.uv.mx\/filu\/wp-json\/wp\/v2\/posts\/7356\/revisions\/7367"}],"wp:attachment":[{"href":"https:\/\/www.uv.mx\/filu\/wp-json\/wp\/v2\/media?parent=7356"}],"wp:term":[{"taxonomy":"category","embeddable":true,"href":"https:\/\/www.uv.mx\/filu\/wp-json\/wp\/v2\/categories?post=7356"},{"taxonomy":"post_tag","embeddable":true,"href":"https:\/\/www.uv.mx\/filu\/wp-json\/wp\/v2\/tags?post=7356"}],"curies":[{"name":"wp","href":"https:\/\/api.w.org\/{rel}","templated":true}]}}