
{"id":4979,"date":"2018-04-10T19:05:18","date_gmt":"2018-04-11T00:05:18","guid":{"rendered":"https:\/\/www.uv.mx\/filu\/?p=4979"},"modified":"2018-04-10T19:05:18","modified_gmt":"2018-04-11T00:05:18","slug":"autores-2018-jose-raul-trujillo","status":"publish","type":"post","link":"https:\/\/www.uv.mx\/filu\/autores-2018\/autores-2018-jose-raul-trujillo\/","title":{"rendered":"Autores 2018 &#8211;  Jos\u00e9 Ra\u00fal Trujillo"},"content":{"rendered":"<p><strong>Nombre: <\/strong>Jos\u00e9 Ra\u00fal Trujillo<\/p>\n<p>Doctor en Administraci\u00f3n P\u00fablica por el Instituto de Administraci\u00f3n P\u00fablica de Veracruz y maestro en Desarrollo de la Educaci\u00f3n B\u00e1sica por la Universidad Iberoamericana. Cuenta con diversos diplomados en Inform\u00e1tica, Gobierno Electr\u00f3nico, Reingenier\u00eda e Innovaci\u00f3n Gubernamental y Desarrollo de Competencias Gerenciales. Al inicio de su trayectoria profesional se desempe\u00f1\u00f3 como docente y directivo de educaci\u00f3n b\u00e1sica. Fue catedr\u00e1tico de la Escuela Normal Veracruzana \u201cEnrique C. R\u00e9bsamen\u201d y ha ejercido distintos cargos en el sector educativo en las \u00e1reas de administraci\u00f3n, planeaci\u00f3n y evaluaci\u00f3n, as\u00ed como en tareas de gesti\u00f3n institucional. Actualmente es Director General de Recursos Humanos de la Universidad Veracruzana.<\/p>\n<p><strong>Reconocimientos:<\/strong><\/p>\n<p>Premio Nacional de Finanzas P\u00fablicas 2017, por <em>Los desequilibrios e inequidades legislativas del Fondo de Aportaciones para la N\u00f3mina Educativa y Gasto Operativo-Ramo 33 (2015-2017). <\/em><\/p>\n<p><strong>Editoriales: <\/strong>CEFP, INAP.<\/p>\n","protected":false},"excerpt":{"rendered":"<p>Nombre: Jos\u00e9 Ra\u00fal Trujillo Doctor en Administraci\u00f3n P\u00fablica por el Instituto de Administraci\u00f3n P\u00fablica de Veracruz y maestro en Desarrollo de la Educaci\u00f3n B\u00e1sica por la Universidad Iberoamericana. Cuenta con diversos diplomados en Inform\u00e1tica, Gobierno Electr\u00f3nico, Reingenier\u00eda e Innovaci\u00f3n Gubernamental y Desarrollo de Competencias Gerenciales. Al inicio de su trayectoria profesional se desempe\u00f1\u00f3 como docente [&hellip;]<\/p>\n","protected":false},"author":1795,"featured_media":0,"comment_status":"closed","ping_status":"closed","sticky":false,"template":"","format":"standard","meta":{"footnotes":""},"categories":[14],"tags":[],"class_list":["post-4979","post","type-post","status-publish","format-standard","hentry","category-autores-2018"],"_links":{"self":[{"href":"https:\/\/www.uv.mx\/filu\/wp-json\/wp\/v2\/posts\/4979","targetHints":{"allow":["GET"]}}],"collection":[{"href":"https:\/\/www.uv.mx\/filu\/wp-json\/wp\/v2\/posts"}],"about":[{"href":"https:\/\/www.uv.mx\/filu\/wp-json\/wp\/v2\/types\/post"}],"author":[{"embeddable":true,"href":"https:\/\/www.uv.mx\/filu\/wp-json\/wp\/v2\/users\/1795"}],"replies":[{"embeddable":true,"href":"https:\/\/www.uv.mx\/filu\/wp-json\/wp\/v2\/comments?post=4979"}],"version-history":[{"count":0,"href":"https:\/\/www.uv.mx\/filu\/wp-json\/wp\/v2\/posts\/4979\/revisions"}],"wp:attachment":[{"href":"https:\/\/www.uv.mx\/filu\/wp-json\/wp\/v2\/media?parent=4979"}],"wp:term":[{"taxonomy":"category","embeddable":true,"href":"https:\/\/www.uv.mx\/filu\/wp-json\/wp\/v2\/categories?post=4979"},{"taxonomy":"post_tag","embeddable":true,"href":"https:\/\/www.uv.mx\/filu\/wp-json\/wp\/v2\/tags?post=4979"}],"curies":[{"name":"wp","href":"https:\/\/api.w.org\/{rel}","templated":true}]}}