
{"id":4969,"date":"2018-04-10T19:00:38","date_gmt":"2018-04-11T00:00:38","guid":{"rendered":"https:\/\/www.uv.mx\/filu\/?p=4969"},"modified":"2018-04-10T19:00:38","modified_gmt":"2018-04-11T00:00:38","slug":"autores-2018-alberto-tovalin","status":"publish","type":"post","link":"https:\/\/www.uv.mx\/filu\/autores-2018\/autores-2018-alberto-tovalin\/","title":{"rendered":"Autores 2018 &#8211; Alberto Toval\u00edn"},"content":{"rendered":"<p><strong>Nombre: <\/strong>Alberto Toval\u00edn<\/p>\n<p>Estudi\u00f3 la Licenciatura en Ling\u00fc\u00edstica en la Escuela Nacional de Antropolog\u00eda e Historia, y a partir de 1994, desarroll\u00f3 el proyecto\u00a0<em>Cr\u00f3nicas fotogr\u00e1ficas<\/em>\u00a0con la finalidad de promover la fotograf\u00eda mexicana en M\u00e9xico y en el extranjero. Entre estas actividades se incluye el encuentro\u00a0<em>Cr\u00f3nicas Fotogr\u00e1ficas<\/em>, I Foro M\u00e9xico-Estados Unidos que organiz\u00f3 con Miguel Fematt y Alejandro Castellanos, en la ciudad de Xalapa en 1995, y la edici\u00f3n de las agendas con el mismo nombre desde 1995 hasta 1997, que incluyen obra de diversos c\u00e9lebres fot\u00f3grafos. Sus im\u00e1genes se han publicado en revistas especializadas como\u00a0<em>Cuartoscuro<\/em>,\u00a0<em>PhotoMetro<\/em>\u00a0(San Francisco, California),\u00a0<em>L\u2019agenda de la imatge<\/em>\u00a0(Barcelona, Espa\u00f1a) y en las editoriales Anagrama y Fondo de Cultura Econ\u00f3mica. Su obra se ha incluido en la publicaci\u00f3n\u00a0160 a\u00f1os de fotograf\u00eda en M\u00e9xico\u00a0del Centro de la Imagen y en la colecci\u00f3n de postales\u00a0<em>La fotograf\u00eda en M\u00e9xico<\/em>, por mencionar algunas. Desde 1998 se desempe\u00f1a en las \u00e1reas de Comunicaci\u00f3n Universitaria y de la Direcci\u00f3n Editorial de la Universidad Veracruzana.<\/p>\n<p><strong>Editoriales: <\/strong>Anagrama, Fondo de Cultura Econ\u00f3mica.<\/p>\n","protected":false},"excerpt":{"rendered":"<p>Nombre: Alberto Toval\u00edn Estudi\u00f3 la Licenciatura en Ling\u00fc\u00edstica en la Escuela Nacional de Antropolog\u00eda e Historia, y a partir de 1994, desarroll\u00f3 el proyecto\u00a0Cr\u00f3nicas fotogr\u00e1ficas\u00a0con la finalidad de promover la fotograf\u00eda mexicana en M\u00e9xico y en el extranjero. Entre estas actividades se incluye el encuentro\u00a0Cr\u00f3nicas Fotogr\u00e1ficas, I Foro M\u00e9xico-Estados Unidos que organiz\u00f3 con Miguel Fematt [&hellip;]<\/p>\n","protected":false},"author":1795,"featured_media":0,"comment_status":"closed","ping_status":"closed","sticky":false,"template":"","format":"standard","meta":{"footnotes":""},"categories":[14],"tags":[],"class_list":["post-4969","post","type-post","status-publish","format-standard","hentry","category-autores-2018"],"_links":{"self":[{"href":"https:\/\/www.uv.mx\/filu\/wp-json\/wp\/v2\/posts\/4969","targetHints":{"allow":["GET"]}}],"collection":[{"href":"https:\/\/www.uv.mx\/filu\/wp-json\/wp\/v2\/posts"}],"about":[{"href":"https:\/\/www.uv.mx\/filu\/wp-json\/wp\/v2\/types\/post"}],"author":[{"embeddable":true,"href":"https:\/\/www.uv.mx\/filu\/wp-json\/wp\/v2\/users\/1795"}],"replies":[{"embeddable":true,"href":"https:\/\/www.uv.mx\/filu\/wp-json\/wp\/v2\/comments?post=4969"}],"version-history":[{"count":0,"href":"https:\/\/www.uv.mx\/filu\/wp-json\/wp\/v2\/posts\/4969\/revisions"}],"wp:attachment":[{"href":"https:\/\/www.uv.mx\/filu\/wp-json\/wp\/v2\/media?parent=4969"}],"wp:term":[{"taxonomy":"category","embeddable":true,"href":"https:\/\/www.uv.mx\/filu\/wp-json\/wp\/v2\/categories?post=4969"},{"taxonomy":"post_tag","embeddable":true,"href":"https:\/\/www.uv.mx\/filu\/wp-json\/wp\/v2\/tags?post=4969"}],"curies":[{"name":"wp","href":"https:\/\/api.w.org\/{rel}","templated":true}]}}