
{"id":4945,"date":"2018-04-10T10:52:42","date_gmt":"2018-04-10T15:52:42","guid":{"rendered":"https:\/\/www.uv.mx\/filu\/?p=4945"},"modified":"2018-04-10T10:52:42","modified_gmt":"2018-04-10T15:52:42","slug":"autores-2018-mauricio-hernandez-monterrubio","status":"publish","type":"post","link":"https:\/\/www.uv.mx\/filu\/autores-2018\/autores-2018-mauricio-hernandez-monterrubio\/","title":{"rendered":"Autores 2018 &#8211; Mauricio Hern\u00e1ndez Monterrubio"},"content":{"rendered":"<p><strong>Nombre: <\/strong>Mauricio Hern\u00e1ndez Monterrubio<\/p>\n<p>Egresado de la Maestr\u00eda en M\u00fasica con especializaci\u00f3n en Musicolog\u00eda y de la Licenciatura en Artes, con especializaci\u00f3n en Guitarra de la Facultad de M\u00fasica de la Universidad Veracruzana. Fue catedr\u00e1tico de la Facultad de M\u00fasica de la Universidad Veracruzana durante 7 a\u00f1os y catedr\u00e1tico del Instituto de Artes de la Universidad Aut\u00f3noma del Estado de Hidalgo desde enero de 2004. Tiene grabados 8 discos compactos m\u00e1s: <em>Sonatango<\/em>\u00a0y\u00a0<em>Evocaci\u00f3n<\/em>\u00a0con el ensamble\u00a0<em>Hexafon\u00eda<\/em>\u00a0ejecutando m\u00fasica de Julio C\u00e9sar Oliva,\u00a0<em>Sketches<\/em>\u00a0con el <em>Argentis D\u00fao<\/em> al lado del maestro Mart\u00edn Candelaria,\u00a0<em>Tres siglos de tradici\u00f3n musical en M\u00e9xico<\/em> y <em>Campeche a dos guitarras<\/em>\u00a0 con el guitarrista mexicano Jos\u00e9 Isidoro Ramos, <em>Due Voci<\/em>\u00a0y\u00a0<em>Boleros Due Voci<\/em>\u00a0al lado del clarinetista Alejandro Moreno Ramos y\u00a0<em>M\u00fasica de C\u00e1mara<\/em>\u00a0al lado de alumnos y maestros del Instituto de Artes de la Universidad Aut\u00f3noma del Estado de Hidalgo. Ha tenido una \u00a0importante actividad concert\u00edstica en pa\u00edses como Italia, Espa\u00f1a, Francia, Estados Unidos, Brasil, Ecuador, Costa Rica, Guatemala, Argentina y M\u00e9xico. En 2017 particip\u00f3 en el <em>soundtrack<\/em> de la pel\u00edcula <em>Coco<\/em> de Disney, Pixar.<\/p>\n<p><strong>Reconocimientos:<\/strong><\/p>\n<p>1er. Lugar en el XVII Concurso Nacional de Ejecutantes de Guitarra en Paracho, Michoac\u00e1n 1990.<\/p>\n<p>1er. Lugar en el 1er. Concurso y Festival Nacional de Guitarra de Taxco, Guerrero 1991.<\/p>\n<p>2\u00ba. Lugar en el III Concurso de Guitarra Cl\u00e1sica Graziella Lassere de Chappard en Guanajuato, Guanajuato 1992.<\/p>\n<p>1er. Lugar en el Concurso Nacional de Guitarra Cl\u00e1sica en Torre\u00f3n, Coahuila 1993.<\/p>\n<p>1er. Lugar en el Concurso Nacional de Guitarra en Xalapa, Veracruz 1994.<\/p>\n<p>1er. Lugar en el 2\u00ba. Concurso y Semana Nacional de la Guitarra en Guanajuato, Guanajuato 1997.<\/p>\n<p>Semifinalista en el IV Concurso Internacional de Guitarra Manuel M. Ponce en la ciudad de M\u00e9xico 1994, obteniendo Menci\u00f3n Especial en la V Edici\u00f3n del mismo concurso en 1998.<\/p>\n<p>2\u00ba. Lugar en el Segundo Concurso Nacional de Ensambles de Guitarra efectuado en el marco del Cuarto Festival de Guitarra Cl\u00e1sica en Temascalapa, Estado de M\u00e9xico 2007 con el D\u00fao de Guitarras del Instituto de Artes de la Universidad Aut\u00f3noma del Estado de Hidalgo.<\/p>\n<p>3er. Lugar en el Primer Concurso Internacional de Guitarra de M\u00e9xico celebrado en Saltillo Coahuila en el 2007.<\/p>\n<p><strong>\u00a0<\/strong><\/p>\n","protected":false},"excerpt":{"rendered":"<p>Nombre: Mauricio Hern\u00e1ndez Monterrubio Egresado de la Maestr\u00eda en M\u00fasica con especializaci\u00f3n en Musicolog\u00eda y de la Licenciatura en Artes, con especializaci\u00f3n en Guitarra de la Facultad de M\u00fasica de la Universidad Veracruzana. Fue catedr\u00e1tico de la Facultad de M\u00fasica de la Universidad Veracruzana durante 7 a\u00f1os y catedr\u00e1tico del Instituto de Artes de la [&hellip;]<\/p>\n","protected":false},"author":1795,"featured_media":0,"comment_status":"closed","ping_status":"closed","sticky":false,"template":"","format":"standard","meta":{"footnotes":""},"categories":[14],"tags":[],"class_list":["post-4945","post","type-post","status-publish","format-standard","hentry","category-autores-2018"],"_links":{"self":[{"href":"https:\/\/www.uv.mx\/filu\/wp-json\/wp\/v2\/posts\/4945","targetHints":{"allow":["GET"]}}],"collection":[{"href":"https:\/\/www.uv.mx\/filu\/wp-json\/wp\/v2\/posts"}],"about":[{"href":"https:\/\/www.uv.mx\/filu\/wp-json\/wp\/v2\/types\/post"}],"author":[{"embeddable":true,"href":"https:\/\/www.uv.mx\/filu\/wp-json\/wp\/v2\/users\/1795"}],"replies":[{"embeddable":true,"href":"https:\/\/www.uv.mx\/filu\/wp-json\/wp\/v2\/comments?post=4945"}],"version-history":[{"count":0,"href":"https:\/\/www.uv.mx\/filu\/wp-json\/wp\/v2\/posts\/4945\/revisions"}],"wp:attachment":[{"href":"https:\/\/www.uv.mx\/filu\/wp-json\/wp\/v2\/media?parent=4945"}],"wp:term":[{"taxonomy":"category","embeddable":true,"href":"https:\/\/www.uv.mx\/filu\/wp-json\/wp\/v2\/categories?post=4945"},{"taxonomy":"post_tag","embeddable":true,"href":"https:\/\/www.uv.mx\/filu\/wp-json\/wp\/v2\/tags?post=4945"}],"curies":[{"name":"wp","href":"https:\/\/api.w.org\/{rel}","templated":true}]}}