
{"id":4895,"date":"2018-04-06T00:46:16","date_gmt":"2018-04-06T05:46:16","guid":{"rendered":"https:\/\/www.uv.mx\/filu\/?p=4895"},"modified":"2018-04-06T00:46:20","modified_gmt":"2018-04-06T05:46:20","slug":"autores-2018-martha-riva-palacio","status":"publish","type":"post","link":"https:\/\/www.uv.mx\/filu\/autores-2018\/autores-2018-martha-riva-palacio\/","title":{"rendered":"Autores 2018 &#8211; Martha Riva Palacio"},"content":{"rendered":"<p><strong>Nombre: <\/strong>Martha Riva Palacio<\/p>\n<p>Escritora, poeta y artista sonora mexicana. Ha recibido varios premios y reconocimientos \u00a0por su obra. Sus libros han sido incluidos en cat\u00e1logos como el White Ravens de la Biblioteca de la Juventud en Alemania (2013)\u200b, la Exposici\u00f3n de los mejores libros para Ni\u00f1os y J\u00f3venes del Banco del Libro de Venezuela (2015 y 2016) y la Gu\u00eda de libros recomendados para ni\u00f1os y j\u00f3venes de IBBY (International Board on Books for Young People) \/ M\u00e9xico (2013 y 2016).<\/p>\n<p><strong>Reconocimientos:<\/strong><\/p>\n<p>XVI Premio de Literatura Infantil Barco de Vapor convocado por Fundaci\u00f3n SM y CONACULTA 2011, por <em>Las sirenas sue\u00f1an con trilobites<\/em>.<\/p>\n<p>XVIII Premio de Literatura Juvenil Gran Angular convocado por la Fundaci\u00f3n SM y CONACULTA 2013, por <em>Frecuencia J\u00fapiter.<\/em><\/p>\n<p>XX Premio FILIJ de Cuento para Ni\u00f1os y J\u00f3venes convocado por CONACULTA 2013, por <em>Orfeo<\/em>.<\/p>\n<p>Seleccionada para formar parte del cat\u00e1logo White Ravens de la Biblioteca de la Juventud en Alemania, as\u00ed como de la Gu\u00eda de libros recomendados para ni\u00f1os y j\u00f3venes de IBBY M\u00e9xico 2013, con <em>Las sirenas sue\u00f1an con trilobites<\/em>.<\/p>\n<p>Premio Hispanoamericano de poes\u00eda para ni\u00f1os convocado por la Fundaci\u00f3n para las Letras Mexicanas y el Fondo de Cultura Econ\u00f3mica 2014, por <em>Lun\u00e1tica<\/em>.<\/p>\n<p>Seleccionada en la XXXV Exposici\u00f3n de los mejores libros para Ni\u00f1os y J\u00f3venes del Banco del Libro de Venezuela 2015, con <em>Frecuencia J\u00fapiter<\/em>.<\/p>\n<p>El Premio Fundaci\u00f3n Cuatrogatos (seleccionada en la XXXVI Exposici\u00f3n de los mejores libros para Ni\u00f1os y J\u00f3venes del Banco del Libro de Venezuela) 2016, por <em>Buenas noches, Laika<\/em>.<\/p>\n<p><strong>Editoriales: <\/strong>Fondo de Cultura Econ\u00f3mica, Castillo, SM, Alas y Ra\u00edces<\/p>\n","protected":false},"excerpt":{"rendered":"<p>Nombre: Martha Riva Palacio Escritora, poeta y artista sonora mexicana. Ha recibido varios premios y reconocimientos \u00a0por su obra. Sus libros han sido incluidos en cat\u00e1logos como el White Ravens de la Biblioteca de la Juventud en Alemania (2013)\u200b, la Exposici\u00f3n de los mejores libros para Ni\u00f1os y J\u00f3venes del Banco del Libro de Venezuela [&hellip;]<\/p>\n","protected":false},"author":1795,"featured_media":0,"comment_status":"closed","ping_status":"closed","sticky":false,"template":"","format":"standard","meta":{"footnotes":""},"categories":[14],"tags":[],"class_list":["post-4895","post","type-post","status-publish","format-standard","hentry","category-autores-2018"],"_links":{"self":[{"href":"https:\/\/www.uv.mx\/filu\/wp-json\/wp\/v2\/posts\/4895","targetHints":{"allow":["GET"]}}],"collection":[{"href":"https:\/\/www.uv.mx\/filu\/wp-json\/wp\/v2\/posts"}],"about":[{"href":"https:\/\/www.uv.mx\/filu\/wp-json\/wp\/v2\/types\/post"}],"author":[{"embeddable":true,"href":"https:\/\/www.uv.mx\/filu\/wp-json\/wp\/v2\/users\/1795"}],"replies":[{"embeddable":true,"href":"https:\/\/www.uv.mx\/filu\/wp-json\/wp\/v2\/comments?post=4895"}],"version-history":[{"count":0,"href":"https:\/\/www.uv.mx\/filu\/wp-json\/wp\/v2\/posts\/4895\/revisions"}],"wp:attachment":[{"href":"https:\/\/www.uv.mx\/filu\/wp-json\/wp\/v2\/media?parent=4895"}],"wp:term":[{"taxonomy":"category","embeddable":true,"href":"https:\/\/www.uv.mx\/filu\/wp-json\/wp\/v2\/categories?post=4895"},{"taxonomy":"post_tag","embeddable":true,"href":"https:\/\/www.uv.mx\/filu\/wp-json\/wp\/v2\/tags?post=4895"}],"curies":[{"name":"wp","href":"https:\/\/api.w.org\/{rel}","templated":true}]}}