
{"id":4891,"date":"2018-04-06T00:43:27","date_gmt":"2018-04-06T05:43:27","guid":{"rendered":"https:\/\/www.uv.mx\/filu\/?p=4891"},"modified":"2018-04-06T00:43:27","modified_gmt":"2018-04-06T05:43:27","slug":"autores-2018-oscar-de-la-borbolla","status":"publish","type":"post","link":"https:\/\/www.uv.mx\/filu\/general\/autores-2018-oscar-de-la-borbolla\/","title":{"rendered":"Autores 2018 &#8211; \u00d3scar de la Borbolla"},"content":{"rendered":"<p><strong>Nombre:<\/strong> \u00d3scar de la Borbolla<\/p>\n<p>Obtuvo el Grado de Maestro en Filosof\u00eda en la UNAM y el Doctorado en la Universidad Complutense de Madrid, y fue becado por el Instituto de Cooperaci\u00f3n Iberoamericana. Profesor de Filosof\u00eda en la FES-Acatl\u00e1n de la UNAM, titular en el \u00e1rea de Metaf\u00edsica y Ontolog\u00eda; maestro en la Escuela de Escritores de la SOGEM; coordinador de talleres en universidades, casas de cultura y el CNIPL del INBA; asesor del secretario de Educaci\u00f3n P\u00fablica; guionista de los programas radiof\u00f3nicos <em>Ucron\u00edas Radiof\u00f3nicas<\/em> en Radio Educaci\u00f3n y <em>La Carta Radiof\u00f3nica<\/em> en Radio Trece; conferencista en la mayor\u00eda de las universidades de la Rep\u00fablica Mexicana y en innumerables universidades de Estados Unidos, Canad\u00e1 y Espa\u00f1a; miembro de la Comisi\u00f3n Dictaminadora de la Direcci\u00f3n General de Bibliotecas de la UNAM y de los consejos de redacci\u00f3n de las revistas <em>Los Universitarios<\/em>, <em>Plural<\/em> y <em>Blanco M\u00f3vil<\/em>. Miembro de la SOGEM. Su obra ha sido traducida al ingl\u00e9s, franc\u00e9s y serbocroata.<\/p>\n<p><strong>Reconocimientos:<\/strong><\/p>\n<p>Premio Internacional de Cuento Plural 1987, por <em>Las esquinas del azar<\/em><\/p>\n<p>Premio Nacional de Humor La Sonrisa 1991, por <em>Nada es para tanto<\/em><\/p>\n<p>&nbsp;<\/p>\n<p><strong>Editoriales: <\/strong>Grijalbo, Joaqu\u00edn Mort\u00edz, Selector, Planeta, Plaza &amp; Jan\u00e9s, Nueva Imagen<\/p>\n<p>&nbsp;<\/p>\n","protected":false},"excerpt":{"rendered":"<p>Nombre: \u00d3scar de la Borbolla Obtuvo el Grado de Maestro en Filosof\u00eda en la UNAM y el Doctorado en la Universidad Complutense de Madrid, y fue becado por el Instituto de Cooperaci\u00f3n Iberoamericana. Profesor de Filosof\u00eda en la FES-Acatl\u00e1n de la UNAM, titular en el \u00e1rea de Metaf\u00edsica y Ontolog\u00eda; maestro en la Escuela de [&hellip;]<\/p>\n","protected":false},"author":1795,"featured_media":0,"comment_status":"closed","ping_status":"closed","sticky":false,"template":"","format":"standard","meta":{"footnotes":""},"categories":[1],"tags":[],"class_list":["post-4891","post","type-post","status-publish","format-standard","hentry","category-general"],"_links":{"self":[{"href":"https:\/\/www.uv.mx\/filu\/wp-json\/wp\/v2\/posts\/4891","targetHints":{"allow":["GET"]}}],"collection":[{"href":"https:\/\/www.uv.mx\/filu\/wp-json\/wp\/v2\/posts"}],"about":[{"href":"https:\/\/www.uv.mx\/filu\/wp-json\/wp\/v2\/types\/post"}],"author":[{"embeddable":true,"href":"https:\/\/www.uv.mx\/filu\/wp-json\/wp\/v2\/users\/1795"}],"replies":[{"embeddable":true,"href":"https:\/\/www.uv.mx\/filu\/wp-json\/wp\/v2\/comments?post=4891"}],"version-history":[{"count":0,"href":"https:\/\/www.uv.mx\/filu\/wp-json\/wp\/v2\/posts\/4891\/revisions"}],"wp:attachment":[{"href":"https:\/\/www.uv.mx\/filu\/wp-json\/wp\/v2\/media?parent=4891"}],"wp:term":[{"taxonomy":"category","embeddable":true,"href":"https:\/\/www.uv.mx\/filu\/wp-json\/wp\/v2\/categories?post=4891"},{"taxonomy":"post_tag","embeddable":true,"href":"https:\/\/www.uv.mx\/filu\/wp-json\/wp\/v2\/tags?post=4891"}],"curies":[{"name":"wp","href":"https:\/\/api.w.org\/{rel}","templated":true}]}}