
{"id":4728,"date":"2018-04-04T02:48:36","date_gmt":"2018-04-04T07:48:36","guid":{"rendered":"https:\/\/www.uv.mx\/filu\/?p=4728"},"modified":"2018-04-30T23:49:51","modified_gmt":"2018-05-01T04:49:51","slug":"programa-infantil-3-de-mayo-2018","status":"publish","type":"post","link":"https:\/\/www.uv.mx\/filu\/general\/programa-infantil-3-de-mayo-2018\/","title":{"rendered":"Programa Infantil 3 de mayo 2018"},"content":{"rendered":"<p>11:00 a 12:00 horas. Foro Infantil<br \/>\n<strong>Presentaci\u00f3n art\u00edstica \u00c9rase que se eran dos sorprendentes historias<\/strong><br \/>\nParticipan: Melanie Smith y Ram\u00f3n Guti\u00e9rrez. Malet\u00f3n de cuentos<\/p>\n<p>11:00 a 12:00 horas. FILU Ni\u00f1os<br \/>\n<strong>Taller: Huellas en el parque<\/strong><br \/>\nImparte: Lourdes Jim\u00e9nez Mora, Proyecto ARPA Ven a la Cultura de AFEL UV<\/p>\n<p>12:00 a 13:00 horas. Foro Infantil<br \/>\n<strong>Presentaci\u00f3n del libro Del 1 al 10 y al rev\u00e9s, de Bernando Fern\u00e1ndez Bef, editado por Oc\u00e9ano Traves\u00eda<\/strong><br \/>\nParticipan: Jos\u00e9 Cruz Dom\u00ednguez y el autor<\/p>\n<p>12:00 a 14:00 horas. FILU Ni\u00f1os<br \/>\n<strong>Taller de ciencia: Los navegantes de los oc\u00e9anos (6 a 12 a\u00f1os) <\/strong><br \/>\nImparte: Othoniel Reyes Pe\u00f1a, Instituto de Investigaciones Biol\u00f3gicas UV<\/p>\n<p>16:00 a 17:00 horas. Foro Infantil<br \/>\n<strong>Taller: \u00bfBasura? Aprendamos a disminuir los residuos que generamos<\/strong><br \/>\nImparten: \u00c9rika Cruz Aburto, Alicia Celis Villal\u00f3n y Miguel Escalona<\/p>\n<p>16:00 a 18:00 horas. FILU Ni\u00f1os<br \/>\n<strong>Taller de ciencia: No es magia\u2026 es ciencia <\/strong><br \/>\nImparten: \u00d3scar Garc\u00eda Barradas y Ma. Remedios Mendoza L\u00f3pez<\/p>\n<p>16:00 a 18:00 horas. FILU Ni\u00f1os<br \/>\n<strong>Taller: Mis amigos los bomberos<\/strong><br \/>\nImparte: Bomberos de Xalapa<\/p>\n<p>16:00 a 20:00 horas. FILU Ni\u00f1os<br \/>\n<strong>Feria matem\u00e1tica: actividades l\u00fadicas<\/strong><br \/>\nImparten: Arturo Toriz y Guadalupe Cruz. Imath, Instituto de Formaci\u00f3n en Matem\u00e1ticas<\/p>\n<p>18:00 a 19:00 horas. Foro Infantil<br \/>\n<strong>Taller: El ingenioso cient\u00edfico Don Quijote de Xalapa. Cupo limitado: 25 ni\u00f1os<\/strong><br \/>\nImparte: Miriam Guadalupe B\u00e1ez Hern\u00e1ndez, Colectivo de Divulgaci\u00f3n de la Ciencia y Educaci\u00f3n CoDICE<\/p>\n<p>18:00 a 19:30 horas. FILU Ni\u00f1os<br \/>\n<strong>Taller juvenil: Redacci\u00f3n de art\u00edculos de divulgaci\u00f3n cient\u00edfica. Cupo limitado: 15 personas<\/strong><br \/>\nImparten: Diana Karent S\u00e1enz D\u00edaz, Jes\u00fas Argenis Mu\u00f1oz L\u00f3pez y Jos\u00e9 Carlos L\u00f3pez Hern\u00e1ndez. Revista Sociog\u00e9nesis de la Facultad de Sociolog\u00eda UV<\/p>\n","protected":false},"excerpt":{"rendered":"<p>11:00 a 12:00 horas. Foro Infantil Presentaci\u00f3n art\u00edstica \u00c9rase que se eran dos sorprendentes historias Participan: Melanie Smith y Ram\u00f3n Guti\u00e9rrez. Malet\u00f3n de cuentos 11:00 a 12:00 horas. FILU Ni\u00f1os Taller: Huellas en el parque Imparte: Lourdes Jim\u00e9nez Mora, Proyecto ARPA Ven a la Cultura de AFEL UV 12:00 a 13:00 horas. Foro Infantil Presentaci\u00f3n [&hellip;]<\/p>\n","protected":false},"author":1795,"featured_media":0,"comment_status":"closed","ping_status":"closed","sticky":false,"template":"","format":"standard","meta":{"footnotes":""},"categories":[1],"tags":[],"class_list":["post-4728","post","type-post","status-publish","format-standard","hentry","category-general"],"_links":{"self":[{"href":"https:\/\/www.uv.mx\/filu\/wp-json\/wp\/v2\/posts\/4728","targetHints":{"allow":["GET"]}}],"collection":[{"href":"https:\/\/www.uv.mx\/filu\/wp-json\/wp\/v2\/posts"}],"about":[{"href":"https:\/\/www.uv.mx\/filu\/wp-json\/wp\/v2\/types\/post"}],"author":[{"embeddable":true,"href":"https:\/\/www.uv.mx\/filu\/wp-json\/wp\/v2\/users\/1795"}],"replies":[{"embeddable":true,"href":"https:\/\/www.uv.mx\/filu\/wp-json\/wp\/v2\/comments?post=4728"}],"version-history":[{"count":0,"href":"https:\/\/www.uv.mx\/filu\/wp-json\/wp\/v2\/posts\/4728\/revisions"}],"wp:attachment":[{"href":"https:\/\/www.uv.mx\/filu\/wp-json\/wp\/v2\/media?parent=4728"}],"wp:term":[{"taxonomy":"category","embeddable":true,"href":"https:\/\/www.uv.mx\/filu\/wp-json\/wp\/v2\/categories?post=4728"},{"taxonomy":"post_tag","embeddable":true,"href":"https:\/\/www.uv.mx\/filu\/wp-json\/wp\/v2\/tags?post=4728"}],"curies":[{"name":"wp","href":"https:\/\/api.w.org\/{rel}","templated":true}]}}