
{"id":4707,"date":"2018-04-04T02:09:52","date_gmt":"2018-04-04T07:09:52","guid":{"rendered":"https:\/\/www.uv.mx\/filu\/?p=4707"},"modified":"2018-04-24T09:15:07","modified_gmt":"2018-04-24T14:15:07","slug":"programa-general-30-de-abril-2018","status":"publish","type":"post","link":"https:\/\/www.uv.mx\/filu\/general\/programa-general-30-de-abril-2018\/","title":{"rendered":"Programa General 30 de abril 2018"},"content":{"rendered":"<p>14:00 a 15:00 horas. Sal\u00f3n Emilio Carballido<br \/>\n<strong>Presentaci\u00f3n del libro A cien a\u00f1os de la Constituci\u00f3n de 1917, autores varios, editado por la Universidad Veracruzana<\/strong><br \/>\nParticipan: Jaqueline Jongitud, Ernesto Trevi\u00f1o, Jos\u00e9 Galindo y Michael Ducey. Modera: \u00c9dgar Garc\u00eda Valencia<\/p>\n<p>14:00 a 15:00 horas, Sal\u00f3n Ram\u00f3n Rodr\u00edguez<br \/>\n<strong>Presentaci\u00f3n del libro Mejor la ausencia, de Edurne Portela, editado por Galaxia Gutenberg<\/strong><br \/>\nParticipan: Martha Ordaz y la autora<\/p>\n<p>16:00 a 17:00 horas. Sal\u00f3n Juan Vicente Melo<br \/>\n<strong>Presentaci\u00f3n del libro El ser genuflexo como condici\u00f3n posmoderna, de Jes\u00fas Turiso Sebasti\u00e1n, editado por la Biblioteca Digital de Humanidades<\/strong><br \/>\nParticipan: Alfonso Colorado, Adolfo Garc\u00eda de la Sienra y el autor<\/p>\n<p>17:00 a 18:00 horas. Foro Sergio Galindo<br \/>\n<strong>Entrega a la medalla al m\u00e9rito Universidad Veracruzana a Carmen Aristegui<\/strong><br \/>\nPresenta: Raciel Mart\u00ednez <\/p>\n<p>18:00 a 19:00 horas. Sal\u00f3n Juan Vicente Melo<br \/>\n<strong>Presentaci\u00f3n del libro Una amistad literaria. Correspondencia: 1942 \u2013 1959, de Alfonso Reyes y Jos\u00e9 Luis Mart\u00ednez, editado por el Fondo de Cultura Econ\u00f3mica<\/strong><br \/>\nParticipan: Malva Flores, Antonio Bonilla, Nelly Palafox y Rodrigo Mart\u00ednez Baracs<\/p>\n<p>18:00 a 19:00 horas. Sal\u00f3n Ram\u00f3n Rodr\u00edguez<br \/>\n<strong>Presentaci\u00f3n del libro Esa fugitiva eternidad, de Jean-Claude Xuereb, editado por la Universidad Veracruzana<\/strong><br \/>\nParticipan: Philippe Cheron, Rossana Reyes y el autor. Modera: Nina Crangle<\/p>\n<p>18:00 horas. Aula Clavijero<br \/>\n<strong>Documental: Vida y ficci\u00f3n.<br \/>\nGui\u00f3n: Jos\u00e9 Ovejero y Edurme Portela. Direcci\u00f3n: Jos\u00e9 Ovejero. Pa\u00eds: Espa\u00f1a. A\u00f1o: 2017. Duraci\u00f3n: 57 mins. <\/strong><br \/>\nParticipan: Ricardo Benet y los guionistas<\/p>\n<p><strong>19:00 a 20:00 horas. Sal\u00f3n Emilio Carballido<br \/>\nConversatorio: 50 a\u00f1os del 68 <\/strong><br \/>\nParticipan: Massimo Modonesi y Gualberto D\u00edaz Gonz\u00e1lez<\/p>\n<p><strong>19:00 a 20:00 horas. Sal\u00f3n Ram\u00f3n Rodr\u00edguez<br \/>\nPresentaci\u00f3n del libro Danka, de Pavel Ortega, edici\u00f3n de autor<\/strong><br \/>\nParticipan: Javier Ahumada y el autor<\/p>\n<p>20:00 a 21:00 horas. Foro Sergio Galindo<br \/>\n<strong>Presentaci\u00f3n art\u00edstica Orquesta Universitaria de M\u00fasica Popular UV<\/strong><\/p>\n","protected":false},"excerpt":{"rendered":"<p>14:00 a 15:00 horas. Sal\u00f3n Emilio Carballido Presentaci\u00f3n del libro A cien a\u00f1os de la Constituci\u00f3n de 1917, autores varios, editado por la Universidad Veracruzana Participan: Jaqueline Jongitud, Ernesto Trevi\u00f1o, Jos\u00e9 Galindo y Michael Ducey. Modera: \u00c9dgar Garc\u00eda Valencia 14:00 a 15:00 horas, Sal\u00f3n Ram\u00f3n Rodr\u00edguez Presentaci\u00f3n del libro Mejor la ausencia, de Edurne Portela, [&hellip;]<\/p>\n","protected":false},"author":1795,"featured_media":0,"comment_status":"closed","ping_status":"closed","sticky":false,"template":"","format":"standard","meta":{"footnotes":""},"categories":[1],"tags":[],"class_list":["post-4707","post","type-post","status-publish","format-standard","hentry","category-general"],"_links":{"self":[{"href":"https:\/\/www.uv.mx\/filu\/wp-json\/wp\/v2\/posts\/4707","targetHints":{"allow":["GET"]}}],"collection":[{"href":"https:\/\/www.uv.mx\/filu\/wp-json\/wp\/v2\/posts"}],"about":[{"href":"https:\/\/www.uv.mx\/filu\/wp-json\/wp\/v2\/types\/post"}],"author":[{"embeddable":true,"href":"https:\/\/www.uv.mx\/filu\/wp-json\/wp\/v2\/users\/1795"}],"replies":[{"embeddable":true,"href":"https:\/\/www.uv.mx\/filu\/wp-json\/wp\/v2\/comments?post=4707"}],"version-history":[{"count":0,"href":"https:\/\/www.uv.mx\/filu\/wp-json\/wp\/v2\/posts\/4707\/revisions"}],"wp:attachment":[{"href":"https:\/\/www.uv.mx\/filu\/wp-json\/wp\/v2\/media?parent=4707"}],"wp:term":[{"taxonomy":"category","embeddable":true,"href":"https:\/\/www.uv.mx\/filu\/wp-json\/wp\/v2\/categories?post=4707"},{"taxonomy":"post_tag","embeddable":true,"href":"https:\/\/www.uv.mx\/filu\/wp-json\/wp\/v2\/tags?post=4707"}],"curies":[{"name":"wp","href":"https:\/\/api.w.org\/{rel}","templated":true}]}}