
{"id":4702,"date":"2018-04-04T01:57:06","date_gmt":"2018-04-04T06:57:06","guid":{"rendered":"https:\/\/www.uv.mx\/filu\/?p=4702"},"modified":"2018-04-04T03:25:31","modified_gmt":"2018-04-04T08:25:31","slug":"programa-general-29-de-abril-2018","status":"publish","type":"post","link":"https:\/\/www.uv.mx\/filu\/general\/programa-general-29-de-abril-2018\/","title":{"rendered":"Programa General 29 de abril 2018"},"content":{"rendered":"<p>12:00 a 13:00 horas, Sal\u00f3n Juan Vicente Melo<br \/>\n<strong>Presentaci\u00f3n del libro Cine contexto, de Raciel Mart\u00ednez, editado por la Biblioteca Digital de Humanidades<\/strong><br \/>\nParticipan: Juan Jos\u00e9 Gonz\u00e1lez Mej\u00eda, Ricardo Benet y el autor<\/p>\n<p>12:00 a 13:00 horas, Sal\u00f3n Emilio Carballido<br \/>\n<strong>Presentaci\u00f3n del libro Citlalli tiene tres abuelas, de Silvia Susana J\u00e1come, editado por el Consejo Nacional para Prevenir la Discriminaci\u00f3n (Conapred)<\/strong><br \/>\nParticipan: Esther Hern\u00e1ndez Palacios, Benno Bkeijzer, Remedios \u00c1lvarez Santos, Germ\u00e1n Corzo Ruiz y la autora. Modera: Ren\u00e9 Barffus\u00f3n<\/p>\n<p>12:00 a 13:00 horas, Sal\u00f3n Ram\u00f3n Rodr\u00edguez<br \/>\n<strong>Mesa: Productos de investigaci\u00f3n en Artes del CECDA<\/strong><br \/>\nParticipan: Domingo Adame, Juan Mendoza Zazueta y Antonio G\u00f3mez Yepes<\/p>\n<p>13:00 a 14:00 horas, Foro Sergio Galindo<br \/>\n<strong>Presentaci\u00f3n del libro La seducci\u00f3n, de Jos\u00e9 Ovejero, editado por Galaxia Gutenberg <\/strong><br \/>\nParticipan: Ad\u00e1n Delgado y el autor<\/p>\n<p>14:00 a 15:00 horas, Sal\u00f3n Juan Vicente Melo<br \/>\n<strong>Presentaci\u00f3n de los cat\u00e1logos electr\u00f3nicos de libros y revistas de la Universidad Veracruzana<\/strong><br \/>\nParticipan: \u00c9dgar Garc\u00eda Valencia, Norma Ang\u00e9lica Cuevas y A\u00edda Pozos. Modera: Lizeth Pedregal<\/p>\n<p>14:00 a 15:00 horas, Sal\u00f3n Emilio Carballido<br \/>\n<strong>Presentaci\u00f3n del libro C\u00f3mo nace y crece un volc\u00e1n. El Par\u00edcutin, del Dr. Atl (edici\u00f3n facsimilar con pr\u00f3logo de Jaime Urrutia Fucugauchi)<br \/>\nProyecci\u00f3n del documental: Parh\u00edkutini, de Santiago Arau<\/strong><br \/>\nParticipan: Leticia Mora, Jaime Urrutia Fucugauchi y Santiago Arau. Modera: Alejandro Cruz Atienza<\/p>\n<p>14:00 a 15:00 horas, Sal\u00f3n Ram\u00f3n Rodr\u00edguez<br \/>\n<strong>Presentaci\u00f3n del libro Bilis negra, de Mario S\u00e1nchez Carbajal<br \/>\nPremio Bellas Artes Juan Rulfo para Primera Novela 2015. INBA <\/strong><br \/>\nParticipan: Diego Lima y el autor<\/p>\n<p>16:00 a 17:00 horas, Foro Sergio Galindo<br \/>\n<strong>Presentaci\u00f3n art\u00edstica Orquesta Real de Xalapa <\/strong><\/p>\n<p>17:00 a 18:00 horas, Sal\u00f3n Juan Vicente Melo<br \/>\n<strong>Presentaci\u00f3n del libro Los huecos de la memoria, de Raquel Mart\u00ednez-G\u00f3mez, editado por la Universidad Veracruzana<\/strong><br \/>\nParticipan: Celia del Palacio, Esther Hern\u00e1ndez Palacios y la autora. Modera: \u00c9dgar Garc\u00eda Valencia<\/p>\n<p>17:00 a 18:00 horas, Sal\u00f3n Emilio Carballido<br \/>\n<strong>Presentaci\u00f3n del libro Mundo extra\u00f1o, de Jos\u00e9 Ovejero, editado por P\u00e1ginas de Espuma<\/strong><br \/>\nParticipan: Diego Salas y el autor<\/p>\n<p>17:00 a 18:00 horas, Sal\u00f3n Ram\u00f3n Rodr\u00edguez<br \/>\n<strong>Presentaci\u00f3n del libro El pa\u00eds de la oscuridad, de Andr\u00e9s Acosta, editado por El Naranjo <\/strong><br \/>\nParticipan: Antonio Bonilla y el autor<\/p>\n<p>18:00 a 19:00 horas, Foro Sergio Galindo<br \/>\n<strong>Atalanta: Los libros detr\u00e1s de los p\u00e1rpados <\/strong><br \/>\nParticipan: Inka Mart\u00ed, Jacobo Siruela y Rodolfo Mendoza<\/p>\n<p>19:00 a 20:00 horas, Foro Sergio Galindo<br \/>\n<strong>Presentaci\u00f3n del libro Informe sobre el desarrollo de M\u00e9xico. Propuestas estrat\u00e9gicas para el desarrollo 2019-2024, publicado por la UNAM <\/strong><br \/>\nParticipan: Jorge Eduardo Navarrete e Israel Banegas Gonz\u00e1lez. Modera: Jos\u00e9 Rivera Banuet<\/p>\n<p>19:00 a 20:30 horas, FILU Ni\u00f1os<br \/>\n<strong>Taller para adultos: Remedios herbolarios de la tradici\u00f3n mexicana<\/strong><br \/>\nImparte: Araceli Beltr\u00e1n Casas, Teocalli Casa de Energ\u00eda<\/p>\n<p>20:00 a 21:00 horas, Foro Sergio Galindo<br \/>\n<strong>Presentaci\u00f3n art\u00edstica Mardonio Carballo y Ram\u00f3n Guti\u00e9rrez Dueto<\/strong><\/p>\n","protected":false},"excerpt":{"rendered":"<p>12:00 a 13:00 horas, Sal\u00f3n Juan Vicente Melo Presentaci\u00f3n del libro Cine contexto, de Raciel Mart\u00ednez, editado por la Biblioteca Digital de Humanidades Participan: Juan Jos\u00e9 Gonz\u00e1lez Mej\u00eda, Ricardo Benet y el autor 12:00 a 13:00 horas, Sal\u00f3n Emilio Carballido Presentaci\u00f3n del libro Citlalli tiene tres abuelas, de Silvia Susana J\u00e1come, editado por el Consejo [&hellip;]<\/p>\n","protected":false},"author":1795,"featured_media":0,"comment_status":"closed","ping_status":"closed","sticky":false,"template":"","format":"standard","meta":{"footnotes":""},"categories":[1],"tags":[],"class_list":["post-4702","post","type-post","status-publish","format-standard","hentry","category-general"],"_links":{"self":[{"href":"https:\/\/www.uv.mx\/filu\/wp-json\/wp\/v2\/posts\/4702","targetHints":{"allow":["GET"]}}],"collection":[{"href":"https:\/\/www.uv.mx\/filu\/wp-json\/wp\/v2\/posts"}],"about":[{"href":"https:\/\/www.uv.mx\/filu\/wp-json\/wp\/v2\/types\/post"}],"author":[{"embeddable":true,"href":"https:\/\/www.uv.mx\/filu\/wp-json\/wp\/v2\/users\/1795"}],"replies":[{"embeddable":true,"href":"https:\/\/www.uv.mx\/filu\/wp-json\/wp\/v2\/comments?post=4702"}],"version-history":[{"count":0,"href":"https:\/\/www.uv.mx\/filu\/wp-json\/wp\/v2\/posts\/4702\/revisions"}],"wp:attachment":[{"href":"https:\/\/www.uv.mx\/filu\/wp-json\/wp\/v2\/media?parent=4702"}],"wp:term":[{"taxonomy":"category","embeddable":true,"href":"https:\/\/www.uv.mx\/filu\/wp-json\/wp\/v2\/categories?post=4702"},{"taxonomy":"post_tag","embeddable":true,"href":"https:\/\/www.uv.mx\/filu\/wp-json\/wp\/v2\/tags?post=4702"}],"curies":[{"name":"wp","href":"https:\/\/api.w.org\/{rel}","templated":true}]}}