
{"id":4696,"date":"2018-04-04T01:39:00","date_gmt":"2018-04-04T06:39:00","guid":{"rendered":"https:\/\/www.uv.mx\/filu\/?p=4696"},"modified":"2018-04-04T03:34:41","modified_gmt":"2018-04-04T08:34:41","slug":"programa-infantil-28-de-abril-2018","status":"publish","type":"post","link":"https:\/\/www.uv.mx\/filu\/general\/programa-infantil-28-de-abril-2018\/","title":{"rendered":"Programa Infantil 28 de abril 2018"},"content":{"rendered":"<p>11:00 a 16:00 horas. FILU Ni\u00f1os<br \/>\n<strong>Biblioteca para beb\u00e9s y ni\u00f1os peque\u00f1os<\/strong><br \/>\nParticipan: Mar\u00eda Claudia Mart\u00ednez Mart\u00ednez y Lilia Ruiz Luna<\/p>\n<p>11:00 a 19:30 horas. FILU Ni\u00f1os<br \/>\n<strong>2do. Torneo de ajedrez infantil y juvenil con motivo del d\u00eda del ni\u00f1o<\/strong><br \/>\nImparte: Club de\u00a0Ajedrez\u00a0Xalapa,\u00a0A.C.<\/p>\n<p>12:00 a 13:00 horas. FILU Ni\u00f1os<br \/>\n<strong>Taller de ciencia: <em>C\u00f3mo funciona mi cuerpo <\/em>(6 a 10 a\u00f1os)<\/strong><br \/>\nImparten: Rossana C. Zepeda Hern\u00e1ndez y Claudia Janeth Ju\u00e1rez Portilla. Centro de Investigaciones Biom\u00e9dicas UV<\/p>\n<p>12:00 a 15:00 horas. Foro Infantil<br \/>\n<strong>Taller: <em>Falsos coralillos y exhibici\u00f3n de serpientes<\/em><\/strong><br \/>\nImparte: Pablo E. Cobos Mej\u00eda<\/p>\n<p>16:00 a 20:00 horas. FILU Ni\u00f1os<br \/>\n<strong>Biblioteca para beb\u00e9s y ni\u00f1os peque\u00f1os<\/strong><br \/>\nParticipan: Susana Hern\u00e1ndez Paratte y Rossy M\u00e9ndez Gayosso<\/p>\n<p>17:00 a 18:00 horas. Foro Infantil<br \/>\n<strong><em>Taller y exhibici\u00f3n de aves<\/em><\/strong><br \/>\nImparte: Marco Antonio Lasserre Laborde, Asociaci\u00f3n vida verde en conservaci\u00f3n<\/p>\n<p>17:00 a 19:00 horas. FILU Ni\u00f1os<br \/>\n<strong>Taller de ciencia: <em>De los \u00f3rganos a los sistemas<\/em> (10 a 50 a\u00f1os)<\/strong><br \/>\nImparte: Mayvi Alvarado Olivarez, Instituto de Neuroetolog\u00eda UV<\/p>\n<p>18:00 a 19:00 horas. FILU Ni\u00f1os<br \/>\n<strong>Taller: <em>Las sombras del Rey<\/em> (6 a 12 a\u00f1os)<\/strong><br \/>\nImparte: Monigotes y Monifatos T\u00edteres<br \/>\nCon el apoyo del Centro Cultural de Espa\u00f1a en M\u00e9xico<\/p>\n<p>19:00 a 20:30 horas. FILU Ni\u00f1os<br \/>\n<strong>Taller para adultos: <em>Remedios herbolarios de la tradici\u00f3n mexicana<\/em><\/strong><br \/>\nImparte: Araceli Beltr\u00e1n Casas, Teocalli Casa de Energ\u00eda<\/p>\n","protected":false},"excerpt":{"rendered":"<p>11:00 a 16:00 horas. FILU Ni\u00f1os Biblioteca para beb\u00e9s y ni\u00f1os peque\u00f1os Participan: Mar\u00eda Claudia Mart\u00ednez Mart\u00ednez y Lilia Ruiz Luna 11:00 a 19:30 horas. FILU Ni\u00f1os 2do. Torneo de ajedrez infantil y juvenil con motivo del d\u00eda del ni\u00f1o Imparte: Club de\u00a0Ajedrez\u00a0Xalapa,\u00a0A.C. 12:00 a 13:00 horas. FILU Ni\u00f1os Taller de ciencia: C\u00f3mo funciona mi [&hellip;]<\/p>\n","protected":false},"author":1795,"featured_media":0,"comment_status":"closed","ping_status":"closed","sticky":false,"template":"","format":"standard","meta":{"footnotes":""},"categories":[1],"tags":[],"class_list":["post-4696","post","type-post","status-publish","format-standard","hentry","category-general"],"_links":{"self":[{"href":"https:\/\/www.uv.mx\/filu\/wp-json\/wp\/v2\/posts\/4696","targetHints":{"allow":["GET"]}}],"collection":[{"href":"https:\/\/www.uv.mx\/filu\/wp-json\/wp\/v2\/posts"}],"about":[{"href":"https:\/\/www.uv.mx\/filu\/wp-json\/wp\/v2\/types\/post"}],"author":[{"embeddable":true,"href":"https:\/\/www.uv.mx\/filu\/wp-json\/wp\/v2\/users\/1795"}],"replies":[{"embeddable":true,"href":"https:\/\/www.uv.mx\/filu\/wp-json\/wp\/v2\/comments?post=4696"}],"version-history":[{"count":0,"href":"https:\/\/www.uv.mx\/filu\/wp-json\/wp\/v2\/posts\/4696\/revisions"}],"wp:attachment":[{"href":"https:\/\/www.uv.mx\/filu\/wp-json\/wp\/v2\/media?parent=4696"}],"wp:term":[{"taxonomy":"category","embeddable":true,"href":"https:\/\/www.uv.mx\/filu\/wp-json\/wp\/v2\/categories?post=4696"},{"taxonomy":"post_tag","embeddable":true,"href":"https:\/\/www.uv.mx\/filu\/wp-json\/wp\/v2\/tags?post=4696"}],"curies":[{"name":"wp","href":"https:\/\/api.w.org\/{rel}","templated":true}]}}