
{"id":4522,"date":"2018-04-01T23:49:42","date_gmt":"2018-04-02T04:49:42","guid":{"rendered":"https:\/\/www.uv.mx\/filu\/?p=4522"},"modified":"2018-04-03T01:36:50","modified_gmt":"2018-04-03T06:36:50","slug":"autores-2018-america-espinosa","status":"publish","type":"post","link":"https:\/\/www.uv.mx\/filu\/autores-2018\/autores-2018-america-espinosa\/","title":{"rendered":"Autores 2018 &#8211; Am\u00e9rica Espinosa"},"content":{"rendered":"<p><strong>Nombre: <\/strong>Am\u00e9rica Espinosa<\/p>\n<p><strong>Datos biogr\u00e1ficos: <\/strong>Maestra de la Facultad de Psicolog\u00eda de la Universidad Veracruzana regi\u00f3n Poza Rica<\/p>\n<p><strong>Editoriales: <\/strong>Editorial de la Universidad Veracruzana<\/p>\n","protected":false},"excerpt":{"rendered":"<p>Nombre: Am\u00e9rica Espinosa Datos biogr\u00e1ficos: Maestra de la Facultad de Psicolog\u00eda de la Universidad Veracruzana regi\u00f3n Poza Rica Editoriales: Editorial de la Universidad Veracruzana<\/p>\n","protected":false},"author":1795,"featured_media":0,"comment_status":"closed","ping_status":"closed","sticky":false,"template":"","format":"standard","meta":{"footnotes":""},"categories":[14],"tags":[],"class_list":["post-4522","post","type-post","status-publish","format-standard","hentry","category-autores-2018"],"_links":{"self":[{"href":"https:\/\/www.uv.mx\/filu\/wp-json\/wp\/v2\/posts\/4522","targetHints":{"allow":["GET"]}}],"collection":[{"href":"https:\/\/www.uv.mx\/filu\/wp-json\/wp\/v2\/posts"}],"about":[{"href":"https:\/\/www.uv.mx\/filu\/wp-json\/wp\/v2\/types\/post"}],"author":[{"embeddable":true,"href":"https:\/\/www.uv.mx\/filu\/wp-json\/wp\/v2\/users\/1795"}],"replies":[{"embeddable":true,"href":"https:\/\/www.uv.mx\/filu\/wp-json\/wp\/v2\/comments?post=4522"}],"version-history":[{"count":0,"href":"https:\/\/www.uv.mx\/filu\/wp-json\/wp\/v2\/posts\/4522\/revisions"}],"wp:attachment":[{"href":"https:\/\/www.uv.mx\/filu\/wp-json\/wp\/v2\/media?parent=4522"}],"wp:term":[{"taxonomy":"category","embeddable":true,"href":"https:\/\/www.uv.mx\/filu\/wp-json\/wp\/v2\/categories?post=4522"},{"taxonomy":"post_tag","embeddable":true,"href":"https:\/\/www.uv.mx\/filu\/wp-json\/wp\/v2\/tags?post=4522"}],"curies":[{"name":"wp","href":"https:\/\/api.w.org\/{rel}","templated":true}]}}