
{"id":4502,"date":"2018-04-01T23:38:58","date_gmt":"2018-04-02T04:38:58","guid":{"rendered":"https:\/\/www.uv.mx\/filu\/?p=4502"},"modified":"2018-04-05T16:59:01","modified_gmt":"2018-04-05T21:59:01","slug":"autores-2018-massimo-modonesi","status":"publish","type":"post","link":"https:\/\/www.uv.mx\/filu\/autores-2018\/autores-2018-massimo-modonesi\/","title":{"rendered":"Autores 2018 &#8211; Massimo Modonesi"},"content":{"rendered":"<p><strong>Nombre:<\/strong> Massimo Modonesi<\/p>\n<p>&nbsp;<\/p>\n<p>Es profesor de Historia Contempor\u00e1nea de la Universidad Aut\u00f3noma de la Ciudad de M\u00e9xico y de la Facultad de Ciencias Pol\u00edticas y Sociales de la UNAM. Miembro del Comit\u00e9 de Redacci\u00f3n de la revista Memoria. Autor del libro <em>La crisis hist\u00f3rica de la izquierda socialista mexicana<\/em>, M\u00e9xico, Juan Pablos-UCM, 2003.<\/p>\n<p><strong>\u00a0<\/strong><\/p>\n<p><strong>Editoriales:<\/strong> CLACSO Coediciones, Universidad Aut\u00f3noma de la Ciudad de M\u00e9xico, Nostra Ediciones, Casa Juan Pablos.<\/p>\n","protected":false},"excerpt":{"rendered":"<p>Nombre: Massimo Modonesi &nbsp; Es profesor de Historia Contempor\u00e1nea de la Universidad Aut\u00f3noma de la Ciudad de M\u00e9xico y de la Facultad de Ciencias Pol\u00edticas y Sociales de la UNAM. Miembro del Comit\u00e9 de Redacci\u00f3n de la revista Memoria. Autor del libro La crisis hist\u00f3rica de la izquierda socialista mexicana, M\u00e9xico, Juan Pablos-UCM, 2003. \u00a0 [&hellip;]<\/p>\n","protected":false},"author":1795,"featured_media":0,"comment_status":"closed","ping_status":"closed","sticky":false,"template":"","format":"standard","meta":{"footnotes":""},"categories":[14],"tags":[],"class_list":["post-4502","post","type-post","status-publish","format-standard","hentry","category-autores-2018"],"_links":{"self":[{"href":"https:\/\/www.uv.mx\/filu\/wp-json\/wp\/v2\/posts\/4502","targetHints":{"allow":["GET"]}}],"collection":[{"href":"https:\/\/www.uv.mx\/filu\/wp-json\/wp\/v2\/posts"}],"about":[{"href":"https:\/\/www.uv.mx\/filu\/wp-json\/wp\/v2\/types\/post"}],"author":[{"embeddable":true,"href":"https:\/\/www.uv.mx\/filu\/wp-json\/wp\/v2\/users\/1795"}],"replies":[{"embeddable":true,"href":"https:\/\/www.uv.mx\/filu\/wp-json\/wp\/v2\/comments?post=4502"}],"version-history":[{"count":0,"href":"https:\/\/www.uv.mx\/filu\/wp-json\/wp\/v2\/posts\/4502\/revisions"}],"wp:attachment":[{"href":"https:\/\/www.uv.mx\/filu\/wp-json\/wp\/v2\/media?parent=4502"}],"wp:term":[{"taxonomy":"category","embeddable":true,"href":"https:\/\/www.uv.mx\/filu\/wp-json\/wp\/v2\/categories?post=4502"},{"taxonomy":"post_tag","embeddable":true,"href":"https:\/\/www.uv.mx\/filu\/wp-json\/wp\/v2\/tags?post=4502"}],"curies":[{"name":"wp","href":"https:\/\/api.w.org\/{rel}","templated":true}]}}