
{"id":4496,"date":"2018-04-01T23:35:59","date_gmt":"2018-04-02T04:35:59","guid":{"rendered":"https:\/\/www.uv.mx\/filu\/?p=4496"},"modified":"2018-04-03T01:28:31","modified_gmt":"2018-04-03T06:28:31","slug":"autores-2018-jean-claude-xuereb","status":"publish","type":"post","link":"https:\/\/www.uv.mx\/filu\/autores-2018\/autores-2018-jean-claude-xuereb\/","title":{"rendered":"Autores 2018 &#8211; Jean-Claude Xuereb"},"content":{"rendered":"<p><strong>Nombre:<\/strong> Jean-Claude Xuereb<\/p>\n<p><strong>Datos biogr\u00e1ficos:<\/strong> Naci\u00f3 en 1930 en Argel, una familia de alba\u00f1iles de origen malt\u00e9s, jardineros y panaderos de origen espa\u00f1ol.\u00a0En la High School secundaria de Argel en 1944, un profesor joven lo present\u00f3 a Proust, Eluard y los surrealistas.\u00a0En 1945 es alumno de la segunda escuela secundaria de Carcassonne, donde conoce a Jo\u00eb Bousquet.<br \/>\nAl regresar a Argel en 1948, conoci\u00f3 a Albert Camus en Sidi Madani.\u00a0En 1952, todav\u00eda en Argel, cre\u00f3 con un grupo de j\u00f3venes poetas la revista po\u00e9tica \u00abLes feuilles volantes\u00bb.\u00a0Vincula la amistad con el poeta Jamel Eddine Bencheikh, a quien encontrar\u00e1 quince a\u00f1os m\u00e1s tarde en Par\u00eds.\u00a0Luego viene el lagrimeo de la guerra de Argelia, lo que le provoca un largo silencio y la b\u00fasqueda de nuevas ra\u00edces entre los matorrales cerca de Uz\u00e8s.<br \/>\nSu regreso final a Francia tuvo lugar a fines de 1961. Luego ingres\u00f3 en la magistratura.\u00a0En 1962 conoci\u00f3 a Ren\u00e9 Char en Isle sur la Sorgue: fue el nacimiento de una amistad.<br \/>\nDe 1966 a 1973 trabaj\u00f3 como juez de menores en Avi\u00f1\u00f3n, luego en Par\u00eds hasta 1983. En 1970, el editor Ren\u00e9 Rougerie propuso publicarlo.\u00a0De regreso en Avi\u00f1\u00f3n, presidi\u00f3 el Tribunal Superior desde 1984 hasta 1991, cuando abandon\u00f3 el poder judicial para dedicarse a la poes\u00eda.\u00a0Se convierte en miembro del Jurado del Premio de Poes\u00eda <em>Antonin Artaud<\/em>.\u00a0Dirigi\u00f3 un n\u00famero especial de la revista \u00abSUD\u00bb dedicada a Argelia en 1995, y un n\u00famero de la revista \u00abSouffles\u00bb dedicada a los poetas malt\u00e9s en 1998. Durante varios a\u00f1os anima los d\u00edas de poes\u00eda del castillo de Lascours y, desde 2000, participa en la preparaci\u00f3n y animaci\u00f3n, en octubre, de las Reuniones Mediterr\u00e1neas en torno a Albert CAMUS, en Lourmarin.<\/p>\n<p><strong>Reconocimientos: <\/strong>En 1953, gan\u00f3 el premio\u00a0<em>L\u00e9lian de<\/em>\u00a0poes\u00eda. En 1976, recibi\u00f3 el Premio\u00a0<em>Jean-Marie Gerbault<\/em>\u00a0de Poes\u00eda en las Jornadas Mont Saint-Michel.<\/p>\n<p><strong>Editoriales: \u00a0Rougerie, \u00a0La Porte <\/strong><\/p>\n","protected":false},"excerpt":{"rendered":"<p>Nombre: Jean-Claude Xuereb Datos biogr\u00e1ficos: Naci\u00f3 en 1930 en Argel, una familia de alba\u00f1iles de origen malt\u00e9s, jardineros y panaderos de origen espa\u00f1ol.\u00a0En la High School secundaria de Argel en 1944, un profesor joven lo present\u00f3 a Proust, Eluard y los surrealistas.\u00a0En 1945 es alumno de la segunda escuela secundaria de Carcassonne, donde conoce a [&hellip;]<\/p>\n","protected":false},"author":1795,"featured_media":0,"comment_status":"closed","ping_status":"closed","sticky":false,"template":"","format":"standard","meta":{"footnotes":""},"categories":[14],"tags":[],"class_list":["post-4496","post","type-post","status-publish","format-standard","hentry","category-autores-2018"],"_links":{"self":[{"href":"https:\/\/www.uv.mx\/filu\/wp-json\/wp\/v2\/posts\/4496","targetHints":{"allow":["GET"]}}],"collection":[{"href":"https:\/\/www.uv.mx\/filu\/wp-json\/wp\/v2\/posts"}],"about":[{"href":"https:\/\/www.uv.mx\/filu\/wp-json\/wp\/v2\/types\/post"}],"author":[{"embeddable":true,"href":"https:\/\/www.uv.mx\/filu\/wp-json\/wp\/v2\/users\/1795"}],"replies":[{"embeddable":true,"href":"https:\/\/www.uv.mx\/filu\/wp-json\/wp\/v2\/comments?post=4496"}],"version-history":[{"count":0,"href":"https:\/\/www.uv.mx\/filu\/wp-json\/wp\/v2\/posts\/4496\/revisions"}],"wp:attachment":[{"href":"https:\/\/www.uv.mx\/filu\/wp-json\/wp\/v2\/media?parent=4496"}],"wp:term":[{"taxonomy":"category","embeddable":true,"href":"https:\/\/www.uv.mx\/filu\/wp-json\/wp\/v2\/categories?post=4496"},{"taxonomy":"post_tag","embeddable":true,"href":"https:\/\/www.uv.mx\/filu\/wp-json\/wp\/v2\/tags?post=4496"}],"curies":[{"name":"wp","href":"https:\/\/api.w.org\/{rel}","templated":true}]}}