
{"id":4490,"date":"2018-04-01T23:33:02","date_gmt":"2018-04-02T04:33:02","guid":{"rendered":"https:\/\/www.uv.mx\/filu\/?p=4490"},"modified":"2018-04-05T16:55:35","modified_gmt":"2018-04-05T21:55:35","slug":"autores-2018-andres-acosta","status":"publish","type":"post","link":"https:\/\/www.uv.mx\/filu\/autores-2018\/autores-2018-andres-acosta\/","title":{"rendered":"Autores 2018 &#8211; Andr\u00e9s Acosta"},"content":{"rendered":"<p><strong>Nombre:<\/strong> Andr\u00e9s Acosta<\/p>\n<p><strong>\u00a0<\/strong><\/p>\n<p>Ha escrito\u00a0cuento,\u00a0novela,\u00a0literatura infantil\u00a0y juvenil, y guiones para\u00a0cine\u00a0y\u00a0televisi\u00f3n. Estudi\u00f3\u00a0Derecho\u00a0en la\u00a0UNAM. Ha sido coordinador de talleres de creaci\u00f3n literaria y lectura para la\u00a0UNAM, el\u00a0Instituto Nacional de Bellas Artes, la Universidad Iberoamericana, la Asociaci\u00f3n de Escritores de M\u00e9xico, Sogem, Casa Lamm, Universidad del Claustro de Sor Juana y de talleres por Internet para Televisa y las librer\u00edas\u00a0Un Lugar de la Mancha; secretario general de la AEM y jefe de redacci\u00f3n de la revista\u00a0<em>Punto de Partida<\/em>. Creador con Trayectoria del FOECA-Guerrero, 1999. Artista residente en\u00a0Colombia\u00a02001,\u00a0Yucat\u00e1n\u00a02002,\u00a0Canad\u00e1\u00a02003 y\u00a0Austria\u00a02006, por el FONCA y los gobiernos de esas entidades. Miembro del\u00a0Sistema Nacional de Creadores de Arte\u00a0desde 2011.<\/p>\n<p><strong>\u00a0<\/strong><\/p>\n<p><strong>Reconocimientos: <\/strong><\/p>\n<p>Menci\u00f3n honor\u00edfica del Premio Nacional de Literatura Gilberto Owen,\u00a0 <em>Afuera est\u00e1n gritando tu nombre, <\/em>1990.<\/p>\n<p>Premio de Cuento del peri\u00f3dico El Nacional, <em>Los gordos, <\/em>1991.<\/p>\n<p>Menci\u00f3n honor\u00edfica del Premio Nacional de Cuento Efra\u00edn Huerta, <em>Sol en un cuarto vac\u00edo, <\/em>1993.<\/p>\n<p>Premio de la revista Punto de partida, UNAM, <em>En un jard\u00edn japon\u00e9s, <\/em>1994.<\/p>\n<p>Premio Nacional de Novela Corta Josefina Vicens, INBA, <em>No volver\u00e1n los trenes, <\/em>1995.<\/p>\n<p>Premio Nacional de Cuento Edmundo Valdad\u00e9s, INBA, <em>Turba, <\/em>1996.<\/p>\n<p>Premio Nacional de Cuento Juan Jos\u00e9 Arreola, <em>Capic\u00faa 101, <\/em>2003.<\/p>\n<p>Premio Latinoamericano de Cuento \u201cBenem\u00e9rito de Am\u00e9rica\u201d, <em>Solitarios y podridos, <\/em>2003.<\/p>\n<p>Premio Nacional de Cuento FILIJ para ni\u00f1os, <em>Lavadora de culpas, <\/em>2005.<\/p>\n<p>Premio Internacional de Literatura \u201cSor Juana In\u00e9s de la Cruz\u201d, categor\u00eda de poes\u00eda infantil, <em>El libro de los fantasmas, <\/em>2014.<\/p>\n<p>Certamen Internacional de Literatura Infantil y Juvenil FOEM, categor\u00eda novela juvenil, <em>#YosoyBosco, <\/em>2017.<\/p>\n<p>&nbsp;<\/p>\n<p><strong>Editoriales:<\/strong> UNAM, Conaculta, Ediciones SM, Instituto Guerrerense de la Cultura\/Praxis, Ficticia, El naranjo, Edeb\u00e9, Fondo Editorial del Estado de M\u00e9xico, Difocur, Asociaci\u00f3n de Escritores de M\u00e9xico, Universidad Aut\u00f3noma Benito Ju\u00e1rez, Universidad de Guadalajara, Norma, Left Hand Press.<\/p>\n","protected":false},"excerpt":{"rendered":"<p>Nombre: Andr\u00e9s Acosta \u00a0 Ha escrito\u00a0cuento,\u00a0novela,\u00a0literatura infantil\u00a0y juvenil, y guiones para\u00a0cine\u00a0y\u00a0televisi\u00f3n. Estudi\u00f3\u00a0Derecho\u00a0en la\u00a0UNAM. Ha sido coordinador de talleres de creaci\u00f3n literaria y lectura para la\u00a0UNAM, el\u00a0Instituto Nacional de Bellas Artes, la Universidad Iberoamericana, la Asociaci\u00f3n de Escritores de M\u00e9xico, Sogem, Casa Lamm, Universidad del Claustro de Sor Juana y de talleres por Internet para Televisa [&hellip;]<\/p>\n","protected":false},"author":1795,"featured_media":0,"comment_status":"closed","ping_status":"closed","sticky":false,"template":"","format":"standard","meta":{"footnotes":""},"categories":[14],"tags":[],"class_list":["post-4490","post","type-post","status-publish","format-standard","hentry","category-autores-2018"],"_links":{"self":[{"href":"https:\/\/www.uv.mx\/filu\/wp-json\/wp\/v2\/posts\/4490","targetHints":{"allow":["GET"]}}],"collection":[{"href":"https:\/\/www.uv.mx\/filu\/wp-json\/wp\/v2\/posts"}],"about":[{"href":"https:\/\/www.uv.mx\/filu\/wp-json\/wp\/v2\/types\/post"}],"author":[{"embeddable":true,"href":"https:\/\/www.uv.mx\/filu\/wp-json\/wp\/v2\/users\/1795"}],"replies":[{"embeddable":true,"href":"https:\/\/www.uv.mx\/filu\/wp-json\/wp\/v2\/comments?post=4490"}],"version-history":[{"count":0,"href":"https:\/\/www.uv.mx\/filu\/wp-json\/wp\/v2\/posts\/4490\/revisions"}],"wp:attachment":[{"href":"https:\/\/www.uv.mx\/filu\/wp-json\/wp\/v2\/media?parent=4490"}],"wp:term":[{"taxonomy":"category","embeddable":true,"href":"https:\/\/www.uv.mx\/filu\/wp-json\/wp\/v2\/categories?post=4490"},{"taxonomy":"post_tag","embeddable":true,"href":"https:\/\/www.uv.mx\/filu\/wp-json\/wp\/v2\/tags?post=4490"}],"curies":[{"name":"wp","href":"https:\/\/api.w.org\/{rel}","templated":true}]}}