
{"id":4479,"date":"2018-04-01T23:26:34","date_gmt":"2018-04-02T04:26:34","guid":{"rendered":"https:\/\/www.uv.mx\/filu\/?p=4479"},"modified":"2018-04-05T16:51:03","modified_gmt":"2018-04-05T21:51:03","slug":"autores-2018-rogelio-guedea","status":"publish","type":"post","link":"https:\/\/www.uv.mx\/filu\/autores-2018\/autores-2018-rogelio-guedea\/","title":{"rendered":"Autores 2018 &#8211; Rogelio Guedea"},"content":{"rendered":"<p><strong>Nombre:<\/strong> Rogelio Guedea<\/p>\n<p><strong>\u00a0<\/strong><\/p>\n<p>Poeta,\u00a0ensayista,\u00a0novelista\u00a0y\u00a0traductor\u00a0mexicano. Naci\u00f3 en la ciudad de\u00a0Colima\u00a0el 1 de abril de\u00a01974. Es Licenciado en Derecho y Lengua y Literatura espa\u00f1olas por la\u00a0Universidad de Colima\u00a0y Doctor en Letras por la\u00a0Universidad de C\u00f3rdoba\u00a0(Espa\u00f1a). Fue becario del Fondo para la Cultura y las Artes y director de la colecci\u00f3n de poes\u00eda\u00a0El pez de fuego. Actualmente es columnista de los peri\u00f3dicos mexicanos\u00a0<em>El Financiero<\/em>\u00a0y\u00a0<em>La Jornada<\/em>\u00a0y profesor de tiempo completo en\u00a0Universidad de Otago\u00a0en\u00a0Nueva Zelanda. El 15 de diciembre de 2008 se ha alzado con el 62\u00ba\u00a0Premio Adon\u00e1is\u00a0de poes\u00eda. Es Miembro del Sistema Nacional de Investigadores.<\/p>\n<p>&nbsp;<\/p>\n<p><strong>Reconocimientos: <\/strong><\/p>\n<p>Premio Interamericano de Literatura Carlos Montemayor 2012, por <em>41<\/em>.<\/p>\n<p>Premio Memorial Silverio Ca\u00f1ada 2009, por <em>Conducir un tr\u00e1iler<\/em>.<\/p>\n<p>Premio Internacional de Poes\u00eda Gilberto Owen 2008, por <em>Anotaci\u00f3n.<\/em><\/p>\n<p>Premio Adona\u00eds de Poes\u00eda 2008, por <em>Kora<\/em>.<\/p>\n<p>Premio Nacional de Poes\u00eda Sonora 2005, por <em>Fragmento<\/em>.<\/p>\n<p>&nbsp;<\/p>\n<p><strong>Editoriales:<\/strong> Fondo de Cultura Econ\u00f3mica, Consejo Nacional para la Cultura y las Artes, Almuzara, Arlequ\u00edn, UNAM, Aldvs, Graphe.it, Universidad de Colima, CONACULTA, Cold hub Press, Ediciones Rilke, Praxis, CEDMA, Rialp, LunArena, Instituto de Cultura de Nayarit, Instituto Sonorense de Cultura, Instituto Mexiquense de Cultura, Follas novas, Tierra Adentro, Ediciones del Ermita\u00f1o, Lectorum, Menoscuarto, Colibr\u00ed, Thule, Universidad de Colima-Mantis, MacMillan-Ediciones Castillo, Random House Mondadori, Bolsillo, Universidad Aut\u00f3noma Metropolitana, Universidad de Guadalajara, McGraw Hill.<\/p>\n","protected":false},"excerpt":{"rendered":"<p>Nombre: Rogelio Guedea \u00a0 Poeta,\u00a0ensayista,\u00a0novelista\u00a0y\u00a0traductor\u00a0mexicano. Naci\u00f3 en la ciudad de\u00a0Colima\u00a0el 1 de abril de\u00a01974. Es Licenciado en Derecho y Lengua y Literatura espa\u00f1olas por la\u00a0Universidad de Colima\u00a0y Doctor en Letras por la\u00a0Universidad de C\u00f3rdoba\u00a0(Espa\u00f1a). Fue becario del Fondo para la Cultura y las Artes y director de la colecci\u00f3n de poes\u00eda\u00a0El pez de fuego. Actualmente [&hellip;]<\/p>\n","protected":false},"author":1795,"featured_media":0,"comment_status":"closed","ping_status":"closed","sticky":false,"template":"","format":"standard","meta":{"footnotes":""},"categories":[14],"tags":[],"class_list":["post-4479","post","type-post","status-publish","format-standard","hentry","category-autores-2018"],"_links":{"self":[{"href":"https:\/\/www.uv.mx\/filu\/wp-json\/wp\/v2\/posts\/4479","targetHints":{"allow":["GET"]}}],"collection":[{"href":"https:\/\/www.uv.mx\/filu\/wp-json\/wp\/v2\/posts"}],"about":[{"href":"https:\/\/www.uv.mx\/filu\/wp-json\/wp\/v2\/types\/post"}],"author":[{"embeddable":true,"href":"https:\/\/www.uv.mx\/filu\/wp-json\/wp\/v2\/users\/1795"}],"replies":[{"embeddable":true,"href":"https:\/\/www.uv.mx\/filu\/wp-json\/wp\/v2\/comments?post=4479"}],"version-history":[{"count":0,"href":"https:\/\/www.uv.mx\/filu\/wp-json\/wp\/v2\/posts\/4479\/revisions"}],"wp:attachment":[{"href":"https:\/\/www.uv.mx\/filu\/wp-json\/wp\/v2\/media?parent=4479"}],"wp:term":[{"taxonomy":"category","embeddable":true,"href":"https:\/\/www.uv.mx\/filu\/wp-json\/wp\/v2\/categories?post=4479"},{"taxonomy":"post_tag","embeddable":true,"href":"https:\/\/www.uv.mx\/filu\/wp-json\/wp\/v2\/tags?post=4479"}],"curies":[{"name":"wp","href":"https:\/\/api.w.org\/{rel}","templated":true}]}}