
{"id":4475,"date":"2018-04-01T23:24:23","date_gmt":"2018-04-02T04:24:23","guid":{"rendered":"https:\/\/www.uv.mx\/filu\/?p=4475"},"modified":"2018-04-05T16:49:59","modified_gmt":"2018-04-05T21:49:59","slug":"autores-2018-tomas-granados-salinas","status":"publish","type":"post","link":"https:\/\/www.uv.mx\/filu\/autores-2018\/autores-2018-tomas-granados-salinas\/","title":{"rendered":"Autores 2018 &#8211; Tom\u00e1s Granados Salinas"},"content":{"rendered":"<p><strong>Nombre:<\/strong> Tom\u00e1s Granados Salinas<\/p>\n<p><strong>\u00a0<\/strong><\/p>\n<p>Naci\u00f3 en la ciudad de M\u00e9xico en 1970. Es Licenciado en Matem\u00e1ticas Aplicadas y Maestro en Finanzas por el ITAM; tambi\u00e9n curs\u00f3 la Maestr\u00eda en Edici\u00f3n de la Universidad de Guadalajara. En 1997 contribuy\u00f3 a formar el suplemento de libros\u00a0Hoja por Hoja.\u00a0En 2003, puso a caminar la colecci\u00f3n Libros sobre Libros, que publica materiales para los profesionales del mundo editorial; y en 2007 la serie\u00a0QED, que en coedici\u00f3n con el\u00a0CNCA\u00a0public\u00f3 obras de divulgaci\u00f3n de las matem\u00e1ticas. Fue editor, en 2008 y 2009,\u00a0del\u00a0Directorio de la Industria Editorial Mexicana. Entre 2008 y 2010, dirigi\u00f3\u00a0<em>Libros de M\u00e9xico<\/em>,\u00a0revista de la C\u00e1mara Nacional de la Industria Editorial Mexicana. De 2013 a 2016 fue gerente editorial del Fondo de Cultura Econ\u00f3mica.<\/p>\n<p><strong>\u00a0<\/strong><\/p>\n<p>Editoriales: Direcci\u00f3n General de Publicaciones de la Secretar\u00eda de Cultura, Montesinos, Libros del Tapir, Pangea.<\/p>\n","protected":false},"excerpt":{"rendered":"<p>Nombre: Tom\u00e1s Granados Salinas \u00a0 Naci\u00f3 en la ciudad de M\u00e9xico en 1970. Es Licenciado en Matem\u00e1ticas Aplicadas y Maestro en Finanzas por el ITAM; tambi\u00e9n curs\u00f3 la Maestr\u00eda en Edici\u00f3n de la Universidad de Guadalajara. En 1997 contribuy\u00f3 a formar el suplemento de libros\u00a0Hoja por Hoja.\u00a0En 2003, puso a caminar la colecci\u00f3n Libros sobre [&hellip;]<\/p>\n","protected":false},"author":1795,"featured_media":0,"comment_status":"closed","ping_status":"closed","sticky":false,"template":"","format":"standard","meta":{"footnotes":""},"categories":[14],"tags":[],"class_list":["post-4475","post","type-post","status-publish","format-standard","hentry","category-autores-2018"],"_links":{"self":[{"href":"https:\/\/www.uv.mx\/filu\/wp-json\/wp\/v2\/posts\/4475","targetHints":{"allow":["GET"]}}],"collection":[{"href":"https:\/\/www.uv.mx\/filu\/wp-json\/wp\/v2\/posts"}],"about":[{"href":"https:\/\/www.uv.mx\/filu\/wp-json\/wp\/v2\/types\/post"}],"author":[{"embeddable":true,"href":"https:\/\/www.uv.mx\/filu\/wp-json\/wp\/v2\/users\/1795"}],"replies":[{"embeddable":true,"href":"https:\/\/www.uv.mx\/filu\/wp-json\/wp\/v2\/comments?post=4475"}],"version-history":[{"count":0,"href":"https:\/\/www.uv.mx\/filu\/wp-json\/wp\/v2\/posts\/4475\/revisions"}],"wp:attachment":[{"href":"https:\/\/www.uv.mx\/filu\/wp-json\/wp\/v2\/media?parent=4475"}],"wp:term":[{"taxonomy":"category","embeddable":true,"href":"https:\/\/www.uv.mx\/filu\/wp-json\/wp\/v2\/categories?post=4475"},{"taxonomy":"post_tag","embeddable":true,"href":"https:\/\/www.uv.mx\/filu\/wp-json\/wp\/v2\/tags?post=4475"}],"curies":[{"name":"wp","href":"https:\/\/api.w.org\/{rel}","templated":true}]}}