
{"id":4469,"date":"2018-04-01T23:19:29","date_gmt":"2018-04-02T04:19:29","guid":{"rendered":"https:\/\/www.uv.mx\/filu\/?p=4469"},"modified":"2018-04-16T13:15:05","modified_gmt":"2018-04-16T18:15:05","slug":"autores-2018-juan-ortiz-escamilla","status":"publish","type":"post","link":"https:\/\/www.uv.mx\/filu\/autores-2018\/autores-2018-juan-ortiz-escamilla\/","title":{"rendered":"Autores 2018 &#8211; Juan Ortiz Escamilla"},"content":{"rendered":"<p><strong>Nombre:<\/strong> Juan Ortiz Escamilla<\/p>\n<p>Doctor en Historia por El Colegio de M\u00e9xico. Desde 1997 es Investigador de Tiempo Completo de la Universidad Veracruzana. Su principal l\u00ednea de investigaci\u00f3n es La Guerra en la historia de M\u00e9xico, siglos XVI-XX. Fue Director del Instituto de Investigaciones Hist\u00f3rico-Sociales de la UV en el periodo 2011-2016. Es\u00a0miembro del Sistema Nacional de Investigadores nivel III.\u00a0Profesor con Perfil PROMEP desde julio de 2003. Entre sus publicaciones est\u00e1n los\u00a0libros\u00a0<em>Ayuntamientos y liberalismo gaditano en M\u00e9xico\u00a0<\/em>(2007). <em>La\u00a0Revisi\u00f3n Hist\u00f3rica de la Guerra de Independencia en Veracruz<\/em>\u00a0(2008); con <em>Mar\u00eda Eugenia Terrones,\u00a0Derechos del Hombre en M\u00e9xico durante la guerra civil de 1810\u00a0<\/em>(2009).\u00a0<em>Patrimonios. Cuenca del r\u00edo Tepalcatepec<\/em>\u00a0(2007), con Enrique Florescano el\u00a0<em>Atlas del Patrimonio Natural, Hist\u00f3rico y Cultural del Estado de Veracruz<\/em>\u00a0(2010), y con Mart\u00edn Aguilar,\u00a0<em>La Historia General de Veracruz<\/em>\u00a0(2011).\u00a0Tambi\u00e9n ha publicado m\u00e1s de 40 textos cortos entre art\u00edculos, cap\u00edtulos de libros y ensayos, en M\u00e9xico, Espa\u00f1a, Colombia, Venezuela, B\u00e9lgica, Francia, Argentina, Ecuador y Estados Unidos.<\/p>\n<p><strong>Reconocimientos: <\/strong><\/p>\n<p>Premio \u201cSilvio Zavala\u201d 1997.<\/p>\n<p>Reconocimiento al \u201cMejor art\u00edculo sobre el siglo XIX\u201d 2000, otorgado por el Comit\u00e9 Mexicano de Ciencias Hist\u00f3ricas, A.C.<\/p>\n<p>Premio \u201cFrancisco Javier Clavijero\u201d 2009, a la mejor investigaci\u00f3n hist\u00f3rica que otorga el Instituto Nacional de Antropolog\u00eda en Historia, por el libro,\u00a0El teatro de la guerra. Veracruz, 1750-1825.<\/p>\n<p><strong>Editoriales: <\/strong>Gobierno del Estado de Veracruz, Secretar\u00eda de Educaci\u00f3n del Estado de Veracruz, Universidad Veracruzana, El Colegio de M\u00e9xico, El Colegio de Michoac\u00e1n, Fondo de Cultura Econ\u00f3mica, Universidad de Sevilla\/Universidad Internacional de Andaluc\u00eda.<\/p>\n","protected":false},"excerpt":{"rendered":"<p>Nombre: Juan Ortiz Escamilla Doctor en Historia por El Colegio de M\u00e9xico. Desde 1997 es Investigador de Tiempo Completo de la Universidad Veracruzana. Su principal l\u00ednea de investigaci\u00f3n es La Guerra en la historia de M\u00e9xico, siglos XVI-XX. Fue Director del Instituto de Investigaciones Hist\u00f3rico-Sociales de la UV en el periodo 2011-2016. Es\u00a0miembro del Sistema [&hellip;]<\/p>\n","protected":false},"author":1795,"featured_media":0,"comment_status":"closed","ping_status":"closed","sticky":false,"template":"","format":"standard","meta":{"footnotes":""},"categories":[14],"tags":[],"class_list":["post-4469","post","type-post","status-publish","format-standard","hentry","category-autores-2018"],"_links":{"self":[{"href":"https:\/\/www.uv.mx\/filu\/wp-json\/wp\/v2\/posts\/4469","targetHints":{"allow":["GET"]}}],"collection":[{"href":"https:\/\/www.uv.mx\/filu\/wp-json\/wp\/v2\/posts"}],"about":[{"href":"https:\/\/www.uv.mx\/filu\/wp-json\/wp\/v2\/types\/post"}],"author":[{"embeddable":true,"href":"https:\/\/www.uv.mx\/filu\/wp-json\/wp\/v2\/users\/1795"}],"replies":[{"embeddable":true,"href":"https:\/\/www.uv.mx\/filu\/wp-json\/wp\/v2\/comments?post=4469"}],"version-history":[{"count":0,"href":"https:\/\/www.uv.mx\/filu\/wp-json\/wp\/v2\/posts\/4469\/revisions"}],"wp:attachment":[{"href":"https:\/\/www.uv.mx\/filu\/wp-json\/wp\/v2\/media?parent=4469"}],"wp:term":[{"taxonomy":"category","embeddable":true,"href":"https:\/\/www.uv.mx\/filu\/wp-json\/wp\/v2\/categories?post=4469"},{"taxonomy":"post_tag","embeddable":true,"href":"https:\/\/www.uv.mx\/filu\/wp-json\/wp\/v2\/tags?post=4469"}],"curies":[{"name":"wp","href":"https:\/\/api.w.org\/{rel}","templated":true}]}}