
{"id":4465,"date":"2018-04-01T23:15:39","date_gmt":"2018-04-02T04:15:39","guid":{"rendered":"https:\/\/www.uv.mx\/filu\/?p=4465"},"modified":"2018-04-16T14:04:22","modified_gmt":"2018-04-16T19:04:22","slug":"autores-2018-magali-velasco-vargas","status":"publish","type":"post","link":"https:\/\/www.uv.mx\/filu\/autores-2018\/autores-2018-magali-velasco-vargas\/","title":{"rendered":"Autores 2018 &#8211; Magali Velasco Vargas"},"content":{"rendered":"<p><strong>Nombre: <\/strong>Magali Velasco Vargas<\/p>\n<p>Investigadora, escritora y profesora mexicana.\u00a0Es Doctora en Literaturas Romances por la Universidad de Par\u00eds Panth\u00e9on-Sorbonne\u00a0up1, Francia y es miembro del\u00a0Sistema Nacional de Investigadores\u00a0 SIN, nivel 1. Es autora de diversos libros de cuento, ensayo y cr\u00edtica literaria. Ha colaborado en publicaciones nacionales como\u00a0<em>Expresiones de Veracruz<\/em>,\u00a0<em>Texto cr\u00edtico<\/em>,\u00a0<em>Litoral<\/em>,\u00a0<em>La Palabra y el Hombre<\/em>,\u00a0<em>Cr\u00edtica<\/em>,\u00a0<em>Tierra Adentro<\/em>,\u00a0<em>Replicante,\u00a0Revista de Literatura Mexicana<\/em>,\u00a0<em>Archipi\u00e9lago<\/em>\u00a0y\u00a0<em>Revista de las Fronteras<\/em>, entre otras; adem\u00e1s de publicaciones internacionales como la revista peruana\u00a0<em>F\u00f3rnix<\/em>\u00a0y la revista estadounidense\u00a0<em>Revista de Literatura Mexicana Contempor\u00e1nea<\/em>, por mencionar algunas. Ha impartido cursos en la Universidad Aut\u00f3noma de Ciudad Ju\u00e1rez (UACJ) y en la Facultad de Letras Espa\u00f1olas de la Universidad Veracruzana, donde actualmente es directora.<\/p>\n<p><strong>Reconocimientos: <\/strong><\/p>\n<p>Premio Internacional J\u00f3venes Americanistas 2003, Santiago, Chile.<\/p>\n<p>Premio Nacional de Cuento Juan Jos\u00e9 Arreola 2004.<\/p>\n<p><strong>Editoriales: <\/strong>Universidad de Sevilla, Universidad Veracruzana, Nortestaci\u00f3n Editorial, Fondo Editorial Tierra Adentro, Fuera de Colecci\u00f3n, Almad\u00eda, Lectorum, Marea Alta, Ediciones SM, Secretar\u00eda de Cultura.<\/p>\n<p><strong>\u00a0<\/strong><\/p>\n<p><strong>\u00a0<\/strong><\/p>\n<p>&nbsp;<\/p>\n","protected":false},"excerpt":{"rendered":"<p>Nombre: Magali Velasco Vargas Investigadora, escritora y profesora mexicana.\u00a0Es Doctora en Literaturas Romances por la Universidad de Par\u00eds Panth\u00e9on-Sorbonne\u00a0up1, Francia y es miembro del\u00a0Sistema Nacional de Investigadores\u00a0 SIN, nivel 1. Es autora de diversos libros de cuento, ensayo y cr\u00edtica literaria. Ha colaborado en publicaciones nacionales como\u00a0Expresiones de Veracruz,\u00a0Texto cr\u00edtico,\u00a0Litoral,\u00a0La Palabra y el Hombre,\u00a0Cr\u00edtica,\u00a0Tierra Adentro,\u00a0Replicante,\u00a0Revista [&hellip;]<\/p>\n","protected":false},"author":1795,"featured_media":0,"comment_status":"closed","ping_status":"closed","sticky":false,"template":"","format":"standard","meta":{"footnotes":""},"categories":[14],"tags":[],"class_list":["post-4465","post","type-post","status-publish","format-standard","hentry","category-autores-2018"],"_links":{"self":[{"href":"https:\/\/www.uv.mx\/filu\/wp-json\/wp\/v2\/posts\/4465","targetHints":{"allow":["GET"]}}],"collection":[{"href":"https:\/\/www.uv.mx\/filu\/wp-json\/wp\/v2\/posts"}],"about":[{"href":"https:\/\/www.uv.mx\/filu\/wp-json\/wp\/v2\/types\/post"}],"author":[{"embeddable":true,"href":"https:\/\/www.uv.mx\/filu\/wp-json\/wp\/v2\/users\/1795"}],"replies":[{"embeddable":true,"href":"https:\/\/www.uv.mx\/filu\/wp-json\/wp\/v2\/comments?post=4465"}],"version-history":[{"count":0,"href":"https:\/\/www.uv.mx\/filu\/wp-json\/wp\/v2\/posts\/4465\/revisions"}],"wp:attachment":[{"href":"https:\/\/www.uv.mx\/filu\/wp-json\/wp\/v2\/media?parent=4465"}],"wp:term":[{"taxonomy":"category","embeddable":true,"href":"https:\/\/www.uv.mx\/filu\/wp-json\/wp\/v2\/categories?post=4465"},{"taxonomy":"post_tag","embeddable":true,"href":"https:\/\/www.uv.mx\/filu\/wp-json\/wp\/v2\/tags?post=4465"}],"curies":[{"name":"wp","href":"https:\/\/api.w.org\/{rel}","templated":true}]}}