
{"id":4459,"date":"2018-04-01T23:10:02","date_gmt":"2018-04-02T04:10:02","guid":{"rendered":"https:\/\/www.uv.mx\/filu\/?p=4459"},"modified":"2018-04-05T20:13:22","modified_gmt":"2018-04-06T01:13:22","slug":"autores-2018-jacobo-siruela","status":"publish","type":"post","link":"https:\/\/www.uv.mx\/filu\/autores-2018\/autores-2018-jacobo-siruela\/","title":{"rendered":"Autores 2018 &#8211; Jacobo Siruela"},"content":{"rendered":"<p><strong>Nombre:<\/strong> Jacobo Siruela<\/p>\n<p>Estudi\u00f3 Filosof\u00eda y Letras en la Universidad Aut\u00f3noma de Madrid. En 1982, fund\u00f3 a los 26 a\u00f1os la editorial Siruela. Su primer libro, <em>Sir Gawain y el Caballero Verde<\/em>, inaugur\u00f3 una colecci\u00f3n en la que se publicaron por primera vez en Espa\u00f1a todas las novelas m\u00e1s importantes del ciclo art\u00farico. En 1983 edit\u00f3 la Biblioteca de Babel, dirigida y prologada por Jorge Luis Borges y publicada en Italia por Franco Maria Ricci, para en 1987, editar su propia colecci\u00f3n de literatura fant\u00e1stica, <em>El Ojo sin P\u00e1rpado<\/em>.<\/p>\n<p>En 2000 vendi\u00f3 la totalidad de su compa\u00f1\u00eda a Germ\u00e1n S\u00e1nchez Ruip\u00e9rez, aunque sigui\u00f3 ejerciendo como director editorial de Ediciones Siruela.<\/p>\n<p>En 2005 dej\u00f3 Siruela para fundar junto a la periodista Inka Mart\u00ed, Ediciones Atalanta, misma que desarrolla su cat\u00e1logo en tres colecciones que simbolizan la brevedad, la memoria y la imaginaci\u00f3n: Ars Brevis, dedicada a la narrativa breve.<\/p>\n<p>&nbsp;<\/p>\n<p><strong>Reconocimientos:<\/strong> Premio Nacional a la Mejor Labor Editorial concedido por el Ministerio de Cultura 2004.<\/p>\n<p>Personaje del A\u00f1o 2014 por Fuera de Serie.<\/p>\n<p>&nbsp;<\/p>\n<p><strong>Editoriales:<\/strong> Siruela, Atalanta.<\/p>\n","protected":false},"excerpt":{"rendered":"<p>Nombre: Jacobo Siruela Estudi\u00f3 Filosof\u00eda y Letras en la Universidad Aut\u00f3noma de Madrid. En 1982, fund\u00f3 a los 26 a\u00f1os la editorial Siruela. Su primer libro, Sir Gawain y el Caballero Verde, inaugur\u00f3 una colecci\u00f3n en la que se publicaron por primera vez en Espa\u00f1a todas las novelas m\u00e1s importantes del ciclo art\u00farico. En 1983 [&hellip;]<\/p>\n","protected":false},"author":1795,"featured_media":0,"comment_status":"closed","ping_status":"closed","sticky":false,"template":"","format":"standard","meta":{"footnotes":""},"categories":[14],"tags":[],"class_list":["post-4459","post","type-post","status-publish","format-standard","hentry","category-autores-2018"],"_links":{"self":[{"href":"https:\/\/www.uv.mx\/filu\/wp-json\/wp\/v2\/posts\/4459","targetHints":{"allow":["GET"]}}],"collection":[{"href":"https:\/\/www.uv.mx\/filu\/wp-json\/wp\/v2\/posts"}],"about":[{"href":"https:\/\/www.uv.mx\/filu\/wp-json\/wp\/v2\/types\/post"}],"author":[{"embeddable":true,"href":"https:\/\/www.uv.mx\/filu\/wp-json\/wp\/v2\/users\/1795"}],"replies":[{"embeddable":true,"href":"https:\/\/www.uv.mx\/filu\/wp-json\/wp\/v2\/comments?post=4459"}],"version-history":[{"count":0,"href":"https:\/\/www.uv.mx\/filu\/wp-json\/wp\/v2\/posts\/4459\/revisions"}],"wp:attachment":[{"href":"https:\/\/www.uv.mx\/filu\/wp-json\/wp\/v2\/media?parent=4459"}],"wp:term":[{"taxonomy":"category","embeddable":true,"href":"https:\/\/www.uv.mx\/filu\/wp-json\/wp\/v2\/categories?post=4459"},{"taxonomy":"post_tag","embeddable":true,"href":"https:\/\/www.uv.mx\/filu\/wp-json\/wp\/v2\/tags?post=4459"}],"curies":[{"name":"wp","href":"https:\/\/api.w.org\/{rel}","templated":true}]}}