
{"id":4437,"date":"2018-04-01T22:49:19","date_gmt":"2018-04-02T03:49:19","guid":{"rendered":"https:\/\/www.uv.mx\/filu\/?p=4437"},"modified":"2018-04-16T13:47:40","modified_gmt":"2018-04-16T18:47:40","slug":"autores-2018-bibiana-camacho","status":"publish","type":"post","link":"https:\/\/www.uv.mx\/filu\/autores-2018\/autores-2018-bibiana-camacho\/","title":{"rendered":"Autores 2018 &#8211; Bibiana Camacho"},"content":{"rendered":"<p><strong>Nombre: <\/strong>Bibiana Camacho<\/p>\n<p>Estudi\u00f3 la Maestr\u00eda en Ling\u00fc\u00edstica Hisp\u00e1nica en la UNAM. Es editora de Producciones El Salario del Miedo, as\u00ed como de Cal y Arena, la Fundaci\u00f3n para el Centro Hist\u00f3rico, <em>Entrepreneur<\/em>, Munal y Tusquets. Ha colaborado en medios impresos y digitales: <em>Cuerpo<\/em>, <em>DCO Danza<\/em>, <em>D\u00eda Siete<\/em>, <em>Eje Central<\/em>, <em>El Cultural\u00a0de\u00a0La Raz\u00f3n<\/em>, <em>El Puro Cuento<\/em>, <em>Generaci\u00f3n<\/em>, <em>Laberinto\u00a0de\u00a0Milenio<\/em>, <em>Letras Expl\u00edcitas<\/em>, <em>Obsesi\u00f3n<\/em>, <em>Replicante<\/em>, <em>Rev\u00e9s<\/em>, <em>La Tempestad<\/em>\u00a0y\u00a0<em>Yanonic.com<\/em>. Es co-guionista del programa <em>La otra aventura<\/em>, transmitido por el canal 40 y dirigido por Rafael P\u00e9rez Gay, de 2011 a la fecha. Fue becaria del Programa J\u00f3venes Creadores del FONCA, generaci\u00f3n 2008-2009, en novela. Form\u00f3 parte del Miembro del Sistema Nacional de Creadores de Arte del FONCA 2012-2014. Es tutora del Programa de Residencias Art\u00edsticas para Creadores de Iberom\u00e9rica y de Hait\u00ed en M\u00e9xico, emisi\u00f3n 2012.<\/p>\n<p><strong>Reconocimientos:<\/strong><\/p>\n<p>Menci\u00f3n honor\u00edfica en el Premio Bellas Artes Juan Rulfo de Primera Novela 2007.<\/p>\n<p>Finalista Premio Antoin Artaud 2010, por <em>Tras las huellas de mi olvido<\/em>.<\/p>\n<p><strong>Editoriales: <\/strong>Cal y Arena, Mantarraya Ediciones, Almad\u00eda, Iracunda Editorial.<\/p>\n","protected":false},"excerpt":{"rendered":"<p>Nombre: Bibiana Camacho Estudi\u00f3 la Maestr\u00eda en Ling\u00fc\u00edstica Hisp\u00e1nica en la UNAM. Es editora de Producciones El Salario del Miedo, as\u00ed como de Cal y Arena, la Fundaci\u00f3n para el Centro Hist\u00f3rico, Entrepreneur, Munal y Tusquets. Ha colaborado en medios impresos y digitales: Cuerpo, DCO Danza, D\u00eda Siete, Eje Central, El Cultural\u00a0de\u00a0La Raz\u00f3n, El Puro [&hellip;]<\/p>\n","protected":false},"author":1795,"featured_media":0,"comment_status":"closed","ping_status":"closed","sticky":false,"template":"","format":"standard","meta":{"footnotes":""},"categories":[14],"tags":[],"class_list":["post-4437","post","type-post","status-publish","format-standard","hentry","category-autores-2018"],"_links":{"self":[{"href":"https:\/\/www.uv.mx\/filu\/wp-json\/wp\/v2\/posts\/4437","targetHints":{"allow":["GET"]}}],"collection":[{"href":"https:\/\/www.uv.mx\/filu\/wp-json\/wp\/v2\/posts"}],"about":[{"href":"https:\/\/www.uv.mx\/filu\/wp-json\/wp\/v2\/types\/post"}],"author":[{"embeddable":true,"href":"https:\/\/www.uv.mx\/filu\/wp-json\/wp\/v2\/users\/1795"}],"replies":[{"embeddable":true,"href":"https:\/\/www.uv.mx\/filu\/wp-json\/wp\/v2\/comments?post=4437"}],"version-history":[{"count":0,"href":"https:\/\/www.uv.mx\/filu\/wp-json\/wp\/v2\/posts\/4437\/revisions"}],"wp:attachment":[{"href":"https:\/\/www.uv.mx\/filu\/wp-json\/wp\/v2\/media?parent=4437"}],"wp:term":[{"taxonomy":"category","embeddable":true,"href":"https:\/\/www.uv.mx\/filu\/wp-json\/wp\/v2\/categories?post=4437"},{"taxonomy":"post_tag","embeddable":true,"href":"https:\/\/www.uv.mx\/filu\/wp-json\/wp\/v2\/tags?post=4437"}],"curies":[{"name":"wp","href":"https:\/\/api.w.org\/{rel}","templated":true}]}}