
{"id":4435,"date":"2018-04-01T22:48:16","date_gmt":"2018-04-02T03:48:16","guid":{"rendered":"https:\/\/www.uv.mx\/filu\/?p=4435"},"modified":"2018-04-10T10:53:32","modified_gmt":"2018-04-10T15:53:32","slug":"autores-2018-marco-tulio-aguilera-garramuno","status":"publish","type":"post","link":"https:\/\/www.uv.mx\/filu\/autores-2018\/autores-2018-marco-tulio-aguilera-garramuno\/","title":{"rendered":"Autores 2018 &#8211; Marco Tulio Aguilera Garramu\u00f1o"},"content":{"rendered":"<p><strong>Nombre: <\/strong>Marco Tulio Aguilera Garramu\u00f1o<\/p>\n<p>Narrador, acad\u00e9mico y ensayista. Estudi\u00f3 Filosof\u00eda en la Universidad del Valle de Cali, Colombia, y obtuvo la maestr\u00eda en Literatura en la Universidad de Kansas en Lawrence. Actualmente reside en M\u00e9xico en el estado de Veracruz\u00a0 y\u00a0fue profesor de la\u00a0UANL y de la UPN; catedr\u00e1tico y colaborador de la direcci\u00f3n editorial en la\u00a0UV. Fue director y fundador de\u00a0<em>La Ciencia y el Hombre<\/em>. Colaborador de\u00a0<em>Caf\u00e9 Literario<\/em>, <em>Exc\u00e9lsior<\/em>, <em>La Palabra y El Hombre<\/em>\u00a0y\u00a0<em>Plural<\/em>. Premio Nacional de Novela Aquileo J. Echeverr\u00eda 1975, Costa Rica, por\u00a0<em>Breve historia de todas las cosas<\/em>. Ha mantenido el m\u00e1ximo nivel de productividad acad\u00e9mica por parte de la Universidad Veracruzana; galardonado con los t\u00edtulos de <em>Creador<\/em> <em>Art\u00edstico y Creador<\/em> <em>con Trayectoria<\/em> del Estado de Veracruz. Ha sido becario residente del Centro Banff para las Artes de Canad\u00e1, y ha realizado conferencias en universidades de varios pa\u00edses.<\/p>\n<p>Dentro su producci\u00f3n literaria se encuentra m\u00e1s de veinte libros. Entre sus t\u00edtulos memorables est\u00e1n\u00a0<em>Cuentos para despu\u00e9s de hacer el amor<\/em>,\u00a0<em>Mujeres amadas<\/em>\u00a0y\u00a0<em>Los placeres perdidos<\/em>. A principios del 2002 aparecieron en M\u00e9xico las novelas\u00a0<em>La hermosa vida<\/em>\u00a0y\u00a0<em>La peque\u00f1a maestra de viol\u00edn<\/em>, pertenecientes a la tetralog\u00eda\u00a0<em>El libro de la vida<\/em>, cuyo primer volumen, ya publicado, se llama\u00a0<em>Buenabestia<\/em> \/ <em>Las noches de Ventura<\/em>.<\/p>\n<p><strong>Reconocimientos: <\/strong><\/p>\n<p>Premio Nacional de Novela Aquileo J. Echeverr\u00eda 1975, por\u00a0<em>Breve historia de todas las cosas<\/em>.<\/p>\n<p>Premio en el Concurso Semanal de Cuentos de la \u201cRevista Mexicana de la Cultura\u201d 1977, por \u201cHistoria de un Orificio\u201d.<\/p>\n<p>Segundo Premio en el Concurso\u00a0 Internacional de Cuentos de\u00a0La palabra y el hombre 1979, por \u201cLa piel m\u00e1s tersa\u201d.<\/p>\n<p>Menci\u00f3n Honor\u00edfica en el Concurso Hispanoamericano de libros de cuentos de Campeche IMBAL 1979, por \u201cAves del Para\u00edso\u201d.<\/p>\n<p>Primer finalista en el Concurso Latinoamericano de cuentos de Puebla IMBAL 1979, por \u201cJohn Phlegm awake again\u201d.<\/p>\n<p>Primer Premio en el Concurso de Cuentos organizado por la Universidad Ju\u00e1rez del estado de Durango 1979, por \u201cEl Ritmo del Coraz\u00f3n\u201d.<\/p>\n<p>Menci\u00f3n especial en el Concurso Nacional de Novela organizado por el Instituto Nacional de Bellas Artes y el Gobierno de\u00a0 Quer\u00e9taro, 1980 por\u00a0<em>As\u00ed es la vida<\/em>.<\/p>\n<p>Menci\u00f3n en el Premio Internacional de Cuentos\u00a0Plural, 1982.<\/p>\n<p>Finalista en el Concurso Internacional de Cuentos de la revista\u00a0Plural 1985, por \u201cManicomio con ventana al mar\u201d.<\/p>\n<p>Primer lugar en el Concurso de Cuentos Bernal D\u00edaz del Castillo 1988, por \u201cLa dama de la noche\u201d.<\/p>\n<p>Ganador del Premio Internacional de Cuentos ofrecido por\u00a0Plural\u00a0y\u00a0Exc\u00e9lsior 1989, por \u201cLos alivios del cuerpo\u201d.<\/p>\n<p>Ganador del Concurso Nacional de Libros de Cuentos organizado por el Instituto Nacional de Bellas Artes, el Consejo Nacional para la Cultura y las Artes de M\u00e9xico y el estado de San Luis Potos\u00ed 1990,\u00a0 por el libro <em>Los grandes y los peque\u00f1os amores<\/em>.<\/p>\n<p>Primera Menci\u00f3n en el Concurso Internacional de Teatro de la revista\u00a0<em>Plural<\/em>\u00a0y el diario\u00a0<em>Exc\u00e9lsior<\/em> 1990, por <em>Queremos oso<\/em>.<\/p>\n<p>Finalista del Concurso Internacional de Novela Planeta-Joaqu\u00edn Mortiz 1992, con\u00a0\u00a0<em>Buenabestia<\/em>.<\/p>\n<p>Ganador del Concurso Nacional de Libros de Campeche 1993, con\u00a0<em>Las pasiones extra\u00f1as<\/em>.<\/p>\n<p>Ganador del Concurso de Cuentos Ciudad de Xalapa 1994, con \u201cLas tablas crujientes\u201d.<\/p>\n<p>Ganador de la beca para la escritura de una novela, otorgada por el Instituto Veracruzano de la Cultura 1994.<\/p>\n<p>Menci\u00f3n Honor\u00edfica en el Concurso Nacional de Cuento de la Fundaci\u00f3n Alicia, de Tepic, Nayarit 1997.<\/p>\n<p>Primer Finalista en el Concurso Nacional de Novela \u201cJos\u00e9 Rub\u00e9n Romero\u201d, organizado por el Instituto de Bellas Artes de M\u00e9xico y el Gobierno del Estado de Michoac\u00e1n 1996.<\/p>\n<p>Premio Nacional de Literatura \u201cJuan de la Cabada\u201d 1997, otorgado por el Instituto de Bellas Artes de M\u00e9xico y el Gobierno del Estado de Campeche.<\/p>\n<p>Menci\u00f3n honor\u00edfica en el Concurso Nacional de Cuento de Tampico, Tamaulipas 1999.<\/p>\n<p>Premio Internacional de Cuento Gabriel Garc\u00eda M\u00e1rquez 1999.<\/p>\n<p>Primer finalista en el Concurso Internacional de Cuentos de La Felguera 1973, por \u201cEl ritmo del coraz\u00f3n\u201d.<\/p>\n<p>Primer y segundo premios en el Concurso de Cuentos de la Universidad Santiago de Cali, Colombia l974.<\/p>\n<p>Premio Nacional de Novela Aquileo J. Echeverr\u00eda, otorgado por el Ministerio de Cultura de Costa Rica 1975, por\u00a0<em>Breve historia de todas las cosas.<\/em><\/p>\n<p>Primer Premio en el Concurso Sesquicentenario de la Universidad de Cauca, l979 por <em>Archibold en\u00a0 Alaska.<\/em><\/p>\n<p>Premio en la Primera Bienal de Novela Jos\u00e9 Eustasio Rivera l988, por\u00a0<em>Venturas y desventuras de un fren\u00e1ptero<\/em>.<\/p>\n<p>Premio Internacional de Ciencia Ficci\u00f3n \u201cBogot\u00e1, una ciudad que sue\u00f1a\u201d1997.<\/p>\n<p>Finalista en el Concurso Internacional de Novela Alfaguara 2000.<\/p>\n<p>Premio Bellas Artes de Novela Jos\u00e9 Rub\u00e9n Romero 2017, por <em>Formas de luz.<\/em><\/p>\n<p><strong>Editoriales: <\/strong>Nieve de Chamoy, Alfaguara, La Flor, Universidad Veracruzana, Trama, Plaza y Janes Editores Colombia, Ediciones de Educaci\u00f3n y Cultura.<\/p>\n","protected":false},"excerpt":{"rendered":"<p>Nombre: Marco Tulio Aguilera Garramu\u00f1o Narrador, acad\u00e9mico y ensayista. Estudi\u00f3 Filosof\u00eda en la Universidad del Valle de Cali, Colombia, y obtuvo la maestr\u00eda en Literatura en la Universidad de Kansas en Lawrence. Actualmente reside en M\u00e9xico en el estado de Veracruz\u00a0 y\u00a0fue profesor de la\u00a0UANL y de la UPN; catedr\u00e1tico y colaborador de la direcci\u00f3n [&hellip;]<\/p>\n","protected":false},"author":1795,"featured_media":0,"comment_status":"closed","ping_status":"closed","sticky":false,"template":"","format":"standard","meta":{"footnotes":""},"categories":[14],"tags":[],"class_list":["post-4435","post","type-post","status-publish","format-standard","hentry","category-autores-2018"],"_links":{"self":[{"href":"https:\/\/www.uv.mx\/filu\/wp-json\/wp\/v2\/posts\/4435","targetHints":{"allow":["GET"]}}],"collection":[{"href":"https:\/\/www.uv.mx\/filu\/wp-json\/wp\/v2\/posts"}],"about":[{"href":"https:\/\/www.uv.mx\/filu\/wp-json\/wp\/v2\/types\/post"}],"author":[{"embeddable":true,"href":"https:\/\/www.uv.mx\/filu\/wp-json\/wp\/v2\/users\/1795"}],"replies":[{"embeddable":true,"href":"https:\/\/www.uv.mx\/filu\/wp-json\/wp\/v2\/comments?post=4435"}],"version-history":[{"count":0,"href":"https:\/\/www.uv.mx\/filu\/wp-json\/wp\/v2\/posts\/4435\/revisions"}],"wp:attachment":[{"href":"https:\/\/www.uv.mx\/filu\/wp-json\/wp\/v2\/media?parent=4435"}],"wp:term":[{"taxonomy":"category","embeddable":true,"href":"https:\/\/www.uv.mx\/filu\/wp-json\/wp\/v2\/categories?post=4435"},{"taxonomy":"post_tag","embeddable":true,"href":"https:\/\/www.uv.mx\/filu\/wp-json\/wp\/v2\/tags?post=4435"}],"curies":[{"name":"wp","href":"https:\/\/api.w.org\/{rel}","templated":true}]}}