
{"id":4409,"date":"2018-04-01T19:42:29","date_gmt":"2018-04-02T00:42:29","guid":{"rendered":"https:\/\/www.uv.mx\/filu\/?p=4409"},"modified":"2018-04-05T17:12:37","modified_gmt":"2018-04-05T22:12:37","slug":"autores-2018-luis-felipe-fabre","status":"publish","type":"post","link":"https:\/\/www.uv.mx\/filu\/autores-2018\/autores-2018-luis-felipe-fabre\/","title":{"rendered":"Autores 2018 &#8211; Luis Felipe Fabre"},"content":{"rendered":"<p><strong>Nombre:<\/strong> Luis Felipe Fabre<\/p>\n<p>Poeta y ensayista. Su obra po\u00e9tica se caracteriza por tratar temas poco convencionales, como el terror y la sexualidad, as\u00ed como por hacer uso de procedimientos estil\u00edsticos innovadores. Ha sido editor de la revista de arte contempor\u00e1neo Galleta China e impartido clases de literatura en la Universidad Iberoamericana.<\/p>\n<p><strong>Reconocimientos:<\/strong><\/p>\n<p>Premio Punto de Partida 1995, por <em>Un segundo nacimiento para Ester.<\/em><\/p>\n<p>Menci\u00f3n honor\u00edfica en Premio Nacional de Ensayo Jos\u00e9 Revueltas 2003, por <em>Leyendo agujeros<\/em>.<\/p>\n<p>Ensayos sobre (des)escritura, antiescritura y no escritura; XXVII Premio Nacional de Literatura Jos\u00e9 Fuentes Mares 2012, por <em>La sodom\u00eda en la Nueva Espa\u00f1a<\/em><\/p>\n<p>Editoriales: FCE, Fondo Editorial Tierra Adentro, Almad\u00eda, Conaculta.<\/p>\n","protected":false},"excerpt":{"rendered":"<p>Nombre: Luis Felipe Fabre Poeta y ensayista. Su obra po\u00e9tica se caracteriza por tratar temas poco convencionales, como el terror y la sexualidad, as\u00ed como por hacer uso de procedimientos estil\u00edsticos innovadores. Ha sido editor de la revista de arte contempor\u00e1neo Galleta China e impartido clases de literatura en la Universidad Iberoamericana. Reconocimientos: Premio Punto [&hellip;]<\/p>\n","protected":false},"author":1795,"featured_media":0,"comment_status":"closed","ping_status":"closed","sticky":false,"template":"","format":"standard","meta":{"footnotes":""},"categories":[14],"tags":[],"class_list":["post-4409","post","type-post","status-publish","format-standard","hentry","category-autores-2018"],"_links":{"self":[{"href":"https:\/\/www.uv.mx\/filu\/wp-json\/wp\/v2\/posts\/4409","targetHints":{"allow":["GET"]}}],"collection":[{"href":"https:\/\/www.uv.mx\/filu\/wp-json\/wp\/v2\/posts"}],"about":[{"href":"https:\/\/www.uv.mx\/filu\/wp-json\/wp\/v2\/types\/post"}],"author":[{"embeddable":true,"href":"https:\/\/www.uv.mx\/filu\/wp-json\/wp\/v2\/users\/1795"}],"replies":[{"embeddable":true,"href":"https:\/\/www.uv.mx\/filu\/wp-json\/wp\/v2\/comments?post=4409"}],"version-history":[{"count":0,"href":"https:\/\/www.uv.mx\/filu\/wp-json\/wp\/v2\/posts\/4409\/revisions"}],"wp:attachment":[{"href":"https:\/\/www.uv.mx\/filu\/wp-json\/wp\/v2\/media?parent=4409"}],"wp:term":[{"taxonomy":"category","embeddable":true,"href":"https:\/\/www.uv.mx\/filu\/wp-json\/wp\/v2\/categories?post=4409"},{"taxonomy":"post_tag","embeddable":true,"href":"https:\/\/www.uv.mx\/filu\/wp-json\/wp\/v2\/tags?post=4409"}],"curies":[{"name":"wp","href":"https:\/\/api.w.org\/{rel}","templated":true}]}}