
{"id":4381,"date":"2018-04-01T19:19:59","date_gmt":"2018-04-02T00:19:59","guid":{"rendered":"https:\/\/www.uv.mx\/filu\/?p=4381"},"modified":"2018-04-05T16:38:38","modified_gmt":"2018-04-05T21:38:38","slug":"autores-2018-eduardo-antonio-parra","status":"publish","type":"post","link":"https:\/\/www.uv.mx\/filu\/autores-2018\/autores-2018-eduardo-antonio-parra\/","title":{"rendered":"Autores 2018 &#8211; Eduardo Antonio Parra"},"content":{"rendered":"<p><strong>Nombre:<\/strong> Eduardo Antonio Parra<\/p>\n<p>&nbsp;<\/p>\n<p>Autor de los libros de relatos <em>Los l\u00edmites de la noche<\/em>,<em> Tierra de nadie<\/em>, <em>Nadie los vio salir<\/em> y <em>Par\u00e1bolas del silencio<\/em>; de las novelas <em>Nostalgia de la sombra<\/em> y <em>Ju\u00e1rez, el rostro de piedra<\/em>. Su libro Tierra de nadie ha sido traducido al ingl\u00e9s, franc\u00e9s y portugu\u00e9s, y otros de sus cuentos han aparecido, adem\u00e1s de en estos idiomas, en italiano, alem\u00e1n, dan\u00e9s, h\u00fangaro, esloveno y b\u00falgaro.<\/p>\n<p>Ha sido editor en el Consejo para la Cultura de Nuevo Le\u00f3n, y desde hace 18 a\u00f1os se ha desempe\u00f1ado como editor independiente para varias casas editoriales. Ha impartido talleres literarios a lo largo y ancho del pa\u00eds, y ha sido coordinador de diversos congresos, como el Encuentro Internacional de Escritores de Monterrey en m\u00e1s de seis ocasiones. Ha sido conferencista en el Instituto Cervantes de Berl\u00edn, en la Universidad de San Diego, Cal., en el Centro de Convenciones de Buenos Aires, Argentina, as\u00ed como en diversas universidades mexicanas. Ha sido jurado en diversos cert\u00e1menes literarios nacionales e internacionales. Participante asiduo en festivales, congresos y simposios en varios pa\u00edses del mundo, se ha desempe\u00f1ado tambi\u00e9n como catedr\u00e1tico invitado en varias instituciones mexicanas, como la UNAM y el Colegio de Sinaloa, as\u00ed como del extranjero.<\/p>\n<p>&nbsp;<\/p>\n<p><strong>Reconocimientos:<\/strong><\/p>\n<p>Primer lugar en el Certamen de Cuento, Poes\u00eda y Ensayo de la UV 1994.<\/p>\n<p>Concurso Nacional de Cuento\u00a0 del Ayuntamiento de Guasave, Sinaloa, y de la Universidad de Occidente 1995.<\/p>\n<p>Premio Internacional de Cuento Juan Rulfo 2000, otorgado por Radio Francia Internacional, por <em>Nadie los vio salir<\/em>.<\/p>\n<p>Premio Nacional de cuento Efr\u00e9n Hern\u00e1ndez 2004.<\/p>\n<p>Premio Antonin Artaud 2010, por <em>Sombras detr\u00e1s de la ventana<\/em>.<\/p>\n<p>&nbsp;<\/p>\n<p><strong>Editoriales:<\/strong> Era, TusQuets, Joaqu\u00edn Mortiz, CONACULTA\/Editorial de Nuevo. Le\u00f3n, Grijalbo.<\/p>\n","protected":false},"excerpt":{"rendered":"<p>Nombre: Eduardo Antonio Parra &nbsp; Autor de los libros de relatos Los l\u00edmites de la noche, Tierra de nadie, Nadie los vio salir y Par\u00e1bolas del silencio; de las novelas Nostalgia de la sombra y Ju\u00e1rez, el rostro de piedra. Su libro Tierra de nadie ha sido traducido al ingl\u00e9s, franc\u00e9s y portugu\u00e9s, y otros [&hellip;]<\/p>\n","protected":false},"author":1795,"featured_media":0,"comment_status":"closed","ping_status":"closed","sticky":false,"template":"","format":"standard","meta":{"footnotes":""},"categories":[14],"tags":[],"class_list":["post-4381","post","type-post","status-publish","format-standard","hentry","category-autores-2018"],"_links":{"self":[{"href":"https:\/\/www.uv.mx\/filu\/wp-json\/wp\/v2\/posts\/4381","targetHints":{"allow":["GET"]}}],"collection":[{"href":"https:\/\/www.uv.mx\/filu\/wp-json\/wp\/v2\/posts"}],"about":[{"href":"https:\/\/www.uv.mx\/filu\/wp-json\/wp\/v2\/types\/post"}],"author":[{"embeddable":true,"href":"https:\/\/www.uv.mx\/filu\/wp-json\/wp\/v2\/users\/1795"}],"replies":[{"embeddable":true,"href":"https:\/\/www.uv.mx\/filu\/wp-json\/wp\/v2\/comments?post=4381"}],"version-history":[{"count":0,"href":"https:\/\/www.uv.mx\/filu\/wp-json\/wp\/v2\/posts\/4381\/revisions"}],"wp:attachment":[{"href":"https:\/\/www.uv.mx\/filu\/wp-json\/wp\/v2\/media?parent=4381"}],"wp:term":[{"taxonomy":"category","embeddable":true,"href":"https:\/\/www.uv.mx\/filu\/wp-json\/wp\/v2\/categories?post=4381"},{"taxonomy":"post_tag","embeddable":true,"href":"https:\/\/www.uv.mx\/filu\/wp-json\/wp\/v2\/tags?post=4381"}],"curies":[{"name":"wp","href":"https:\/\/api.w.org\/{rel}","templated":true}]}}