
{"id":4013,"date":"2017-05-01T00:05:13","date_gmt":"2017-05-01T05:05:13","guid":{"rendered":"https:\/\/www.uv.mx\/filu\/?p=4013"},"modified":"2017-05-01T00:14:30","modified_gmt":"2017-05-01T05:14:30","slug":"filu-2017-libro-escrito-en-colectivo-que-culmino-con-casi-35-mil-visitantes","status":"publish","type":"post","link":"https:\/\/www.uv.mx\/filu\/prensa\/filu-2017-libro-escrito-en-colectivo-que-culmino-con-casi-35-mil-visitantes\/","title":{"rendered":"FILU 2017, libro escrito en colectivo que culmin\u00f3 con casi 35 mil visitantes"},"content":{"rendered":"<p style=\"text-align: right\">Xalapa, Equez, domingo 30 de abril de 2017.<\/p>\n<p>&nbsp;<\/p>\n<p>&nbsp;<\/p>\n<div id='gallery-1' class='gallery galleryid-4013 gallery-columns-3 gallery-size-thumbnail'><figure class='gallery-item'>\n\t\t\t<div class='gallery-icon landscape'>\n\t\t\t\t<a href='https:\/\/www.uv.mx\/filu\/files\/2017\/05\/FILU-1-1.jpg'><img loading=\"lazy\" decoding=\"async\" width=\"150\" height=\"150\" src=\"https:\/\/www.uv.mx\/filu\/files\/2017\/05\/FILU-1-1-150x150.jpg\" class=\"attachment-thumbnail size-thumbnail\" alt=\"\" aria-describedby=\"gallery-1-4014\" \/><\/a>\n\t\t\t<\/div>\n\t\t\t\t<figcaption class='wp-caption-text gallery-caption' id='gallery-1-4014'>\n\t\t\t\tAutoridades universitarias,  encabezadas por Leticia Rodr\u00edguez Audirac, clausuraron la FILU 2017\n\t\t\t\t<\/figcaption><\/figure><figure class='gallery-item'>\n\t\t\t<div class='gallery-icon landscape'>\n\t\t\t\t<a href='https:\/\/www.uv.mx\/filu\/files\/2017\/05\/FILU-2-1.jpg'><img loading=\"lazy\" decoding=\"async\" width=\"150\" height=\"150\" src=\"https:\/\/www.uv.mx\/filu\/files\/2017\/05\/FILU-2-1-150x150.jpg\" class=\"attachment-thumbnail size-thumbnail\" alt=\"\" aria-describedby=\"gallery-1-4015\" \/><\/a>\n\t\t\t<\/div>\n\t\t\t\t<figcaption class='wp-caption-text gallery-caption' id='gallery-1-4015'>\n\t\t\t\tComunidad universitaria y p\u00fablico en general asisti\u00f3 a la clausura de la m\u00e1xima fiesta de las letras en Veracruz\n\t\t\t\t<\/figcaption><\/figure><figure class='gallery-item'>\n\t\t\t<div class='gallery-icon landscape'>\n\t\t\t\t<a href='https:\/\/www.uv.mx\/filu\/files\/2017\/05\/FILU-3-1.jpg'><img loading=\"lazy\" decoding=\"async\" width=\"150\" height=\"150\" src=\"https:\/\/www.uv.mx\/filu\/files\/2017\/05\/FILU-3-1-150x150.jpg\" class=\"attachment-thumbnail size-thumbnail\" alt=\"\" aria-describedby=\"gallery-1-4016\" \/><\/a>\n\t\t\t<\/div>\n\t\t\t\t<figcaption class='wp-caption-text gallery-caption' id='gallery-1-4016'>\n\t\t\t\tLa Orquesta de Salsa de la UV puso a bailar a los asistentes, al t\u00e9rmino de la FILU 2017\n\t\t\t\t<\/figcaption><\/figure><figure class='gallery-item'>\n\t\t\t<div class='gallery-icon landscape'>\n\t\t\t\t<a href='https:\/\/www.uv.mx\/filu\/files\/2017\/05\/FILU-4.jpg'><img loading=\"lazy\" decoding=\"async\" width=\"150\" height=\"150\" src=\"https:\/\/www.uv.mx\/filu\/files\/2017\/05\/FILU-4-150x150.jpg\" class=\"attachment-thumbnail size-thumbnail\" alt=\"\" aria-describedby=\"gallery-1-4017\" \/><\/a>\n\t\t\t<\/div>\n\t\t\t\t<figcaption class='wp-caption-text gallery-caption' id='gallery-1-4017'>\n\t\t\t\tLa agrupaci\u00f3n musical universitaria contagi\u00f3 de entusiasmo a los amantes de la salsa \n\t\t\t\t<\/figcaption><\/figure><figure class='gallery-item'>\n\t\t\t<div class='gallery-icon landscape'>\n\t\t\t\t<a href='https:\/\/www.uv.mx\/filu\/files\/2017\/05\/FILU-5.jpg'><img loading=\"lazy\" decoding=\"async\" width=\"150\" height=\"150\" src=\"https:\/\/www.uv.mx\/filu\/files\/2017\/05\/FILU-5-150x150.jpg\" class=\"attachment-thumbnail size-thumbnail\" alt=\"\" aria-describedby=\"gallery-1-4018\" \/><\/a>\n\t\t\t<\/div>\n\t\t\t\t<figcaption class='wp-caption-text gallery-caption' id='gallery-1-4018'>\n\t\t\t\tC\u00e9sar Silva, de la UNAM\n\t\t\t\t<\/figcaption><\/figure><figure class='gallery-item'>\n\t\t\t<div class='gallery-icon landscape'>\n\t\t\t\t<a href='https:\/\/www.uv.mx\/filu\/files\/2017\/05\/FILU-6.jpg'><img loading=\"lazy\" decoding=\"async\" width=\"150\" height=\"150\" src=\"https:\/\/www.uv.mx\/filu\/files\/2017\/05\/FILU-6-150x150.jpg\" class=\"attachment-thumbnail size-thumbnail\" alt=\"\" aria-describedby=\"gallery-1-4019\" \/><\/a>\n\t\t\t<\/div>\n\t\t\t\t<figcaption class='wp-caption-text gallery-caption' id='gallery-1-4019'>\n\t\t\t\tWilliam Hern\u00e1ndez Romero, del FCE \n\t\t\t\t<\/figcaption><\/figure>\n\t\t<\/div>\n\n<p>&nbsp;<\/p>\n<p>Claudia Peralta V\u00e1zquez y Karina de la Paz Reyes D\u00edaz<\/p>\n<p>&nbsp;<\/p>\n<p>Xalapa, Ver., 29\/04\/2017.- La historia de la XXIV Feria Internacional del Libro Universitario (FILU) de la Universidad Veracruzana (UV) fue escrita por las casi 35 mil personas que la visitaron durante los 10 d\u00edas que estuvo presente en el Complejo Deportivo Omega y la Galer\u00eda de la Facultad de Artes Pl\u00e1sticas, expres\u00f3 Leticia Rodr\u00edguez Audirac, secretaria acad\u00e9mica de esta casa de estudio al clausurar las actividades la noche del 30 de abril, en representaci\u00f3n de la rectora Sara Ladr\u00f3n de Guevara.<\/p>\n<p>La funcionaria universitaria estuvo acompa\u00f1ada del coordinador de la FILU, Rodolfo Mendoza Rosendo, y \u00c9dgar Garc\u00eda Valencia, titular de la Editorial UV, en el Foro \u201cSergio Galindo\u201d del Complejo Deportivo Omega, que luci\u00f3 abarrotado ya que previamente personalidades como el escritor Jorge Volpi y el periodista Diego Enrique Osorno presentaron sendos libros.<\/p>\n<p>En su mensaje, Leticia Rodriguez Audirac retom\u00f3 a los escritores Jorge Luis Borges y T. S. Eliot para enfatizar que la FILU es un gran libro que a\u00f1o con a\u00f1o se escribe en colectivo, con el cual se fomentan el conocimiento, la libertad, y seerradica el servilismo.<\/p>\n<p>\u201cLa FILU se ha convertido en una extensi\u00f3n de nuestra presencia universitaria, pero tambi\u00e9n de la realidad de nuestro pa\u00eds. Esa memoria que tiene algo m\u00e1s que imaginaci\u00f3n y esa felicidad que da la escritura individual o colectiva y que Jorge Luis Borges atribuy\u00f3 al libro; en este sentido, la FILU es un gran libro que todos estamos escribiendo a\u00f1o con a\u00f1o. No cesaremos, entonces, en la exploraci\u00f3n \u2013\u2013como nos sugiere el poeta T. S. Eliot\u2013, porque el conocimiento nos aparta de la sumisi\u00f3n y del servilismo, nos dignifica y nos hace libres\u201d.<\/p>\n<p>Asimismo, aclar\u00f3 que la lectura no tiene s\u00f3lo una funci\u00f3n recreativa, tambi\u00e9n es portadora de conocimiento. Es en ese sentido que \u201cla FILU juega un papel importante en la formaci\u00f3n integral de nuestros estudiantes, ya que no s\u00f3lo busca la formaci\u00f3n del h\u00e1bito lector, sino la formaci\u00f3n humanista\u201d.<\/p>\n<p>A prop\u00f3sito de ello destac\u00f3 que en esta edici\u00f3n el foro acad\u00e9mico se titul\u00f3 \u201cLas Humanidades en el siglo XXI. Tradici\u00f3n e innovaci\u00f3n\u201d, pues \u00e9stas han formado parte de la UV desde su fundaci\u00f3n.<\/p>\n<p>Rodr\u00edguez Audirac hizo un breve repaso de las diversas actividades que tuvieron cabida en esta fiesta editorial, como las entregas de la Medalla al M\u00e9rito UV a Marta Lamas, Edward L. Gibson y el Colectivo Solecito; la entrega del Premio La Ciencia y El Hombre, del Nacional de Dramaturgia \u201cEmilio Carballido\u201d y del Nacional al Estudiante Universitario. De \u00e9ste coment\u00f3 que las lecturas de los textos, por parte de los ganadores permitieron apreciar \u201cla conciencia cr\u00edtica ante la homofobia y las desapariciones de personas en Veracruz\u201d.<\/p>\n<p>Por todo ello: \u201cLa FILU fue un remanso en estos tiempos dif\u00edciles que vivimos. Es abierta, plural, diversa, cr\u00edtica, permite dialogar, es valiente\u201d.<\/p>\n<p>&nbsp;<\/p>\n<p><strong>Buenas ventas, a pesar de la crisis<\/strong><\/p>\n<p>Del 21 al 30 de abril la FILU 2017 ofreci\u00f3 m\u00e1s de 250 actividades para p\u00fablico de todas las edades y convoc\u00f3 a alrededor de 450 casas editoriales que vendieron m\u00e1s de 12 mil ejemplares, inform\u00f3 Rodolfo Mendoza Rosendo.<\/p>\n<p>David Oliva L\u00f3pez, de Ediciones El Naranjo, comparti\u00f3 que sus ventas fueron favorables y para muestra se\u00f1al\u00f3 los estantes que luc\u00edan casi vac\u00edos. \u201cTuvimos muy buenas ventas y casi todos quedaron encantados con las ilustraciones de las obras, que es lo que nos distingue, en general pienso que estuvo muy buena la feria.\u201d<\/p>\n<p>William Hern\u00e1ndez Romero, encargado del espacio del Fondo de Cultura Econ\u00f3mica (FCE), explic\u00f3 que las publicaciones tuvieron muy buena audiencia, sin embargo, fue notoria la crisis econ\u00f3mica que aqueja a la sociedad en general. A\u00fan as\u00ed, tuvieron ventas aceptables en libros de variadas disciplinas como filosof\u00eda, literatura y econom\u00eda.<\/p>\n<p>Cesar Silva, jefe de Ferias y Eventos Especiales de Fomento Editorial de la Universidad Nacional Aut\u00f3noma de M\u00e9xico (UNAM), destac\u00f3 la importancia de la FILU 2017 y la asistencia de p\u00fablico de todas las edades, pues esto es importante para la difusi\u00f3n de las obras que forman parte de su cat\u00e1logo. En cuanto a ventas, se\u00f1al\u00f3 que no han variado con relaci\u00f3n al a\u00f1o anterior,<\/p>\n<p>Luis Felipe Montiel, encargado del stand del pa\u00eds invitado, Estados Unidos , asegur\u00f3 que las ventas fueron buenas pese a las altas temperaturas que se registraron en la ciudad; afirm\u00f3 que las personas que asistieron se mostraron muy interesadas en los libros que expusieron.<\/p>\n<p>Mientras el p\u00fablico realizaba las \u00faltimas compras y en algunos stands ya eran selladas las cajas de libros, la Orquesta de Salsa de la UV ameniz\u00f3 el cierre de esta fiesta editorial que celebrar\u00e1 sus primeros 25 a\u00f1os en 2018. Adem\u00e1s, en el Teatro del Estado se desarroll\u00f3 el magno concierto de clausura, a cargo de la cantante Ximena Sari\u00f1ana e integrantes del Centro de Estudios del Jazz de la UV.<\/p>\n<p>&nbsp;<\/p>\n<p>&nbsp;<\/p>\n","protected":false},"excerpt":{"rendered":"<p>Xalapa, Equez, domingo 30 de abril de 2017. &nbsp; &nbsp; &nbsp; Claudia Peralta V\u00e1zquez y Karina de la Paz Reyes D\u00edaz &nbsp; Xalapa, Ver., 29\/04\/2017.- La historia de la XXIV Feria Internacional del Libro Universitario (FILU) de la Universidad Veracruzana (UV) fue escrita por las casi 35 mil personas que la visitaron durante los 10 [&hellip;]<\/p>\n","protected":false},"author":1795,"featured_media":4014,"comment_status":"closed","ping_status":"closed","sticky":false,"template":"","format":"standard","meta":{"footnotes":""},"categories":[8],"tags":[],"class_list":["post-4013","post","type-post","status-publish","format-standard","has-post-thumbnail","hentry","category-prensa"],"_links":{"self":[{"href":"https:\/\/www.uv.mx\/filu\/wp-json\/wp\/v2\/posts\/4013","targetHints":{"allow":["GET"]}}],"collection":[{"href":"https:\/\/www.uv.mx\/filu\/wp-json\/wp\/v2\/posts"}],"about":[{"href":"https:\/\/www.uv.mx\/filu\/wp-json\/wp\/v2\/types\/post"}],"author":[{"embeddable":true,"href":"https:\/\/www.uv.mx\/filu\/wp-json\/wp\/v2\/users\/1795"}],"replies":[{"embeddable":true,"href":"https:\/\/www.uv.mx\/filu\/wp-json\/wp\/v2\/comments?post=4013"}],"version-history":[{"count":0,"href":"https:\/\/www.uv.mx\/filu\/wp-json\/wp\/v2\/posts\/4013\/revisions"}],"wp:featuredmedia":[{"embeddable":true,"href":"https:\/\/www.uv.mx\/filu\/wp-json\/wp\/v2\/media\/4014"}],"wp:attachment":[{"href":"https:\/\/www.uv.mx\/filu\/wp-json\/wp\/v2\/media?parent=4013"}],"wp:term":[{"taxonomy":"category","embeddable":true,"href":"https:\/\/www.uv.mx\/filu\/wp-json\/wp\/v2\/categories?post=4013"},{"taxonomy":"post_tag","embeddable":true,"href":"https:\/\/www.uv.mx\/filu\/wp-json\/wp\/v2\/tags?post=4013"}],"curies":[{"name":"wp","href":"https:\/\/api.w.org\/{rel}","templated":true}]}}