
{"id":3992,"date":"2017-04-29T17:59:06","date_gmt":"2017-04-29T22:59:06","guid":{"rendered":"https:\/\/www.uv.mx\/filu\/?p=3992"},"modified":"2017-04-29T17:59:06","modified_gmt":"2017-04-29T22:59:06","slug":"relaciones-fraternas-e-igualitarias-acabaran-con-el-regimen-de-terror","status":"publish","type":"post","link":"https:\/\/www.uv.mx\/filu\/prensa\/relaciones-fraternas-e-igualitarias-acabaran-con-el-regimen-de-terror\/","title":{"rendered":"Relaciones fraternas e igualitarias  acabar\u00e1n con el r\u00e9gimen de terror"},"content":{"rendered":"<p style=\"text-align: right\">Xalapa, Equez, jueves 27 de abril de 2017.<\/p>\n<p><strong>\u00a0<\/strong><\/p>\n<ul>\n<li><em>Alejandro Solalinde present\u00f3 en la FILU 2017 su libro <\/em>El reino de Dios. Replanteamiento radical de la vida<\/li>\n<\/ul>\n<p>&nbsp;<\/p>\n<div id='gallery-1' class='gallery galleryid-3992 gallery-columns-3 gallery-size-thumbnail'><figure class='gallery-item'>\n\t\t\t<div class='gallery-icon landscape'>\n\t\t\t\t<a href='https:\/\/www.uv.mx\/filu\/files\/2017\/04\/10-El-reino-de-Dios-1.jpg'><img loading=\"lazy\" decoding=\"async\" width=\"150\" height=\"150\" src=\"https:\/\/www.uv.mx\/filu\/files\/2017\/04\/10-El-reino-de-Dios-1-150x150.jpg\" class=\"attachment-thumbnail size-thumbnail\" alt=\"\" aria-describedby=\"gallery-1-3966\" \/><\/a>\n\t\t\t<\/div>\n\t\t\t\t<figcaption class='wp-caption-text gallery-caption' id='gallery-1-3966'>\n\t\t\t\tAlejandro Solalinde, acompa\u00f1ado del padre Juli\u00e1n y Zulma Amador, en la presentaci\u00f3n del libro\n\t\t\t\t<\/figcaption><\/figure><figure class='gallery-item'>\n\t\t\t<div class='gallery-icon landscape'>\n\t\t\t\t<a href='https:\/\/www.uv.mx\/filu\/files\/2017\/04\/10-El-reino-de-Dios-2.jpg'><img loading=\"lazy\" decoding=\"async\" width=\"150\" height=\"150\" src=\"https:\/\/www.uv.mx\/filu\/files\/2017\/04\/10-El-reino-de-Dios-2-150x150.jpg\" class=\"attachment-thumbnail size-thumbnail\" alt=\"\" aria-describedby=\"gallery-1-3968\" \/><\/a>\n\t\t\t<\/div>\n\t\t\t\t<figcaption class='wp-caption-text gallery-caption' id='gallery-1-3968'>\n\t\t\t\tAlejandro Solalinde, acompa\u00f1ado del padre Juli\u00e1n y Zulma Amador, en la presentaci\u00f3n del libro\n\t\t\t\t<\/figcaption><\/figure><figure class='gallery-item'>\n\t\t\t<div class='gallery-icon landscape'>\n\t\t\t\t<a href='https:\/\/www.uv.mx\/filu\/files\/2017\/04\/10-El-reino-de-Dios-3.jpg'><img loading=\"lazy\" decoding=\"async\" width=\"150\" height=\"150\" src=\"https:\/\/www.uv.mx\/filu\/files\/2017\/04\/10-El-reino-de-Dios-3-150x150.jpg\" class=\"attachment-thumbnail size-thumbnail\" alt=\"\" aria-describedby=\"gallery-1-3967\" \/><\/a>\n\t\t\t<\/div>\n\t\t\t\t<figcaption class='wp-caption-text gallery-caption' id='gallery-1-3967'>\n\t\t\t\tEl Foro \u201cSergio Galindo\u201d luci\u00f3 completamente lleno durante la presentaci\u00f3n del libro del padre Solalinde\n\t\t\t\t<\/figcaption><\/figure>\n\t\t<\/div>\n\n<p>&nbsp;<\/p>\n<p><strong><em>Paola Cort\u00e9s P\u00e9rez<\/em><\/strong><\/p>\n<p>&nbsp;<\/p>\n<p>El padre Alejandro Solalinde dijo que las relaciones fraternas, igualitarias e incluyentes entre los seres, como las impulsadas por Jes\u00fas en el siglo I en el pueblo de Israel, son necesarias para acabar con este r\u00e9gimen de terror y miedo, durante la presentaci\u00f3n de su libro <em>El reino de Dios. Replanteamiento radical de la vida<\/em>, en el marco de la Feria Internacional del Libro Universitario (FILU) 2017.<\/p>\n<p>En el evento, realizado el mi\u00e9rcoles 26 de abril en el Foro \u201cSergio Galindo\u201d del Complejo Deportivo Omega, participaron el padre Juli\u00e1n Andr\u00e9s Ver\u00f3nica, de la Di\u00f3cesis de C\u00f3rdoba, y Zulma Amador Rodr\u00edguez, profesora-investigadora de la Coordinaci\u00f3n Universitaria para la Sustentabilidad (<em>CoSustenta<\/em>) de la UV.<\/p>\n<p>Esta actividad fue organizada por el Programa \u201cDi\u00e1logos interdisciplinarios por la paz\u201d, impulsado por las direcciones generales de Difusi\u00f3n Cultural y de Desarrollo Acad\u00e9mico e Innovaci\u00f3n Educativa de esta casa de estudio.<\/p>\n<p>Ante un foro completamente lleno, Alejandro Solalinde coment\u00f3 que al joven Jes\u00fas le toc\u00f3 vivir en un mundo que no difiere mucho del actual, hoy en d\u00eda hay elementos parecidos de esa \u00e9poca pero en circunstancias distintas: el ser humano es desplazado, hay una idolatr\u00eda del dinero, hay un pa\u00eds que es considerado la primera potencia \u2013como si fuera un imperio\u2013, entonces, es momento de replantear todo el esquema y el sistema.<\/p>\n<p>En este escenario actual, sostuvo que la idea del Dios oficial ya no sirve y tampoco la noci\u00f3n de Cristo sin el reino de Dios, as\u00ed que es necesario entender que debemos deconstruir para empezar a reconstruir nuevas relaciones interpersonales, plante\u00f3.<\/p>\n<p>\u201cToda la vida, el joven Jes\u00fas investig\u00f3, rastre\u00f3 la verdad, tom\u00f3 el camino distante de los prejuicios, del sentido com\u00fan de su pueblo y de sus creencias. Se replante\u00f3 todo. Jes\u00fas vio todo sin ego\u00edsmo, ustedes y yo nunca podremos tener esos lentes sin ego\u00edsmo, siempre veremos el mundo desde la condici\u00f3n del ego\u00edsmo y del pecado.\u201d<\/p>\n<p>En este libro, dijo, plantea que Jes\u00fas revolucion\u00f3 las relaciones interpersonales, llev\u00f3 a cabo una revoluci\u00f3n que cuestion\u00f3 todo; se pregunt\u00f3 sobre el valor del ser humano y lo puso en el centro como lo m\u00e1s sagrado.<\/p>\n<p>\u201cCuestiona el machismo, genera la igualdad entre el hombre y la mujer; cuestiona y denuncia los sistemas, los prejuicios, las etiquetas, hizo pedazos esos principios que manten\u00eda cerrado al pueblo de Israel en el siglo I.\u201d<\/p>\n<p>En resumen, explic\u00f3, Jes\u00fas busc\u00f3 establecer relaciones igualitarias, fraternas e incluyentes entre los seres humanos.<\/p>\n<p>Reiter\u00f3 que vivimos en un mundo donde hay una gran adicci\u00f3n al poder y al dinero, ejemplo de ello son los malos mandatarios que han ocasionado la desgracia en Veracruz y en el pa\u00eds, al abrir las puertas al crimen organizado porque no se sacian con nada, son adictos al poder y al dinero.<\/p>\n<p>Luego, pregunt\u00f3 a los asistentes, \u00bfqui\u00e9n tendr\u00e1 la culpa?, \u00bfellos que se han servido con la cuchara grande, que metieron al crimen organizado, que han sembrado un gobierno de terror y han ocultado informaci\u00f3n?, \u00bfo nosotros que nos hemos dejado, que hemos aceptado el r\u00e9gimen de miedo y hemos callado?<\/p>\n<p>\u201cEstos gobiernos no ser\u00edan posibles si las sociedades no estuvieran desinformadas, fueran inconscientes, cobardes y agachonas. As\u00ed no fue Jes\u00fas\u201d, respondi\u00f3.<\/p>\n<p>\u201cSer\u00eda justo que teniendo un ejemplo como Jes\u00fas, el que podemos leer en los evangelios, seguir ignor\u00e1ndola o agarr\u00e1ndonos de una versi\u00f3n oficial o hollywoodense; si es as\u00ed, entonces no cambiaremos nada, seguiremos con m\u00e1s de lo mismo, en este r\u00e9gimen de terror que nos acabar\u00e1 la vida\u201d, concluy\u00f3.<\/p>\n<p>Con relaci\u00f3n a la Iglesia Cat\u00f3lica, opin\u00f3 que pese a tener una estructura de feudos y no aceptar la predicaci\u00f3n itinerante, nunca ha pensado en renunciar a ella, ni en los peores momentos por los que ha atravesado la iglesia.<\/p>\n<p>En tanto, el padre Juli\u00e1n Andr\u00e9s Ver\u00f3nica, quien coordina la Pastoral Social y de Migrantes de la Di\u00f3cesis de C\u00f3rdoba y de la Provincia Eclesi\u00e1stica de Xalapa, dijo que este libro es una interesante propuesta, por tres razones: toma el tema del reino de Dios no s\u00f3lo como una nueva lectura del evangelio, sino como una nueva y arriesgada propuesta de vida cristina; traduce de manera novedosa la esencia del reino de Dios, en t\u00e9rminos de la relaci\u00f3n interpersonal; y ve que esta propuesta es algo que nace de su experiencia y compromiso con Dios, sus hermanos y la naturaleza.<\/p>\n<p>\u201cConsider\u00f3 que estamos ante un cambio de paradigma en la manera de entender la vivencia actual del evangelio de Jes\u00fas. El reino de Dios deber\u00eda ser un tema insoslayable hoy en d\u00eda, por eso este ensayo se ofrece no s\u00f3lo a la iglesia tambi\u00e9n a la sociedad, como un esfuerzo de replantear todo, la fe, la misi\u00f3n, la comunidad, las relaciones, mal ecolog\u00eda, el compromiso militante pol\u00edtico, etc\u00e9tera.<\/p>\n<p>\u201dTrabajar en la recuperaci\u00f3n de la esperanza en un mundo desconfiado como \u00e9ste, no es una especie de pasatiempo al que podamos dedicarnos los cristianos, dicha tarea forma parte de nuestra condici\u00f3n como testigos del evangelio, sabemos que el reino de Dios se har\u00e1 realidad en esta tierra y en estos tiempos.\u201d<\/p>\n<p>Por \u00faltimo, Zulma Amador extern\u00f3 que el libro es pertinente y relevante en estos tiempos tan adversos, de impunidad sin precedentes, de guerra y violencia sist\u00e9mica.<\/p>\n<p>\u201cCelebramos la existencia de este ensayo, porque busca contribuir a la comprensi\u00f3n de estos tiempos de crisis a la luz, o quiz\u00e1 decir desde la luz del evangelio y sus ense\u00f1anzas.\u201d<\/p>\n<p>Dijo que es una propuesta de re-lectura del evangelio desde la revisi\u00f3n de lo que implicar\u00eda el reinado de Dios desde la tierra, \u00a0ejercicio que se inspira desde la teolog\u00eda latinoamericana que el padre Solalinde llama teolog\u00eda latinoamericana bas\u00edlica, la cual est\u00e1 comprometida con la justicia social y la humanidad.<\/p>\n<p>\u201cEl autor define el reino de Dios como una iniciativa divina gratuita de relaciones fraternas, igualitarias e incluyentes en las circunstancias que todas las personas compartimos, que es la existencia humana.<\/p>\n<p>\u201dTiene como fin la comuni\u00f3n plena entre Dios, sus hijas, sus hijos y entre ellos; tambi\u00e9n tiene como tarea hermanar a todo ser humano, hermanarse en la uni\u00f3n de la diversidad. El reino de Dios es tejido de relaciones entre personas, entre ellas y entre las personas y Dios\u201d, finaliz\u00f3.<\/p>\n<p>Cabe mencionar que el libro es de acceso gratuito, puede descargarse desde la p\u00e1gina <em>web<\/em> de la Universidad Aut\u00f3noma del Estado de M\u00e9xico, instituci\u00f3n que lo edit\u00f3.<\/p>\n","protected":false},"excerpt":{"rendered":"<p>Xalapa, Equez, jueves 27 de abril de 2017. \u00a0 Alejandro Solalinde present\u00f3 en la FILU 2017 su libro El reino de Dios. Replanteamiento radical de la vida &nbsp; &nbsp; Paola Cort\u00e9s P\u00e9rez &nbsp; El padre Alejandro Solalinde dijo que las relaciones fraternas, igualitarias e incluyentes entre los seres, como las impulsadas por Jes\u00fas en el [&hellip;]<\/p>\n","protected":false},"author":1795,"featured_media":3966,"comment_status":"closed","ping_status":"closed","sticky":false,"template":"","format":"standard","meta":{"footnotes":""},"categories":[8],"tags":[],"class_list":["post-3992","post","type-post","status-publish","format-standard","has-post-thumbnail","hentry","category-prensa"],"_links":{"self":[{"href":"https:\/\/www.uv.mx\/filu\/wp-json\/wp\/v2\/posts\/3992","targetHints":{"allow":["GET"]}}],"collection":[{"href":"https:\/\/www.uv.mx\/filu\/wp-json\/wp\/v2\/posts"}],"about":[{"href":"https:\/\/www.uv.mx\/filu\/wp-json\/wp\/v2\/types\/post"}],"author":[{"embeddable":true,"href":"https:\/\/www.uv.mx\/filu\/wp-json\/wp\/v2\/users\/1795"}],"replies":[{"embeddable":true,"href":"https:\/\/www.uv.mx\/filu\/wp-json\/wp\/v2\/comments?post=3992"}],"version-history":[{"count":0,"href":"https:\/\/www.uv.mx\/filu\/wp-json\/wp\/v2\/posts\/3992\/revisions"}],"wp:featuredmedia":[{"embeddable":true,"href":"https:\/\/www.uv.mx\/filu\/wp-json\/wp\/v2\/media\/3966"}],"wp:attachment":[{"href":"https:\/\/www.uv.mx\/filu\/wp-json\/wp\/v2\/media?parent=3992"}],"wp:term":[{"taxonomy":"category","embeddable":true,"href":"https:\/\/www.uv.mx\/filu\/wp-json\/wp\/v2\/categories?post=3992"},{"taxonomy":"post_tag","embeddable":true,"href":"https:\/\/www.uv.mx\/filu\/wp-json\/wp\/v2\/tags?post=3992"}],"curies":[{"name":"wp","href":"https:\/\/api.w.org\/{rel}","templated":true}]}}