{"id":1335,"date":"2020-02-20T09:21:45","date_gmt":"2020-02-20T15:21:45","guid":{"rendered":"https:\/\/www.uv.mx\/cocodi\/?p=1335"},"modified":"2022-10-03T13:51:51","modified_gmt":"2022-10-03T18:51:51","slug":"capacitacion-en-control-interno-y-administracion-de-riesgos-en-la-region-veracruz","status":"publish","type":"post","link":"https:\/\/www.uv.mx\/cocodi\/general\/capacitacion-en-control-interno-y-administracion-de-riesgos-en-la-region-veracruz\/","title":{"rendered":"Capacitaci\u00f3n en Control interno y administraci\u00f3n de riesgos en la Regi\u00f3n Veracruz"},"content":{"rendered":"<p>El pasado 10 de febrero se imparti\u00f3 el curso sobre Control interno y Administraci\u00f3n de Riesgos en la Regi\u00f3n Veracruz con el prop\u00f3sito de fortalecer el ambiente de control interno en la instituci\u00f3n, aportar a los asistentes elementos para promover la consecuci\u00f3n de los objetivos y metas institucionales, minimizar los riesgos relacionados con actos de corrupci\u00f3n, fraudes y la integraci\u00f3n de las tecnolog\u00edas de informaci\u00f3n a los procesos institucionales. Asimismo, respaldar la integridad y el comportamiento \u00e9tico de los servidores p\u00fablicos, consolidar los procesos de rendici\u00f3n de cuentas y de transparencia, con la finalidad de contribuir al logro de los objetivos y metas institucionales.<\/p>\n<p><img loading=\"lazy\" decoding=\"async\" src=\"https:\/\/www.uv.mx\/cocodi\/files\/2020\/02\/Foto-1-1024x624.jpg\" alt=\"\" width=\"1024\" height=\"624\" class=\"aligncenter size-large wp-image-1340\" srcset=\"https:\/\/www.uv.mx\/cocodi\/files\/2020\/02\/Foto-1-1024x624.jpg 1024w, https:\/\/www.uv.mx\/cocodi\/files\/2020\/02\/Foto-1-300x183.jpg 300w, https:\/\/www.uv.mx\/cocodi\/files\/2020\/02\/Foto-1-768x468.jpg 768w, https:\/\/www.uv.mx\/cocodi\/files\/2020\/02\/Foto-1-1536x937.jpg 1536w, https:\/\/www.uv.mx\/cocodi\/files\/2020\/02\/Foto-1-2048x1249.jpg 2048w\" sizes=\"auto, (max-width: 1024px) 100vw, 1024px\" \/><br \/>\nEl mismo fue impartido por Javier Contreras Mart\u00edn, quien tiene vasta experiencia en Sistemas de Control Interno y Desempe\u00f1o Institucional. El objetivo principal del curso fue que los participantes identificaran los elementos te\u00f3ricos sobre Control Interno, las Normas Generales, la responsabilidad de los servidores p\u00fablicos en el Marco Integrado de Control Interno y los antecedentes sobe la administraci\u00f3n de riesgos.<\/p>\n<p><img loading=\"lazy\" decoding=\"async\" src=\"https:\/\/www.uv.mx\/cocodi\/files\/2020\/02\/Foto-21-1024x717.jpg\" alt=\"\" width=\"1024\" height=\"717\" class=\"aligncenter size-large wp-image-1338\" srcset=\"https:\/\/www.uv.mx\/cocodi\/files\/2020\/02\/Foto-21-1024x717.jpg 1024w, https:\/\/www.uv.mx\/cocodi\/files\/2020\/02\/Foto-21-300x210.jpg 300w, https:\/\/www.uv.mx\/cocodi\/files\/2020\/02\/Foto-21-768x538.jpg 768w, https:\/\/www.uv.mx\/cocodi\/files\/2020\/02\/Foto-21-1536x1075.jpg 1536w, https:\/\/www.uv.mx\/cocodi\/files\/2020\/02\/Foto-21-2048x1434.jpg 2048w\" sizes=\"auto, (max-width: 1024px) 100vw, 1024px\" \/><\/p>\n<p>Siendo este curso, el primero de un programa de capacitaci\u00f3n que se llevar\u00e1 a cabo en todas las regiones. Se tuvo la participaci\u00f3n de 163 asistentes entre los cuales se encontraban el Vice-Rector, Secretarios Regionales, Directores, Secretarios de Facultad y Mandos medios y superiores, as\u00ed como administradores o personal que en el ejercicio de sus funciones maneja recursos.<\/p>\n<p>Adicionalmente, la Dra. Laura Mart\u00ednez M\u00e1rquez, Directora de Planeaci\u00f3n Institucional y Coordinadora del Grupo de trabajo de control Interno del COCODI, expuso los avances que la Universidad Veracruzana tiene en la materia, as\u00ed como el Programa de Trabajo Integral para el Control Interno y Desarrollo Institucional 2019 \u2013 2021 de la Universidad Veracruzana.<\/p>\n<p><img loading=\"lazy\" decoding=\"async\" src=\"https:\/\/www.uv.mx\/cocodi\/files\/2020\/02\/Foto-3-1024x735.jpg\" alt=\"\" width=\"1024\" height=\"735\" class=\"aligncenter size-large wp-image-1341\" srcset=\"https:\/\/www.uv.mx\/cocodi\/files\/2020\/02\/Foto-3-1024x735.jpg 1024w, https:\/\/www.uv.mx\/cocodi\/files\/2020\/02\/Foto-3-300x215.jpg 300w, https:\/\/www.uv.mx\/cocodi\/files\/2020\/02\/Foto-3-768x551.jpg 768w, https:\/\/www.uv.mx\/cocodi\/files\/2020\/02\/Foto-3-1536x1103.jpg 1536w, https:\/\/www.uv.mx\/cocodi\/files\/2020\/02\/Foto-3-2048x1471.jpg 2048w\" sizes=\"auto, (max-width: 1024px) 100vw, 1024px\" \/><\/p>\n","protected":false},"excerpt":{"rendered":"<p>El pasado 10 de febrero se imparti\u00f3 el curso sobre Control interno y Administraci\u00f3n de Riesgos en la Regi\u00f3n Veracruz con el prop\u00f3sito de fortalecer el ambiente de control interno en la instituci\u00f3n, aportar a los asistentes elementos para promover la consecuci\u00f3n de los objetivos y metas institucionales, minimizar los riesgos relacionados con actos de<a class=\"read-more\" href=\"https:\/\/www.uv.mx\/cocodi\/general\/capacitacion-en-control-interno-y-administracion-de-riesgos-en-la-region-veracruz\/\">LEER M\u00c1S&#8230;<\/a><\/p>\n","protected":false},"author":1577,"featured_media":1344,"comment_status":"closed","ping_status":"closed","sticky":false,"template":"","format":"standard","meta":{"footnotes":""},"categories":[1],"tags":[],"class_list":["post-1335","post","type-post","status-publish","format-standard","has-post-thumbnail","hentry","category-general"],"_links":{"self":[{"href":"https:\/\/www.uv.mx\/cocodi\/wp-json\/wp\/v2\/posts\/1335","targetHints":{"allow":["GET"]}}],"collection":[{"href":"https:\/\/www.uv.mx\/cocodi\/wp-json\/wp\/v2\/posts"}],"about":[{"href":"https:\/\/www.uv.mx\/cocodi\/wp-json\/wp\/v2\/types\/post"}],"author":[{"embeddable":true,"href":"https:\/\/www.uv.mx\/cocodi\/wp-json\/wp\/v2\/users\/1577"}],"replies":[{"embeddable":true,"href":"https:\/\/www.uv.mx\/cocodi\/wp-json\/wp\/v2\/comments?post=1335"}],"version-history":[{"count":1,"href":"https:\/\/www.uv.mx\/cocodi\/wp-json\/wp\/v2\/posts\/1335\/revisions"}],"predecessor-version":[{"id":1593,"href":"https:\/\/www.uv.mx\/cocodi\/wp-json\/wp\/v2\/posts\/1335\/revisions\/1593"}],"wp:featuredmedia":[{"embeddable":true,"href":"https:\/\/www.uv.mx\/cocodi\/wp-json\/wp\/v2\/media\/1344"}],"wp:attachment":[{"href":"https:\/\/www.uv.mx\/cocodi\/wp-json\/wp\/v2\/media?parent=1335"}],"wp:term":[{"taxonomy":"category","embeddable":true,"href":"https:\/\/www.uv.mx\/cocodi\/wp-json\/wp\/v2\/categories?post=1335"},{"taxonomy":"post_tag","embeddable":true,"href":"https:\/\/www.uv.mx\/cocodi\/wp-json\/wp\/v2\/tags?post=1335"}],"curies":[{"name":"wp","href":"https:\/\/api.w.org\/{rel}","templated":true}]}}