{"id":4741,"date":"2023-08-09T20:46:58","date_gmt":"2023-08-10T01:46:58","guid":{"rendered":"https:\/\/www.uv.mx\/coatza\/fispa\/?p=4741"},"modified":"2023-08-17T18:23:44","modified_gmt":"2023-08-17T23:23:44","slug":"conoce-tu-universidad-2023","status":"publish","type":"post","link":"https:\/\/www.uv.mx\/coatza\/fispa\/conoce-tu-universidad\/conoce-tu-universidad-2023\/","title":{"rendered":"Conoce tu universidad 2023"},"content":{"rendered":"<h1 style=\"text-align: center\"><a href=\"https:\/\/www.uv.mx\/coatza\/fispa\/files\/2023\/08\/01-CTU-Marcos-para-fotografias-para-Redes-Sociales_RGB-Lis.png\"><img loading=\"lazy\" decoding=\"async\" class=\" wp-image-4743 aligncenter\" src=\"https:\/\/www.uv.mx\/coatza\/fispa\/files\/2023\/08\/01-CTU-Marcos-para-fotografias-para-Redes-Sociales_RGB-Lis-300x68.png\" alt=\"\" width=\"565\" height=\"128\" srcset=\"https:\/\/www.uv.mx\/coatza\/fispa\/files\/2023\/08\/01-CTU-Marcos-para-fotografias-para-Redes-Sociales_RGB-Lis-300x68.png 300w, https:\/\/www.uv.mx\/coatza\/fispa\/files\/2023\/08\/01-CTU-Marcos-para-fotografias-para-Redes-Sociales_RGB-Lis-1024x231.png 1024w, https:\/\/www.uv.mx\/coatza\/fispa\/files\/2023\/08\/01-CTU-Marcos-para-fotografias-para-Redes-Sociales_RGB-Lis-768x173.png 768w, https:\/\/www.uv.mx\/coatza\/fispa\/files\/2023\/08\/01-CTU-Marcos-para-fotografias-para-Redes-Sociales_RGB-Lis-1536x346.png 1536w, https:\/\/www.uv.mx\/coatza\/fispa\/files\/2023\/08\/01-CTU-Marcos-para-fotografias-para-Redes-Sociales_RGB-Lis-2048x461.png 2048w\" sizes=\"auto, (max-width: 565px) 100vw, 565px\" \/><\/a>Ingenier\u00eda en Sistemas de Producci\u00f3n Agropecuaria<\/h1>\n<h3 style=\"text-align: center\">Programa modalidad escolarizado <a href=\"https:\/\/www.uv.mx\/coatza\/fispa\/files\/2023\/08\/Programa-general-escolarizado.pdf\" target=\"_blank\" rel=\"noopener\">Consultar aqu\u00ed<\/a><\/h3>\n<h3 style=\"text-align: center\">Programa General modalidad a distancia<\/h3>\n<h1>Personal acad\u00e9mico por modalidad<\/h1>\n<ul>\n<li><a href=\"https:\/\/www.uv.mx\/personaldoc\/personal-docente\/?dependencia=53501&amp;programa=14183\" target=\"_blank\" rel=\"noopener noreferrer\">Escolarizada<\/a><\/li>\n<li><a href=\"https:\/\/www.uv.mx\/personaldoc\/personal-docente\/?dependencia=53501&amp;programa=14383\" target=\"_blank\" rel=\"noopener noreferrer\">A distancia\u00a0<\/a><\/li>\n<\/ul>\n<h1>Estudiantes<\/h1>\n<ul>\n<li><a href=\"https:\/\/www.uv.mx\/coatza\/fispa\/files\/2020\/09\/estatutodelosalumnos2008.pdf\" target=\"_blank\" rel=\"noopener noreferrer\">Estatuto de los alumnos 2008<\/a><\/li>\n<li><a href=\"https:\/\/www.uv.mx\/estudiantes\/\" target=\"_blank\" rel=\"noopener noreferrer\">Portal de estudiantes<\/a><\/li>\n<li><a href=\"https:\/\/www.uv.mx\/estudiantes\/becas-y-estimulos\/\">Portal de becas<\/a><\/li>\n<li><a href=\"https:\/\/www.uv.mx\/escolar\/calendarios\/2023\/escolarizado.html\" target=\"_blank\" rel=\"noopener\">Calendario escolar<\/a><\/li>\n<li><a href=\"https:\/\/www.uv.mx\/prensa\/\" target=\"_blank\" rel=\"noopener noreferrer\">Sistema de noticias UV<\/a><\/li>\n<\/ul>\n<h1>Para estudiantes de modalidad escolarizado:<\/h1>\n<p>Solicitamos tu apoyo para responder el siguiente formulario que nos permitir\u00e1 conocer m\u00e1s sobre ti y sobre las habilidades con las que cuentas sobre el uso de las herramientas tecnol\u00f3gicas disponibles, accede al siguiente enlace:<\/p>\n<p><a href=\"https:\/\/forms.gle\/oCChfBTHbHZfHQ5i8\">https:\/\/forms.gle\/oCChfBTHbHZfHQ5i8<\/a><\/p>\n<h1>Plan de estudios<\/h1>\n<ul>\n<li><a href=\"https:\/\/www.uv.mx\/coatza\/fispa\/files\/2020\/09\/PRESENTACION-PLAN-DE-ESTUDIO-2020_web.pdf\" target=\"_blank\" rel=\"noopener noreferrer\">Estructura Plan de Estudios<\/a><\/li>\n<li><a href=\"https:\/\/youtu.be\/e9Ve5igOf9E\" target=\"_blank\" rel=\"noopener\">\u00c1rea de Formaci\u00f3n B\u00e1sica General\u00a0<\/a><\/li>\n<li><a href=\"https:\/\/www.uv.mx\/coatza\/fispa\/general\/ingenieria-en-sistemas-de-produccion-agropecuaria-programa-2015\/\" target=\"_blank\" rel=\"noopener noreferrer\">Programa de estudio FISPA<\/a><\/li>\n<li><a href=\"https:\/\/www.uv.mx\/afbg\/integracion-afbg\/\" target=\"_blank\" rel=\"noopener noreferrer\">\u00bfQu\u00e9 es el \u00c1rea de Formaci\u00f3n B\u00e1sica General?<\/a><\/li>\n<li><a href=\"https:\/\/www.uv.mx\/coatza\/fispa\/files\/2015\/09\/Reticula-8-periodos.pdf\" target=\"_blank\" rel=\"noopener noreferrer\">Reticula a cuatro a\u00f1os<\/a><\/li>\n<\/ul>\n<h1>Tutor\u00edas<\/h1>\n<ul>\n<li><a href=\"https:\/\/youtu.be\/8NcwXTr6NXE\" target=\"_blank\" rel=\"noopener noreferrer\">Tutor\u00eda Acad\u00e9mica\u00a0<\/a><\/li>\n<li><a href=\"https:\/\/youtu.be\/yzDb9sWBY1Q\" target=\"_blank\" rel=\"noopener noreferrer\">Tutor\u00eda Acad\u00e9mica en FISPA<\/a><\/li>\n<li>Sistema Institucional de tutori\u0301as 2021<\/li>\n<li><a href=\"https:\/\/www.uv.mx\/formacionintegral\/\" target=\"_blank\" rel=\"noopener noreferrer\">Departamento de Apoyo a la Formaci\u00f3n Integral del Estudiante<\/a><\/li>\n<\/ul>\n<h1><a href=\"https:\/\/www.uv.mx\/estudiantes\/apoyos\/servicios-tecnologicos\/\" target=\"_blank\" rel=\"noopener\">Servicios tecnol\u00f3gicos<\/a><\/h1>\n<ul>\n<li><a href=\"https:\/\/www.uv.mx\/estudiantes\/servicios-tecnologicos\/portal-miuv\/\" target=\"_blank\" rel=\"noopener\">Portal MiUV<\/a><\/li>\n<li><a href=\"https:\/\/www.uv.mx\/estudiantes\/servicios-tecnologicos\/colabora-365\/\" target=\"_blank\" rel=\"noopener\">Colabora 365<\/a><\/li>\n<li><a href=\"https:\/\/www.uv.mx\/coatza\/fispa\/files\/2020\/09\/Manual-MiUV.pdf\" target=\"_blank\" rel=\"noopener noreferrer\">Manual: Herramientas de comunicaci\u00f3n y socializaci\u00f3n electr\u00f3nica<\/a><\/li>\n<li><a href=\"https:\/\/eminus.uv.mx\/eminus4\/\" target=\"_blank\" rel=\"noopener noreferrer\">Eminus<\/a>\n<ul>\n<li><a href=\"https:\/\/youtu.be\/Bq5hHszKgoY\" target=\"_blank\" rel=\"noopener noreferrer\">\u00bfC\u00f3mo ingresar a eminus?<\/a><\/li>\n<li><a href=\"https:\/\/sway.office.com\/ieePIaPKfDblxJvc\" target=\"_blank\" rel=\"noopener noreferrer\">V\u00eddeo tutoriales del uso de eminus 4\u00a0<\/a><\/li>\n<\/ul>\n<\/li>\n<li><a href=\"https:\/\/www.uv.mx\/estudiantes\/servicios-tecnologicos\/correo-electronico-uv\/\" target=\"_blank\" rel=\"noopener\">Correo institucional<\/a><\/li>\n<\/ul>\n<h1>V\u00eddeos de sesiones virtuales<\/h1>\n<ul>\n<li><a href=\"https:\/\/uvmx-my.sharepoint.com\/:v:\/g\/personal\/kruiz_uv_mx\/EdMrnfnvOjhEvDdY8QVu2sQBmV5RYjf9__dASJl5wzUNTw?e=CLGSu3\" target=\"_blank\" rel=\"noopener\">Sesi\u00f3n del 14 de agosto de 2023<\/a><\/li>\n<li><a href=\"https:\/\/uvmx-my.sharepoint.com\/:v:\/g\/personal\/kruiz_uv_mx\/EQoqy6xK8sNMp7hvF0-wrtQB0IwYxGXVOs_Odh8ZzDFr2g?e=uJIIi1\" target=\"_blank\" rel=\"noopener\">Sesi\u00f3n del 15 de agosto de 2023<\/a><\/li>\n<li><a href=\"https:\/\/uvmx-my.sharepoint.com\/:v:\/g\/personal\/kruiz_uv_mx\/ETx_njX_fgtGtyxLJ0ZTmYwB9XDKNWLmu5ywAwqjaA5HaQ?e=nVArdd\" target=\"_blank\" rel=\"noopener\">Sesi\u00f3n del 16 de agosto de 2023<\/a><\/li>\n<li><a href=\"https:\/\/uvmx-my.sharepoint.com\/:v:\/g\/personal\/kruiz_uv_mx\/Eb5iFMAvVGtIotXhyg3NWLgB4UBmm0rPryPSub7nshFePw?e=IRWlLi\" target=\"_blank\" rel=\"noopener\">Sesi\u00f3n 17 de agosto de 2023<\/a><\/li>\n<\/ul>\n","protected":false},"excerpt":{"rendered":"<p>Ingenier\u00eda en Sistemas de Producci\u00f3n Agropecuaria Programa modalidad escolarizado Consultar aqu\u00ed Programa General modalidad a distancia Personal acad\u00e9mico por modalidad Escolarizada A distancia\u00a0 Estudiantes Estatuto de los alumnos 2008 Portal de estudiantes Portal de becas Calendario escolar Sistema de noticias UV Para estudiantes de modalidad escolarizado: Solicitamos tu apoyo para responder el siguiente formulario que [&hellip;]<\/p>\n","protected":false},"author":8,"featured_media":0,"comment_status":"closed","ping_status":"closed","sticky":false,"template":"","format":"standard","meta":{"ventana_nueva":"","tipo_url":"","url":"","extracto":"","imagen_halign":"","imagen_valign":"","bg_size":"","text_hide":"","media_url":"","tipo_media":"","video_url":"","video_pos":"","video_youtube":"","footnotes":""},"categories":[46],"tags":[],"class_list":["post-4741","post","type-post","status-publish","format-standard","hentry","category-conoce-tu-universidad"],"_links":{"self":[{"href":"https:\/\/www.uv.mx\/coatza\/fispa\/wp-json\/wp\/v2\/posts\/4741","targetHints":{"allow":["GET"]}}],"collection":[{"href":"https:\/\/www.uv.mx\/coatza\/fispa\/wp-json\/wp\/v2\/posts"}],"about":[{"href":"https:\/\/www.uv.mx\/coatza\/fispa\/wp-json\/wp\/v2\/types\/post"}],"author":[{"embeddable":true,"href":"https:\/\/www.uv.mx\/coatza\/fispa\/wp-json\/wp\/v2\/users\/8"}],"replies":[{"embeddable":true,"href":"https:\/\/www.uv.mx\/coatza\/fispa\/wp-json\/wp\/v2\/comments?post=4741"}],"version-history":[{"count":2,"href":"https:\/\/www.uv.mx\/coatza\/fispa\/wp-json\/wp\/v2\/posts\/4741\/revisions"}],"predecessor-version":[{"id":4768,"href":"https:\/\/www.uv.mx\/coatza\/fispa\/wp-json\/wp\/v2\/posts\/4741\/revisions\/4768"}],"wp:attachment":[{"href":"https:\/\/www.uv.mx\/coatza\/fispa\/wp-json\/wp\/v2\/media?parent=4741"}],"wp:term":[{"taxonomy":"category","embeddable":true,"href":"https:\/\/www.uv.mx\/coatza\/fispa\/wp-json\/wp\/v2\/categories?post=4741"},{"taxonomy":"post_tag","embeddable":true,"href":"https:\/\/www.uv.mx\/coatza\/fispa\/wp-json\/wp\/v2\/tags?post=4741"}],"curies":[{"name":"wp","href":"https:\/\/api.w.org\/{rel}","templated":true}]}}